{"id":424022,"date":"2025-09-28T15:28:11","date_gmt":"2025-09-28T15:28:11","guid":{"rendered":"https:\/\/www.europesays.com\/fr\/424022\/"},"modified":"2025-09-28T15:28:11","modified_gmt":"2025-09-28T15:28:11","slug":"pour-octobre-rose-une-action-coordonnee-contre-le-cancer-du-sein-a-saint-etienne-les-orgues","status":"publish","type":"post","link":"https:\/\/www.europesays.com\/fr\/424022\/","title":{"rendered":"Pour Octobre rose, une action coordonn\u00e9e contre le cancer du sein \u00e0 Saint-\u00c9tienne-les-Orgues"},"content":{"rendered":"<p>Le mois d&rsquo;octobre est le rendez-vous incontournable au niveau national et international, de\u00a0mobilisation contre le cancer du sein. <a href=\"https:\/\/www.laprovence.com\/article\/sante\/8880984483789114\/octobre-rose-1-femme-sur-2-dit-ne-pas-bien-connaitre-le-cancer-du-sein-selon-une-etude\" target=\"_blank\" rel=\"noopener\">Octobre rose<\/a> permet aux femmes &#8211; et aux hommes &#8211; d&rsquo;avoir une information \u00e9clair\u00e9e sur le d\u00e9pistage, la maladie, les traitements et les accompagnements. Il s&rsquo;agit \u00e9galement de sensibiliser plus g\u00e9n\u00e9ralement \u00e0 la lutte contre le cancer.<\/p>\n<p>Cette ann\u00e9e, la municipalit\u00e9 de <a href=\"https:\/\/www.laprovence.com\/alpes-de-haute-provence\/saint-etienne-les-orgues-04178\" target=\"_blank\" rel=\"noopener\">Saint-\u00c9tienne-les-Orgues<\/a> et la maison Action sant\u00e9 Lure se mobilisent pour cet \u00e9v\u00e9nement lors de l&rsquo;\u00e9v\u00e9nement Saint\u00e9 en Rose &#8211; \u00ab\u00a0Saint\u00e9\u00a0\u00bb en r\u00e9f\u00e9rence \u00e0 Saint-\u00c9tienne.<\/p>\n<p>Les commer\u00e7ants du village s&rsquo;associent \u00e9galement \u00e0 cette d\u00e9marche et participeront activement \u00e0 cet \u00e9v\u00e9nement dimanche 5 octobre 2025, de 9\u00a0h \u00e0 17 h, marqu\u00e9 par diverses manifestations.<\/p>\n<p>Apprendre l&rsquo;autopalpation<\/p>\n<p>Le programme de la journ\u00e9e propose de d\u00e9couvrir \u00e0 9\u00a0h\u00a030 le yoga Vinyasa (doux), puis \u00e0 10\u00a0h 30 la \u00ab\u00a0danse de Nia\u00a0\u00bb (le Nia s&rsquo;inspire de la danse, des arts martiaux et de la prise de conscience du corps). Ensuite, \u00e0 11\u00a0h 30, une conf\u00e9rence sur les \u00ab\u00a0hormones f\u00e9minines \u00e0 tout \u00e2ge\u00a0\u00bb sera propos\u00e9e, suivie par une nouvelle s\u00e9ance de yoga.<\/p>\n<p>Par ailleurs, des ateliers seront propos\u00e9s de 9\u00a0h \u00e0 17 h afin de <a href=\"https:\/\/www.laprovence.com\/article\/societe\/6155087858183215\/octobre-rose-pourquoi-il-est-crucial-de-depister-pour-mieux-soigner-le-cancer-du-sein\" target=\"_blank\" rel=\"noopener\">sensibiliser au d\u00e9pistage du cancer du sein<\/a>, pour apprendre notamment l&rsquo;autopalpation. Puis des ateliers portant sur \u00ab\u00a0l&rsquo;art th\u00e9rapeute\u00a0\u00bb, la r\u00e9flexologie et les massages seront propos\u00e9s.<\/p>\n<p>Il sera \u00e9galement possible de participer \u00e0 la Rando solidaire, \u00e0 pied, en marchant ou en courant, en v\u00e9lo, \u00e0 cheval ! Deux boucles sont propos\u00e9es au choix 5 ou 9 km. D\u00e9part\u00a0: 14 h \u00e0 la m\u00e9diath\u00e8que (inscription 20 \u20ac).\u00a0Sur place il y aura de la restauration, sal\u00e9e, sucr\u00e9e et des boissons.<\/p>\n","protected":false},"excerpt":{"rendered":"Le mois d&rsquo;octobre est le rendez-vous incontournable au niveau national et international, de\u00a0mobilisation contre le cancer du sein.&hellip;\n","protected":false},"author":2,"featured_media":424023,"comment_status":"","ping_status":"","sticky":false,"template":"","format":"standard","meta":{"footnotes":""},"categories":[9653],"tags":[17,631,1111,11,2430,1444,55315,1777,674,1011,27,12,7518,471,16,25,4940,4001,96],"class_list":{"0":"post-424022","1":"post","2":"type-post","3":"status-publish","4":"format-standard","5":"has-post-thumbnail","7":"category-saint-etienne","8":"tag-17","9":"tag-action","10":"tag-actu","11":"tag-actualites","12":"tag-auvergne-rhone-alpes","13":"tag-contre","14":"tag-coordonnee","15":"tag-eu","16":"tag-europe","17":"tag-fr","18":"tag-france","19":"tag-news","20":"tag-octobre","21":"tag-pour","22":"tag-region","23":"tag-republique-francaise","24":"tag-rose","25":"tag-saint-etienne","26":"tag-une"},"share_on_mastodon":{"url":"https:\/\/pubeurope.com\/@fr\/115282634715361564","error":""},"_links":{"self":[{"href":"https:\/\/www.europesays.com\/fr\/wp-json\/wp\/v2\/posts\/424022","targetHints":{"allow":["GET"]}}],"collection":[{"href":"https:\/\/www.europesays.com\/fr\/wp-json\/wp\/v2\/posts"}],"about":[{"href":"https:\/\/www.europesays.com\/fr\/wp-json\/wp\/v2\/types\/post"}],"author":[{"embeddable":true,"href":"https:\/\/www.europesays.com\/fr\/wp-json\/wp\/v2\/users\/2"}],"replies":[{"embeddable":true,"href":"https:\/\/www.europesays.com\/fr\/wp-json\/wp\/v2\/comments?post=424022"}],"version-history":[{"count":0,"href":"https:\/\/www.europesays.com\/fr\/wp-json\/wp\/v2\/posts\/424022\/revisions"}],"wp:featuredmedia":[{"embeddable":true,"href":"https:\/\/www.europesays.com\/fr\/wp-json\/wp\/v2\/media\/424023"}],"wp:attachment":[{"href":"https:\/\/www.europesays.com\/fr\/wp-json\/wp\/v2\/media?parent=424022"}],"wp:term":[{"taxonomy":"category","embeddable":true,"href":"https:\/\/www.europesays.com\/fr\/wp-json\/wp\/v2\/categories?post=424022"},{"taxonomy":"post_tag","embeddable":true,"href":"https:\/\/www.europesays.com\/fr\/wp-json\/wp\/v2\/tags?post=424022"}],"curies":[{"name":"wp","href":"https:\/\/api.w.org\/{rel}","templated":true}]}}