{"id":424024,"date":"2025-09-28T15:29:28","date_gmt":"2025-09-28T15:29:28","guid":{"rendered":"https:\/\/www.europesays.com\/fr\/424024\/"},"modified":"2025-09-28T15:29:28","modified_gmt":"2025-09-28T15:29:28","slug":"crehange-le-musee-lorrain-met-en-lumiere-le-maitre-sculpteur-albert-popp-le-4-octobre-a-creanto","status":"publish","type":"post","link":"https:\/\/www.europesays.com\/fr\/424024\/","title":{"rendered":"Cr\u00e9hange. Le Mus\u00e9e lorrain met en lumi\u00e8re le ma\u00eetre sculpteur Albert Popp le 4\u00a0octobre \u00e0 Cr\u00e9anto"},"content":{"rendered":"<p>N\u00e9 en 1882 \u00e0 Stuttgart, <a href=\"https:\/\/www.republicain-lorrain.fr\/culture-loisirs\/2024\/04\/09\/tout-savoir-sur-la-vie-et-l-oeuvre-d-albert-popp-maitre-sculpteur\" target=\"_blank\" rel=\"noopener\">Albert Popp<\/a> n\u2019\u00e9tait pas \u00e0 une carri\u00e8re artistique. Pourtant, son talent pr\u00e9coce de dessinateur et de modeleur l\u2019oriente vers la sculpture. Il fait ses premi\u00e8res armes sur de grands chantiers en Allemagne avant de rejoindre la ville de Metz, alors int\u00e9gr\u00e9e au Reichsland Elsass-Lothringen. Dans la cit\u00e9 messine, il participe \u00e0 des projets d\u2019envergure\u00a0: les fontaines de l\u2019Esplanade, la cath\u00e9drale ou encore la gare imp\u00e9riale.<\/p>\n<p>Ce contenu est bloqu\u00e9 car vous n&rsquo;avez pas accept\u00e9 les cookies et autres traceurs.<\/p>\n<p>En cliquant sur \u00ab J\u2019accepte \u00bb, les cookies et autres traceurs seront d\u00e9pos\u00e9s et vous pourrez visualiser les contenus  (<a href=\"\" class=\"consentModule_policy\" target=\"_blank\" title=\"Consulter la politique de protection des donn\u00e9es du fournisseur\">plus d&rsquo;informations<\/a>).<\/p>\n<p>En cliquant sur \u00ab J\u2019accepte tous les cookies \u00bb, vous autorisez des d\u00e9p\u00f4ts de cookies et autres traceurs pour le stockage de vos donn\u00e9es sur nos sites et applications \u00e0 des fins de personnalisation et de ciblage publicitaire.<\/p>\n<p class=\"consentModule_secondaryText\">Vous gardez la possibilit\u00e9 de retirer votre consentement \u00e0 tout moment en consultant notre <a href=\"https:\/\/www.republicain-lorrain.fr\/protection-des-donnees\" target=\"_blank\" title=\"Consulter notre politique de protection des donn\u00e9es\" rel=\"noopener\">politique de protection des donn\u00e9es<\/a>. <br \/>&#13;<br \/>\n            <a href=\"https:\/\/www.republicain-lorrain.fr\/culture-loisirs\/2025\/09\/28\/javascript:Didomi.notice.show()\" class=\"consentModule_cmp\" target=\"_blank\" rel=\"noopener\">G\u00e9rer mes choix<\/a>&#13;\n        <\/p>\n<p>&#13;<br \/>\n                        J&rsquo;accepte&#13;<br \/>\n            J&rsquo;accepte tous les cookies&#13;\n        <\/p>\n<p>Son mariage, en 1908, avec \u00c9lisabeth Hauser, fille d\u2019un laboureur de Cr\u00e9hange, le conduit \u00e0 s\u2019installer durablement dans ce village proche de Faulquemont. Son atelier y restera actif plus de quarante ans.<\/p>\n<p>  Un ma\u00eetre du fun\u00e9raire et du monumental<\/p>\n<p>\u00c0 Cr\u00e9hange et dans les environs, Albert Popp acquiert rapidement une solide r\u00e9putation. Ses grands anges sculpt\u00e9s et ses st\u00e8les, d\u2019une grande finesse, s\u00e9duisent les familles endeuill\u00e9es comme les municipalit\u00e9s. Monuments aux morts, calvaires, restaurations\u00a0: ses r\u00e9alisations ponctuent encore les cimeti\u00e8res et les espaces publics de Moselle.<\/p>\n<p>Mais son existence est aussi marqu\u00e9e par la trag\u00e9die. La Seconde Guerre mondiale lui arrache plusieurs proches. Apr\u00e8s 1945, les modes \u00e9voluent\u00a0: l\u2019art fun\u00e9raire s\u2019oriente vers les pierres polies, rel\u00e9guant les sculptures figuratives. Rompu au dur labeur quotidien, Albert Popp terminera sa vie \u00e0 produire des tombes en terrazzo.<\/p>\n<p>La red\u00e9couverte du travail de cet artiste oubli\u00e9 est l\u2019occasion de mettre l\u2019accent sur la qualit\u00e9 du patrimoine fun\u00e9raire mosellan\u00a0: chaque monument sculpt\u00e9 est une \u0153uvre d\u2019art unique qui \u00e9voque la m\u00e9moire intime et \u00e9ph\u00e9m\u00e8re des g\u00e9n\u00e9rations pass\u00e9es.<\/p>\n<p>Ce contenu est bloqu\u00e9 car vous n&rsquo;avez pas accept\u00e9 les cookies et autres traceurs.<\/p>\n<p>En cliquant sur \u00ab J\u2019accepte \u00bb, les cookies et autres traceurs seront d\u00e9pos\u00e9s et vous pourrez visualiser les contenus  (<a href=\"\" class=\"consentModule_policy\" target=\"_blank\" title=\"Consulter la politique de protection des donn\u00e9es du fournisseur\">plus d&rsquo;informations<\/a>).<\/p>\n<p>En cliquant sur \u00ab J\u2019accepte tous les cookies \u00bb, vous autorisez des d\u00e9p\u00f4ts de cookies et autres traceurs pour le stockage de vos donn\u00e9es sur nos sites et applications \u00e0 des fins de personnalisation et de ciblage publicitaire.<\/p>\n<p class=\"consentModule_secondaryText\">Vous gardez la possibilit\u00e9 de retirer votre consentement \u00e0 tout moment en consultant notre <a href=\"https:\/\/www.republicain-lorrain.fr\/protection-des-donnees\" target=\"_blank\" title=\"Consulter notre politique de protection des donn\u00e9es\" rel=\"noopener\">politique de protection des donn\u00e9es<\/a>. <br \/>&#13;<br \/>\n            <a href=\"https:\/\/www.republicain-lorrain.fr\/culture-loisirs\/2025\/09\/28\/javascript:Didomi.notice.show()\" class=\"consentModule_cmp\" target=\"_blank\" rel=\"noopener\">G\u00e9rer mes choix<\/a>&#13;\n        <\/p>\n<p>&#13;<br \/>\n                        J&rsquo;accepte&#13;<br \/>\n            J&rsquo;accepte tous les cookies&#13;\n        <\/p>\n<p>L\u2019\u00e9v\u00e9nement s\u2019inscrit dans une nouvelle \u00e9dition du cycle Le Mus\u00e9e sort de son palais, port\u00e9e par le Palais des ducs de Lorraine-mus\u00e9e lorrain, le Comit\u00e9 d\u2019Histoire R\u00e9gionale et la Soci\u00e9t\u00e9 Histoire et Patrimoine du District urbain de Faulquemont.<\/p>\n<p>  Un programme en deux temps<\/p>\n<p>Samedi 4\u00a0octobre, \u00e0 14\u00a0h\u00a030, conf\u00e9rences au centre culturel Cr\u00e9anto\u00a0: Albert Popp, ma\u00eetre sculpteur \u00e0 Cr\u00e9hange par Jean-Michel Lang, chercheur en patrimoine religieux et St\u00e9phane Beck, pr\u00e9sident de la Soci\u00e9t\u00e9 Histoire et Patrimoine du District Urbain de Faulquemont et Un sculpteur aux influences fran\u00e7aises et allemandes par Richard Dagorne, directeur du Palais des ducs de Lorraine-Mus\u00e9e lorrain, suivies d\u2019une visite sur les traces de l\u2019artiste \u00e0 l\u2019\u00e9glise et au cimeti\u00e8re de Cr\u00e9hange.<\/p>\n","protected":false},"excerpt":{"rendered":"N\u00e9 en 1882 \u00e0 Stuttgart, Albert Popp n\u2019\u00e9tait pas \u00e0 une carri\u00e8re artistique. Pourtant, son talent pr\u00e9coce de&hellip;\n","protected":false},"author":2,"featured_media":424025,"comment_status":"","ping_status":"","sticky":false,"template":"","format":"standard","meta":{"footnotes":""},"categories":[9635],"tags":[1111,11,53973,55316,1687,15835,1777,674,1011,27,775,1702,12,2661,25],"class_list":{"0":"post-424024","1":"post","2":"type-post","3":"status-publish","4":"format-standard","5":"has-post-thumbnail","7":"category-nancy","8":"tag-actu","9":"tag-actualites","10":"tag-cc-du-district-urbain-de-faulquemont-duf-57e","11":"tag-crehange","12":"tag-culture-loisirs","13":"tag-edition-saint-avold-creutzwald","14":"tag-eu","15":"tag-europe","16":"tag-fr","17":"tag-france","18":"tag-grand-est","19":"tag-nancy","20":"tag-news","21":"tag-patrimoine-culturel","22":"tag-republique-francaise"},"share_on_mastodon":{"url":"https:\/\/pubeurope.com\/@fr\/115282638566348798","error":""},"_links":{"self":[{"href":"https:\/\/www.europesays.com\/fr\/wp-json\/wp\/v2\/posts\/424024","targetHints":{"allow":["GET"]}}],"collection":[{"href":"https:\/\/www.europesays.com\/fr\/wp-json\/wp\/v2\/posts"}],"about":[{"href":"https:\/\/www.europesays.com\/fr\/wp-json\/wp\/v2\/types\/post"}],"author":[{"embeddable":true,"href":"https:\/\/www.europesays.com\/fr\/wp-json\/wp\/v2\/users\/2"}],"replies":[{"embeddable":true,"href":"https:\/\/www.europesays.com\/fr\/wp-json\/wp\/v2\/comments?post=424024"}],"version-history":[{"count":0,"href":"https:\/\/www.europesays.com\/fr\/wp-json\/wp\/v2\/posts\/424024\/revisions"}],"wp:featuredmedia":[{"embeddable":true,"href":"https:\/\/www.europesays.com\/fr\/wp-json\/wp\/v2\/media\/424025"}],"wp:attachment":[{"href":"https:\/\/www.europesays.com\/fr\/wp-json\/wp\/v2\/media?parent=424024"}],"wp:term":[{"taxonomy":"category","embeddable":true,"href":"https:\/\/www.europesays.com\/fr\/wp-json\/wp\/v2\/categories?post=424024"},{"taxonomy":"post_tag","embeddable":true,"href":"https:\/\/www.europesays.com\/fr\/wp-json\/wp\/v2\/tags?post=424024"}],"curies":[{"name":"wp","href":"https:\/\/api.w.org\/{rel}","templated":true}]}}