{"id":424026,"date":"2025-09-28T15:30:19","date_gmt":"2025-09-28T15:30:19","guid":{"rendered":"https:\/\/www.europesays.com\/fr\/424026\/"},"modified":"2025-09-28T15:30:19","modified_gmt":"2025-09-28T15:30:19","slug":"dimitri-jozwicki-au-pied-du-podium-a-new-delhi","status":"publish","type":"post","link":"https:\/\/www.europesays.com\/fr\/424026\/","title":{"rendered":"Dimitri Jozwicki au pied du podium \u00e0 New Delhi"},"content":{"rendered":"<p>Lors des championnats du monde de para-athl\u00e9tisme, le sprinteur nanc\u00e9ien, Dimitri Jozwicki a \u00e9chou\u00e9 d\u2019un rien en finale\u00a0du 100 m\u00e8tres pour d\u00e9crocher sa premi\u00e8re m\u00e9daille internationale.\u00a0Cinqui\u00e8me des Mondiaux de Charl\u00e9ty (2023) et des J.O. de Paris sur cette distance, rappelons qu\u2019il poss\u00e8de un record en 10\u2019\u201999. <\/p>\n<p>Mais malgr\u00e9 une bonne s\u00e9rie ce samedi o\u00f9 il a termin\u00e9 deuxi\u00e8me en 11\u2019\u2019 derri\u00e8re l\u2019Am\u00e9ricain Jaydin Blackwell, il s\u2019est montr\u00e9 finalement un peu en retrait des cadors, ce dimanche, lors de la grande finale. C\u2019est \u00e0 l\u2019arriv\u00e9e ce m\u00eame Am\u00e9ricain qui a d\u00e9croch\u00e9 la m\u00e9daille d\u2019or en 10\u2019\u201970 juste devant Ryan Medrano (10\u2019\u201990). Et c\u2019est finalement pour neuf centi\u00e8mes que le Nanc\u00e9ien a \u00e9chou\u00e9 \u00e0 monter sur le podium en 11\u2019\u201907. En effet, c\u2019est le Britannique Thomas Young, en 10\u2019\u201998, qui s\u2019est offert le bronze.<\/p>\n","protected":false},"excerpt":{"rendered":"Lors des championnats du monde de para-athl\u00e9tisme, le sprinteur nanc\u00e9ien, Dimitri Jozwicki a \u00e9chou\u00e9 d\u2019un rien en finale\u00a0du&hellip;\n","protected":false},"author":2,"featured_media":424027,"comment_status":"","ping_status":"","sticky":false,"template":"","format":"standard","meta":{"footnotes":""},"categories":[9635],"tags":[1111,11,4132,1704,1777,674,1011,27,775,8471,1702,1703,12,25,517,1700],"class_list":{"0":"post-424026","1":"post","2":"type-post","3":"status-publish","4":"format-standard","5":"has-post-thumbnail","7":"category-nancy","8":"tag-actu","9":"tag-actualites","10":"tag-athletisme","11":"tag-edition-nancy-et-agglomeration","12":"tag-eu","13":"tag-europe","14":"tag-fr","15":"tag-france","16":"tag-grand-est","17":"tag-handisport","18":"tag-nancy","19":"tag-nancy-ville-54b","20":"tag-news","21":"tag-republique-francaise","22":"tag-sport","23":"tag-sport-lorrain"},"share_on_mastodon":{"url":"https:\/\/pubeurope.com\/@fr\/115282642472588330","error":""},"_links":{"self":[{"href":"https:\/\/www.europesays.com\/fr\/wp-json\/wp\/v2\/posts\/424026","targetHints":{"allow":["GET"]}}],"collection":[{"href":"https:\/\/www.europesays.com\/fr\/wp-json\/wp\/v2\/posts"}],"about":[{"href":"https:\/\/www.europesays.com\/fr\/wp-json\/wp\/v2\/types\/post"}],"author":[{"embeddable":true,"href":"https:\/\/www.europesays.com\/fr\/wp-json\/wp\/v2\/users\/2"}],"replies":[{"embeddable":true,"href":"https:\/\/www.europesays.com\/fr\/wp-json\/wp\/v2\/comments?post=424026"}],"version-history":[{"count":0,"href":"https:\/\/www.europesays.com\/fr\/wp-json\/wp\/v2\/posts\/424026\/revisions"}],"wp:featuredmedia":[{"embeddable":true,"href":"https:\/\/www.europesays.com\/fr\/wp-json\/wp\/v2\/media\/424027"}],"wp:attachment":[{"href":"https:\/\/www.europesays.com\/fr\/wp-json\/wp\/v2\/media?parent=424026"}],"wp:term":[{"taxonomy":"category","embeddable":true,"href":"https:\/\/www.europesays.com\/fr\/wp-json\/wp\/v2\/categories?post=424026"},{"taxonomy":"post_tag","embeddable":true,"href":"https:\/\/www.europesays.com\/fr\/wp-json\/wp\/v2\/tags?post=424026"}],"curies":[{"name":"wp","href":"https:\/\/api.w.org\/{rel}","templated":true}]}}