{"id":424036,"date":"2025-09-28T15:35:09","date_gmt":"2025-09-28T15:35:09","guid":{"rendered":"https:\/\/www.europesays.com\/fr\/424036\/"},"modified":"2025-09-28T15:35:09","modified_gmt":"2025-09-28T15:35:09","slug":"une-semaine-chargee-en-actualites-a-rouen","status":"publish","type":"post","link":"https:\/\/www.europesays.com\/fr\/424036\/","title":{"rendered":"une semaine charg\u00e9e en actualit\u00e9s \u00e0 Rouen"},"content":{"rendered":"<p>            Par<br \/>\n        <strong><br \/>\n            <a href=\"https:\/\/actu.fr\/auteur\/thomas-rideau\" title=\"Consulter tous les articles de Thomas Rideau\" rel=\"nofollow noopener\" target=\"_blank\">Thomas Rideau<\/a><br \/>\n        <\/strong><\/p>\n<p>        Publi\u00e9 le<\/p>\n<p>            28 sept. 2025 \u00e0 17h09        <\/p>\n<p>La semaine a \u00e9t\u00e9 particuli\u00e8rement charg\u00e9e en actualit\u00e9s \u00e0 <a href=\"https:\/\/actu.fr\/normandie\/rouen_76540\" rel=\"nofollow noopener\" target=\"_blank\">Rouen (Seine-Maritime)<\/a>. Des audiences au tribunal, <strong>des invasions de rat<\/strong>, mais aussi l\u2019anniversaire de l\u2019incendie de Lubrizol\u2026 Et si vous n\u2019avez rien suivi, <strong>pas de panique<\/strong>, voici notre r\u00e9cap\u2019 de l\u2019actu du 22 septembre au 28 septembre 2025.<\/p>\n<p>Les infos de la semaine<\/p>\n<p class=\"expresso-item wall-content\"><a title=\"Lire l&#039;article\" href=\"https:\/\/actu.fr\/normandie\/rouen_76540\/six-ans-apres-l-incendie-de-rouen-des-elements-decisifs-pour-enfin-accelerer-la-procedure-contre-lubrizol_63211349.html\" rel=\"nofollow noopener\" target=\"_blank\"><strong>Six ans apr\u00e8s l\u2019incendie de Rouen, des \u00e9l\u00e9ments d\u00e9cisifs pour enfin acc\u00e9l\u00e9rer la proc\u00e9dure contre Lubrizol ?<\/strong><\/a><br \/>Six ans apr\u00e8s l\u2019incendie \u00e0 Rouen, de nouveaux \u00e9l\u00e9ments ont \u00e9t\u00e9 r\u00e9v\u00e9l\u00e9s par des militants du climat. Peuvent-ils faire acc\u00e9l\u00e9rer la proc\u00e9dure en justice \u00e0 l\u2019encontre de Lubrizol ?<\/p>\n<p class=\"expresso-item wall-content\"><a title=\"Lire l&#039;article\" href=\"https:\/\/actu.fr\/normandie\/rouen_76540\/c-est-de-la-manipulation-charles-maarek-l-ancien-president-du-fc-rouen-condamne-par-le-tribunal_63216541.html\" rel=\"nofollow noopener\" target=\"_blank\"><strong>\u00ab\u2009C\u2019est de la manipulation \u00bb : Charles Maarek, l\u2019ancien pr\u00e9sident du FC Rouen, condamn\u00e9 par le tribunal<\/strong><\/a><br \/>Pr\u00e9sident du FC Rouen entre 2022 et 2024, Charles Maarek \u00e9tait renvoy\u00e9 devant le tribunal pour abus de biens sociaux et escroquerie. Il a \u00e9t\u00e9 condamn\u00e9 \u00e0 10 mois de prison.<\/p>\n<p class=\"expresso-item wall-content\"><a title=\"Lire l&#039;article\" href=\"https:\/\/actu.fr\/normandie\/rouen_76540\/marine-caron-candidate-aux-municipales-2026-a-rouen-nous-allons-creer-la-plus-belle-des-surprises_63214752.html\" rel=\"nofollow noopener\" target=\"_blank\"><strong>Marine Caron candidate aux municipales 2026 \u00e0 Rouen : \u00ab\u00a0Nous allons cr\u00e9er la plus belle des surprises\u00a0\u00bb<\/strong><\/a><br \/>Marine Caron (Horizons) a officiellement d\u00e9clar\u00e9 sa candidature aux \u00e9lections municipales \u00e0 Rouen (Seine-Maritime) jeudi 25 septembre 2025, dans son nouveau local de campagne.<\/p>\n<p class=\"expresso-item wall-content\"><a title=\"Lire l&#039;article\" href=\"https:\/\/actu.fr\/normandie\/rouen_76540\/il-nous-a-empeches-de-vivre-le-loyer-des-commerces-est-il-trop-eleve-dans-le-centre-ville-rouen_63198088.html\" rel=\"nofollow noopener\" target=\"_blank\"><strong>\u00ab Il nous a emp\u00each\u00e9s de vivre \u00bb : le loyer des commerces est-il trop \u00e9lev\u00e9 dans le centre-ville Rouen ?<\/strong><\/a><br \/>Le loyer des commerces est-il trop important \u00e0 Rouen (Seine-Maritime) ? Un d\u00e9bat sensible dans le plus grand centre commercial de Normandie.<\/p>\n<p class=\"expresso-item wall-content\"><a title=\"Lire l&#039;article\" href=\"https:\/\/actu.fr\/normandie\/rouen_76540\/on-est-sur-de-l-acharnement-trois-individus-lynchent-un-homme-seul-et-le-laissent-pour-mort-a-rouen_63199658.html\" rel=\"nofollow noopener\" target=\"_blank\"><strong>\u00ab\u2009On est sur de l\u2019acharnement \u00bb : trois individus lynchent un homme seul et le laissent pour mort \u00e0 Rouen<\/strong><\/a><br \/>Trois hommes ont \u00e9t\u00e9 jug\u00e9s au tribunal de Rouen (Seine-Maritime) pour avoir lynch\u00e9 un autre homme seul \u00e0 terre dans le quartier Pasteur au mois d\u2019ao\u00fbt 2025.<\/p>\n<p class=\"expresso-item wall-content\"><a title=\"Lire l&#039;article\" href=\"https:\/\/actu.fr\/normandie\/rouen_76540\/on-est-a-court-de-solutions-des-proprietaires-de-rouen-demunis-face-a-une-invasion-de-rats_63197521.html\" rel=\"nofollow noopener\" target=\"_blank\"><strong>\u00ab On est \u00e0 court de solutions \u00bb : des propri\u00e9taires de Rouen d\u00e9munis face \u00e0 une invasion de rats<\/strong><\/a><br \/>Dans la rue de Fontenelle \u00e0 Rouen, au moins deux immeubles sont confront\u00e9s \u00e0 une invasion de rats. La faute, selon certains, \u00e0 des n\u00e9gligences d\u2019un propri\u00e9taire. Explications.<\/p>\n<p class=\"expresso-item wall-content\"><a title=\"Lire l&#039;article\" href=\"https:\/\/actu.fr\/normandie\/rouen_76540\/a-rouen-un-osteopathe-animalier-a-t-il-mis-en-danger-les-etres-qu-il-a-manipules_63181634.html\" rel=\"nofollow noopener\" target=\"_blank\"><strong>\u00c0 Rouen, un ost\u00e9opathe animalier a-t-il mis en danger \u00ab\u2009les \u00eatres qu\u2019il a manipul\u00e9s \u00bb ?<\/strong><\/a><br \/>Un ancien ost\u00e9opathe animalier a comparu devant le tribunal judiciaire de Rouen pour pratique ill\u00e9gale de la m\u00e9decine v\u00e9t\u00e9rinaire. Une audience qui a donn\u00e9 lieu \u00e0 un vaste d\u00e9bat.<\/p>\n<p>Les bons plans<\/p>\n<p class=\"expresso-item wall-content\"><a title=\"Lire l&#039;article\" href=\"https:\/\/actu.fr\/normandie\/rouen_76540\/manger-a-moins-de-10-euros-a-rouen-voici-10-adresses-pour-se-faire-plaisir-sans-se-ruiner_63208526.html\" rel=\"nofollow noopener\" target=\"_blank\"><strong>Manger \u00e0 moins de 10 euros \u00e0 Rouen ? Voici 10 adresses pour se faire plaisir sans se ruiner<\/strong><\/a><br \/>Est-ce toujours possible de manger un plat dans un restaurant du centre-ville de Rouen pour moins de 10 euros ? Voici 10 adresses pour bien manger sans trop se ruiner.<\/p>\n<p class=\"expresso-item wall-content\"><a title=\"Lire l&#039;article\" href=\"https:\/\/actu.fr\/normandie\/rouen_76540\/pourquoi-des-qr-codes-ont-ete-placardes-sur-des-statues-a-rouen-ces-derniers-jours_63218355.html\" rel=\"nofollow noopener\" target=\"_blank\"><strong>Pourquoi des QR codes ont \u00e9t\u00e9 placard\u00e9s sur des statues \u00e0 Rouen ces derniers jours ?<\/strong><\/a><br \/>Des QR codes sont apparus sur des statues de Rouen (Seine-Maritime), au cours du mois de septembre 2025. Pourquoi ont-ils \u00e9t\u00e9 pos\u00e9s l\u00e0 et vers quoi renvoient ils ?<\/p>\n<p class=\"expresso-item wall-content\"><a title=\"Lire l&#039;article\" href=\"https:\/\/actu.fr\/normandie\/rouen_76540\/avec-le-bistro-saigon-thang-mai-nam-veut-faire-voyager-au-vietnam-le-temps-d-un-repas-a-rouen_63189616.html\" rel=\"nofollow noopener\" target=\"_blank\"><strong>Avec le Bistro Sa\u00efgon, Thang Mai Nam veut faire \u00ab voyager au Vietnam le temps d\u2019un repas \u00bb \u00e0 Rouen<\/strong><\/a><br \/>Le Bakoua, restaurant Antillais mythique de Rouen a trouv\u00e9 un repreneur. Le nouvel \u00e9tablissement fera aussi voyager. Cette fois-ci, direction le Vietnam. D\u00e9tails.<\/p>\n<p class=\"expresso-item wall-content\"><a title=\"Lire l&#039;article\" href=\"https:\/\/actu.fr\/normandie\/rouen_76540\/voici-l-enseigne-qui-va-remplacer-le-chalet-ferme-depuis-deux-ans-au-centre-saint-sever-de-rouen_63212995.html\" rel=\"nofollow noopener\" target=\"_blank\"><strong>Voici l\u2019enseigne qui va remplacer Le Chalet, ferm\u00e9 depuis deux ans, au centre Saint-Sever de Rouen<\/strong><\/a><br \/>La case commerciale laiss\u00e9e vide par la fermeture du restaurant Le Chalet, au centre Saint-Sever de Rouen (Seine-Maritime), a enfin trouv\u00e9 un successeur.<\/p>\n<p>Suivez l\u2019actualit\u00e9 de Rouen <a href=\"https:\/\/www.whatsapp.com\/channel\/0029VaKfnf99hXF2ddApFB1D\" rel=\"nofollow noopener\" target=\"_blank\">sur notre cha\u00eene WhatsApp<\/a> et <a href=\"https:\/\/www.tiktok.com\/@76actu.fr?lang=fr\" rel=\"nofollow noopener\" target=\"_blank\">sur notre compte TikTok<\/a><\/p>\n<p class=\" wall-content\">Personnalisez votre actualit\u00e9 en ajoutant vos villes et m\u00e9dias en favori avec <a href=\"https:\/\/moncompte.actu.fr\" title=\"D\u00e9couvez Mon Actu\" rel=\"nofollow noopener\" data-trk=\"{&quot;cta&quot;:{&quot;action&quot;:&quot;https:\\\/\\\/moncompte.actu.fr&quot;,&quot;category&quot;:&quot;mon compte&quot;,&quot;from&quot;:&quot;article footer&quot;,&quot;name&quot;:&quot;Mon actu&quot;,&quot;type&quot;:&quot;cta&quot;}}\" target=\"_blank\">Mon Actu<\/a>.<\/p>\n<p>                    <script async src=\"\/\/www.tiktok.com\/embed.js\"><\/script><\/p>\n","protected":false},"excerpt":{"rendered":"Par Thomas Rideau Publi\u00e9 le 28 sept. 2025 \u00e0 17h09 La semaine a \u00e9t\u00e9 particuli\u00e8rement charg\u00e9e en actualit\u00e9s&hellip;\n","protected":false},"author":2,"featured_media":424037,"comment_status":"","ping_status":"","sticky":false,"template":"","format":"standard","meta":{"footnotes":""},"categories":[9587],"tags":[1111,11,9086,1777,674,1011,27,303,1652,12,5161,25,9590],"class_list":{"0":"post-424036","1":"post","2":"type-post","3":"status-publish","4":"format-standard","5":"has-post-thumbnail","7":"category-rouen","8":"tag-actu","9":"tag-actualites","10":"tag-bon-plan-a-rouen","11":"tag-eu","12":"tag-europe","13":"tag-fr","14":"tag-france","15":"tag-justice","16":"tag-loisirs-culture","17":"tag-news","18":"tag-normandie","19":"tag-republique-francaise","20":"tag-rouen"},"share_on_mastodon":{"url":"https:\/\/pubeurope.com\/@fr\/115282662194069145","error":""},"_links":{"self":[{"href":"https:\/\/www.europesays.com\/fr\/wp-json\/wp\/v2\/posts\/424036","targetHints":{"allow":["GET"]}}],"collection":[{"href":"https:\/\/www.europesays.com\/fr\/wp-json\/wp\/v2\/posts"}],"about":[{"href":"https:\/\/www.europesays.com\/fr\/wp-json\/wp\/v2\/types\/post"}],"author":[{"embeddable":true,"href":"https:\/\/www.europesays.com\/fr\/wp-json\/wp\/v2\/users\/2"}],"replies":[{"embeddable":true,"href":"https:\/\/www.europesays.com\/fr\/wp-json\/wp\/v2\/comments?post=424036"}],"version-history":[{"count":0,"href":"https:\/\/www.europesays.com\/fr\/wp-json\/wp\/v2\/posts\/424036\/revisions"}],"wp:featuredmedia":[{"embeddable":true,"href":"https:\/\/www.europesays.com\/fr\/wp-json\/wp\/v2\/media\/424037"}],"wp:attachment":[{"href":"https:\/\/www.europesays.com\/fr\/wp-json\/wp\/v2\/media?parent=424036"}],"wp:term":[{"taxonomy":"category","embeddable":true,"href":"https:\/\/www.europesays.com\/fr\/wp-json\/wp\/v2\/categories?post=424036"},{"taxonomy":"post_tag","embeddable":true,"href":"https:\/\/www.europesays.com\/fr\/wp-json\/wp\/v2\/tags?post=424036"}],"curies":[{"name":"wp","href":"https:\/\/api.w.org\/{rel}","templated":true}]}}