{"id":424046,"date":"2025-09-28T15:43:12","date_gmt":"2025-09-28T15:43:12","guid":{"rendered":"https:\/\/www.europesays.com\/fr\/424046\/"},"modified":"2025-09-28T15:43:12","modified_gmt":"2025-09-28T15:43:12","slug":"un-peu-plus-de-700-personnes-a-strasbourg-guebwiller-et-colmar","status":"publish","type":"post","link":"https:\/\/www.europesays.com\/fr\/424046\/","title":{"rendered":"un peu plus de 700 personnes \u00e0 Strasbourg, Guebwiller et Colmar"},"content":{"rendered":"<p>La \u00ab marche des r\u00e9sistances \u00bb qui se d\u00e9clinait ce dimanche 28 septembre dans 72 villes en France a r\u00e9uni plus de 700 personnes en Alsace. Avec pour mots d\u2019ordre : climat, justice et libert\u00e9.<\/p>\n<p>\u00c0 l\u2019invitation de plusieurs associations, ce sont une quarantaine de personnes <a href=\"https:\/\/www.dna.fr\/faits-divers-justice\/2025\/09\/28\/faible-mobilisation-pour-le-climat-et-la-justice\" target=\"_blank\" rel=\"noopener\">qui se sont rassembl\u00e9es dimanche matin place Rapp \u00e0 Colmar<\/a>.<\/p>\n<p>Une convergence des luttes qui, \u00e0 Strasbourg, a mobilis\u00e9 ce dimanche apr\u00e8s-midi quasiment 400 personnes &#8211; 470 selon les organisateurs &#8211; qui ont d\u00e9fil\u00e9 entre la place Kl\u00e9ber et la place de la R\u00e9publique.<\/p>\n<p>Enfin, \u00e0 Guebwiller, le fort engagement associatif a permis de r\u00e9unir ce dimanche apr\u00e8s-midi 300 personnes \u00e9galement.<\/p>\n","protected":false},"excerpt":{"rendered":"La \u00ab marche des r\u00e9sistances \u00bb qui se d\u00e9clinait ce dimanche 28 septembre dans 72 villes en France&hellip;\n","protected":false},"author":2,"featured_media":424047,"comment_status":"","ping_status":"","sticky":false,"template":"","format":"standard","meta":{"footnotes":""},"categories":[2820],"tags":[1111,11,2389,2649,5065,2413,2880,436,1777,674,274,107,1011,27,775,55294,12,25,640],"class_list":{"0":"post-424046","1":"post","2":"type-post","3":"status-publish","4":"format-standard","5":"has-post-thumbnail","7":"category-strasbourg","8":"tag-actu","9":"tag-actualites","10":"tag-alsace","11":"tag-bas-rhin","12":"tag-colmar","13":"tag-edition-colmar-guebwiller","14":"tag-edition-strasbourg","15":"tag-environnement","16":"tag-eu","17":"tag-europe","18":"tag-faits-divers-justice","19":"tag-fil-info","20":"tag-fr","21":"tag-france","22":"tag-grand-est","23":"tag-guebwiller","24":"tag-news","25":"tag-republique-francaise","26":"tag-strasbourg"},"share_on_mastodon":{"url":"https:\/\/pubeurope.com\/@fr\/115282693628252824","error":""},"_links":{"self":[{"href":"https:\/\/www.europesays.com\/fr\/wp-json\/wp\/v2\/posts\/424046","targetHints":{"allow":["GET"]}}],"collection":[{"href":"https:\/\/www.europesays.com\/fr\/wp-json\/wp\/v2\/posts"}],"about":[{"href":"https:\/\/www.europesays.com\/fr\/wp-json\/wp\/v2\/types\/post"}],"author":[{"embeddable":true,"href":"https:\/\/www.europesays.com\/fr\/wp-json\/wp\/v2\/users\/2"}],"replies":[{"embeddable":true,"href":"https:\/\/www.europesays.com\/fr\/wp-json\/wp\/v2\/comments?post=424046"}],"version-history":[{"count":0,"href":"https:\/\/www.europesays.com\/fr\/wp-json\/wp\/v2\/posts\/424046\/revisions"}],"wp:featuredmedia":[{"embeddable":true,"href":"https:\/\/www.europesays.com\/fr\/wp-json\/wp\/v2\/media\/424047"}],"wp:attachment":[{"href":"https:\/\/www.europesays.com\/fr\/wp-json\/wp\/v2\/media?parent=424046"}],"wp:term":[{"taxonomy":"category","embeddable":true,"href":"https:\/\/www.europesays.com\/fr\/wp-json\/wp\/v2\/categories?post=424046"},{"taxonomy":"post_tag","embeddable":true,"href":"https:\/\/www.europesays.com\/fr\/wp-json\/wp\/v2\/tags?post=424046"}],"curies":[{"name":"wp","href":"https:\/\/api.w.org\/{rel}","templated":true}]}}