{"id":424057,"date":"2025-09-28T15:49:09","date_gmt":"2025-09-28T15:49:09","guid":{"rendered":"https:\/\/www.europesays.com\/fr\/424057\/"},"modified":"2025-09-28T15:49:09","modified_gmt":"2025-09-28T15:49:09","slug":"football-d3f-bordeaux-brille-a-domicile","status":"publish","type":"post","link":"https:\/\/www.europesays.com\/fr\/424057\/","title":{"rendered":"Football (D3F). Bordeaux brille \u00e0 domicile"},"content":{"rendered":"<p>Ce sont des Girondines aux deux visages qui ont remport\u00e9 ce dimanche leur premier succ\u00e8s de la saison \u00e0 domicile face au Puy (2-0). En effet, les prot\u00e9g\u00e9es de Hugo Suarez ont connu deux p\u00e9riodes diam\u00e9tralement oppos\u00e9es dont 45 premi\u00e8res minutes \u00e0 l\u2019avantage des visiteuses. C\u2019est d\u2019ailleurs les Auvergnates qui se procuraient les plus franches occasions notamment par l\u2019interm\u00e9diaire de Camille Grael (3e, 6e). Le premier tir cadr\u00e9 de Bordeaux intervenait \u00e0 la demi-heure de jeu par Guellil (30e).<\/p>\n<p>Au retour des vestiaires, les Marine et Blanc acc\u00e9l\u00e9raient et marquaient deux buts en l\u2019espace de 3 minutes par Dubuisson. Tout d\u2019abord, l\u2019attaquante girondine propulsait le cuir dans les buts adverses suite \u00e0 un tir de sa co\u00e9quipi\u00e8re, Berthe repouss\u00e9 par la gardienne auvergnate, Mayet (1-0, 59e). Puis elle r\u00e9cidivait en exp\u00e9diant une magnifique frappe en pleine lucarne qui donnait de l\u2019ampleur \u00e0 la victoire bordelaise (2-0, 62e). Un succ\u00e8s qui aurait pu \u00eatre encore plus lourd sur une frappe de Danguiat Avrila qui heurtait le poteau (76e). Le coach bordelais Hugo Suarez savourait \u00e0 l\u2019issue du match\u00a0: \u00ab\u00a0Il y a eu une belle r\u00e9action. Elles sont all\u00e9es la chercher. C\u2019est le plus important\u00a0\u00bb.<\/p>\n<p>    Bordeaux 2 &#8211; Le Puy 0<br \/>\n<strong>Lieu <\/strong>Bordeaux (stade Bel-Air).<strong> Arbitre <\/strong>Mme Laur.<strong> Mi-temps<\/strong>\u00a00-0<br \/><strong>Buts\u00a0<\/strong>Dubuisson (59e, 62e) pour Bordeaux<br \/><strong>Avertissements\u00a0<\/strong>Danguiat Avrila (69e), Meunier (87e) \u00e0 Bordeaux\u00a0; Coquard (30e) au Puy<br \/><strong>BORDEAUX\u00a0<\/strong>Roubine &#8211; Dufau, Besnard, Wong (puis Cheyroux, 63e), Meunier (cap) &#8211; Renard, Guellil, Ribeiro, Dubuisson (Danguiat Avrila, 63e), Roux (Forestier Fleury, 79e) , Ducour\u00e8ge (Berthe, 43e)<br \/><strong>LE PUY <\/strong>T.\u00a0Mayet &#8211; Durand (Carrasset, 66e), Mansogo (De Jesus, 88e), Masson, Langrene &#8211; Coquard, Benhassine (Nadoux, 61e), Hormat (Ahamadi, 46e), Appia (L. Mayet, 61e), A.\u00a0Vincent (cap), Grael<\/p>\n","protected":false},"excerpt":{"rendered":"Ce sont des Girondines aux deux visages qui ont remport\u00e9 ce dimanche leur premier succ\u00e8s de la saison&hellip;\n","protected":false},"author":2,"featured_media":424058,"comment_status":"","ping_status":"","sticky":false,"template":"","format":"standard","meta":{"footnotes":""},"categories":[2817],"tags":[1111,11,1997,1777,674,1011,27,12,2219,25],"class_list":{"0":"post-424057","1":"post","2":"type-post","3":"status-publish","4":"format-standard","5":"has-post-thumbnail","7":"category-bordeaux","8":"tag-actu","9":"tag-actualites","10":"tag-bordeaux","11":"tag-eu","12":"tag-europe","13":"tag-fr","14":"tag-france","15":"tag-news","16":"tag-nouvelle-aquitaine","17":"tag-republique-francaise"},"share_on_mastodon":{"url":"https:\/\/pubeurope.com\/@fr\/115282717244570400","error":""},"_links":{"self":[{"href":"https:\/\/www.europesays.com\/fr\/wp-json\/wp\/v2\/posts\/424057","targetHints":{"allow":["GET"]}}],"collection":[{"href":"https:\/\/www.europesays.com\/fr\/wp-json\/wp\/v2\/posts"}],"about":[{"href":"https:\/\/www.europesays.com\/fr\/wp-json\/wp\/v2\/types\/post"}],"author":[{"embeddable":true,"href":"https:\/\/www.europesays.com\/fr\/wp-json\/wp\/v2\/users\/2"}],"replies":[{"embeddable":true,"href":"https:\/\/www.europesays.com\/fr\/wp-json\/wp\/v2\/comments?post=424057"}],"version-history":[{"count":0,"href":"https:\/\/www.europesays.com\/fr\/wp-json\/wp\/v2\/posts\/424057\/revisions"}],"wp:featuredmedia":[{"embeddable":true,"href":"https:\/\/www.europesays.com\/fr\/wp-json\/wp\/v2\/media\/424058"}],"wp:attachment":[{"href":"https:\/\/www.europesays.com\/fr\/wp-json\/wp\/v2\/media?parent=424057"}],"wp:term":[{"taxonomy":"category","embeddable":true,"href":"https:\/\/www.europesays.com\/fr\/wp-json\/wp\/v2\/categories?post=424057"},{"taxonomy":"post_tag","embeddable":true,"href":"https:\/\/www.europesays.com\/fr\/wp-json\/wp\/v2\/tags?post=424057"}],"curies":[{"name":"wp","href":"https:\/\/api.w.org\/{rel}","templated":true}]}}