{"id":424067,"date":"2025-09-28T15:54:10","date_gmt":"2025-09-28T15:54:10","guid":{"rendered":"https:\/\/www.europesays.com\/fr\/424067\/"},"modified":"2025-09-28T15:54:10","modified_gmt":"2025-09-28T15:54:10","slug":"info-la-provence-une-petite-fille-denonce-une-agression-sexuelle-dans-une-ecole-marseillaise-un-suspect-arrete","status":"publish","type":"post","link":"https:\/\/www.europesays.com\/fr\/424067\/","title":{"rendered":"INFO LA PROVENCE. Une petite fille d\u00e9nonce une agression sexuelle dans une \u00e9cole marseillaise, un suspect arr\u00eat\u00e9"},"content":{"rendered":"<p>L&rsquo;information a provoqu\u00e9 une tr\u00e8s vive \u00e9motion. Une \u00e9coli\u00e8re marseillaise \u00e2g\u00e9e de 4 ans, et scolaris\u00e9es \u00e0 l&rsquo;\u00e9cole Alexandre Copello, rue des Clairiste, dans le 5 \u00e8me arrondissement de Marseille, affirme avoir \u00e9t\u00e9 victime d&rsquo;une agression sexuelle au sein m\u00eame de son \u00e9tablissement scolaire.<\/p>\n<p>Ces faits d&rsquo;une extr\u00eame gravit\u00e9 remontent au 8 septembre dernier. Ce soir-l\u00e0, une m\u00e8re de famille remarque une rougeur suspecte sur une partie intime du corps de sa petite fille. Cette derni\u00e8re lui raconte, alors, une sc\u00e8ne insoutenable : les attouchements qu&rsquo;elle assure avoir subis un peu plus t\u00f4t dans la journ\u00e9e de la part d&rsquo;une adulte. Sous le choc, la m\u00e8re de famille d\u00e9pose plainte. Selon nos informations, l&rsquo;enqu\u00eate men\u00e9e par la Division de la criminalit\u00e9 territoriale (DCT) n&rsquo;a pas tard\u00e9 \u00e0 identifier un suspect correspondant au profil d\u00e9crit par l&rsquo;\u00e9coli\u00e8re : un technicien Enedis, qui effectuait des travaux sur la chaudi\u00e8re de l&rsquo;\u00e9cole Copello.\u00a0<\/p>\n<p>L&rsquo;homme a \u00e9t\u00e9 interpell\u00e9 le 16 septembre dernier, confirme le procureur de Marseille, Nicolas Bessone. En garde \u00e0 vue, il a formellement ni\u00e9 les faits. \u00ab\u00a0Il faut rester prudent. Mais on ne voit pas pourquoi une enfant inventerait une telle histoire. D&rsquo;auta&#8230;<\/p>\n","protected":false},"excerpt":{"rendered":"L&rsquo;information a provoqu\u00e9 une tr\u00e8s vive \u00e9motion. Une \u00e9coli\u00e8re marseillaise \u00e2g\u00e9e de 4 ans, et scolaris\u00e9es \u00e0 l&rsquo;\u00e9cole&hellip;\n","protected":false},"author":2,"featured_media":424068,"comment_status":"","ping_status":"","sticky":false,"template":"","format":"standard","meta":{"footnotes":""},"categories":[2814],"tags":[17,1111,11,7891,1777,674,274,195,1011,27,1922,884,12,2044,1186,882,25,96],"class_list":{"0":"post-424067","1":"post","2":"type-post","3":"status-publish","4":"format-standard","5":"has-post-thumbnail","7":"category-marseille","8":"tag-17","9":"tag-actu","10":"tag-actualites","11":"tag-denonce","12":"tag-eu","13":"tag-europe","14":"tag-faits-divers-justice","15":"tag-fille","16":"tag-fr","17":"tag-france","18":"tag-info","19":"tag-marseille","20":"tag-news","21":"tag-petite","22":"tag-provence","23":"tag-provence-alpes-cote-dazur","24":"tag-republique-francaise","25":"tag-une"},"share_on_mastodon":{"url":"https:\/\/pubeurope.com\/@fr\/115282736843058775","error":""},"_links":{"self":[{"href":"https:\/\/www.europesays.com\/fr\/wp-json\/wp\/v2\/posts\/424067","targetHints":{"allow":["GET"]}}],"collection":[{"href":"https:\/\/www.europesays.com\/fr\/wp-json\/wp\/v2\/posts"}],"about":[{"href":"https:\/\/www.europesays.com\/fr\/wp-json\/wp\/v2\/types\/post"}],"author":[{"embeddable":true,"href":"https:\/\/www.europesays.com\/fr\/wp-json\/wp\/v2\/users\/2"}],"replies":[{"embeddable":true,"href":"https:\/\/www.europesays.com\/fr\/wp-json\/wp\/v2\/comments?post=424067"}],"version-history":[{"count":0,"href":"https:\/\/www.europesays.com\/fr\/wp-json\/wp\/v2\/posts\/424067\/revisions"}],"wp:featuredmedia":[{"embeddable":true,"href":"https:\/\/www.europesays.com\/fr\/wp-json\/wp\/v2\/media\/424068"}],"wp:attachment":[{"href":"https:\/\/www.europesays.com\/fr\/wp-json\/wp\/v2\/media?parent=424067"}],"wp:term":[{"taxonomy":"category","embeddable":true,"href":"https:\/\/www.europesays.com\/fr\/wp-json\/wp\/v2\/categories?post=424067"},{"taxonomy":"post_tag","embeddable":true,"href":"https:\/\/www.europesays.com\/fr\/wp-json\/wp\/v2\/tags?post=424067"}],"curies":[{"name":"wp","href":"https:\/\/api.w.org\/{rel}","templated":true}]}}