{"id":424071,"date":"2025-09-28T15:56:12","date_gmt":"2025-09-28T15:56:12","guid":{"rendered":"https:\/\/www.europesays.com\/fr\/424071\/"},"modified":"2025-09-28T15:56:12","modified_gmt":"2025-09-28T15:56:12","slug":"ou-en-est-le-projet-une-reunion-publique-pour-tout-savoir","status":"publish","type":"post","link":"https:\/\/www.europesays.com\/fr\/424071\/","title":{"rendered":"o\u00f9 en est le projet\u00a0? Une r\u00e9union publique pour tout savoir"},"content":{"rendered":"<p>Le projet de Tramway express de l\u2019Ouest lyonnais (Teol) avance. \u00c0 l\u2019horizon 2030, il devrait relier le quartier d\u2019Ala\u00ef \u00e0 Tassin, \u00e0 la gare Jean-Mac\u00e9 \u00e0 Lyon en 25 minutes, en passant par le quartier de Confluence et le p\u00f4le multimodal de Perrache. <a href=\"https:\/\/www.registre-numerique.fr\/enquete-teol\/documents\" target=\"_blank\" rel=\"noopener\">Une enqu\u00eate publique<\/a> est en cours depuis le 8\u00a0septembre, pr\u00e9alable \u00e0 la d\u00e9claration d\u2019utilit\u00e9 publique du projet. Elle <a href=\"https:\/\/www.registre-numerique.fr\/enquete-teol\/\" target=\"_blank\" rel=\"noopener\">s\u2019ach\u00e8ve le 8\u00a0octobre \u00e0 16\u00a0h\u00a030<\/a>.<\/p>\n<p>  R\u00e9union ce mardi \u00e0 Tassin<\/p>\n<p>\u00c0 Tassin, le trac\u00e9, en surface, emprunte les avenues G\u00e9n\u00e9ral Brosset et Charles de Gaulle ainsi que la route de Brignais pour relier le futur p\u00f4le d\u2019\u00e9changes multimodal d\u2019Ala\u00ef. Depuis cette annonce, les riverains ne d\u00e9col\u00e8rent pas. Un tramway enterr\u00e9 et qui ressurgit en surface juste \u00e0 l\u2019entr\u00e9e de Tassin, \u00e7a ne passe pas pour les d\u00e9fenseurs du m\u00e9tro. \u00ab\u00a0Il est urgent de ne rien faire \u00e0 Tassin et surtout pas un projet qui emp\u00eache un m\u00e9tro dans l\u2019avenir\u00a0\u00bb, lance Jean-Claude Schoepen, pr\u00e9sident de <a href=\"https:\/\/www.leprogres.fr\/transport\/2025\/09\/16\/l-association-teol-non-merci-poursuit-son-combat#PlugCommentsList2\" target=\"_blank\" rel=\"noopener\">l\u2019association \u00ab\u00a0Teol, non merci\u00a0\u00bb<\/a>.<\/p>\n<p>Les riverains du projet qui pourraient voir leur maison d\u00e9truite pour \u00e9largir la voirie seront sans aucun doute pr\u00e9sents ce mardi 30\u00a0septembre au soir lors de la r\u00e9union publique organis\u00e9e par la commune de Tassin, afin de savoir o\u00f9 en est le projet.<\/p>\n<p class=\"note\">R\u00e9union publique sur le projet Teol, mardi 30\u00a0septembre \u00e0 19 heures, \u00e0 l\u2019espace Jules-Ferry de Tassin-la-Demi-Lune, 12 rue Jules-Ferry.<\/p>\n","protected":false},"excerpt":{"rendered":"Le projet de Tramway express de l\u2019Ouest lyonnais (Teol) avance. \u00c0 l\u2019horizon 2030, il devrait relier le quartier&hellip;\n","protected":false},"author":2,"featured_media":424072,"comment_status":"","ping_status":"","sticky":false,"template":"","format":"standard","meta":{"footnotes":""},"categories":[1889],"tags":[1111,11,2430,3542,3153,1777,674,1011,27,2428,12,25,2429,104,20283,20284,2803],"class_list":{"0":"post-424071","1":"post","2":"type-post","3":"status-publish","4":"format-standard","5":"has-post-thumbnail","7":"category-lyon","8":"tag-actu","9":"tag-actualites","10":"tag-auvergne-rhone-alpes","11":"tag-circulation","12":"tag-edition-ouest-lyonnais","13":"tag-eu","14":"tag-europe","15":"tag-fr","16":"tag-france","17":"tag-lyon","18":"tag-news","19":"tag-republique-francaise","20":"tag-rhone","21":"tag-societe","22":"tag-tassin-la-demi-lune","23":"tag-tassin-la-demi-lune-bassin","24":"tag-transport"},"share_on_mastodon":{"url":"https:\/\/pubeurope.com\/@fr\/115282744718868708","error":""},"_links":{"self":[{"href":"https:\/\/www.europesays.com\/fr\/wp-json\/wp\/v2\/posts\/424071","targetHints":{"allow":["GET"]}}],"collection":[{"href":"https:\/\/www.europesays.com\/fr\/wp-json\/wp\/v2\/posts"}],"about":[{"href":"https:\/\/www.europesays.com\/fr\/wp-json\/wp\/v2\/types\/post"}],"author":[{"embeddable":true,"href":"https:\/\/www.europesays.com\/fr\/wp-json\/wp\/v2\/users\/2"}],"replies":[{"embeddable":true,"href":"https:\/\/www.europesays.com\/fr\/wp-json\/wp\/v2\/comments?post=424071"}],"version-history":[{"count":0,"href":"https:\/\/www.europesays.com\/fr\/wp-json\/wp\/v2\/posts\/424071\/revisions"}],"wp:featuredmedia":[{"embeddable":true,"href":"https:\/\/www.europesays.com\/fr\/wp-json\/wp\/v2\/media\/424072"}],"wp:attachment":[{"href":"https:\/\/www.europesays.com\/fr\/wp-json\/wp\/v2\/media?parent=424071"}],"wp:term":[{"taxonomy":"category","embeddable":true,"href":"https:\/\/www.europesays.com\/fr\/wp-json\/wp\/v2\/categories?post=424071"},{"taxonomy":"post_tag","embeddable":true,"href":"https:\/\/www.europesays.com\/fr\/wp-json\/wp\/v2\/tags?post=424071"}],"curies":[{"name":"wp","href":"https:\/\/api.w.org\/{rel}","templated":true}]}}