{"id":424075,"date":"2025-09-28T15:59:10","date_gmt":"2025-09-28T15:59:10","guid":{"rendered":"https:\/\/www.europesays.com\/fr\/424075\/"},"modified":"2025-09-28T15:59:10","modified_gmt":"2025-09-28T15:59:10","slug":"ratp-et-sncf-les-perturbations-attendues-dans-les-transports-a-paris-et-en-ile-de-france-cette-semaine-19","status":"publish","type":"post","link":"https:\/\/www.europesays.com\/fr\/424075\/","title":{"rendered":"RATP et SNCF. Les perturbations attendues dans les transports \u00e0 Paris et en \u00cele-de-France cette semaine"},"content":{"rendered":"<p>            Par<br \/>\n        <strong><br \/>\n            <a href=\"https:\/\/actu.fr\/auteur\/glenn-gillet\" title=\"Consulter tous les articles de Glenn Gillet\" target=\"_blank\" rel=\"noopener\">Glenn Gillet<\/a><br \/>\n        <\/strong><\/p>\n<p>        Publi\u00e9 le<\/p>\n<p>            28 sept. 2025 \u00e0 17h00        <\/p>\n<p>Un <a href=\"https:\/\/actu.fr\/tag\/metro\" target=\"_blank\" rel=\"noopener\">m\u00e9tro<\/a> tr\u00e8s <strong>fluide<\/strong> mais des <strong>perturbations<\/strong> sur les autres lignes en r\u00e9gion parisienne. Cette semaine, les <a href=\"https:\/\/actu.fr\/tag\/transport\" target=\"_blank\" rel=\"noopener\">transports<\/a> \u00e0 Paris et en \u00cele-de-France ne devraient pas \u00eatre touch\u00e9s par beaucoup de <strong>changements<\/strong> au calendrier des diff\u00e9rents op\u00e9rateurs. Mais attention, le jeudi 2\u00a0octobre 2025 sera synonyme d\u2019une<a href=\"https:\/\/actu.fr\/ile-de-france\/paris_75056\/ratp-sncf-a-quoi-s-attendre-pour-la-greve-du-jeudi-2-octobre-a-paris-et-en-ile-de-france_63224181.html\" target=\"_blank\" rel=\"noopener\"> nouvelle mobilisation intersyndicale<\/a>, apr\u00e8s <a href=\"https:\/\/actu.fr\/ile-de-france\/paris_75056\/direct-greve-du-18-septembre-les-perturbations-et-informations-a-retenir-avant-la-manifestation-a-paris_63174662.html\" target=\"_blank\" rel=\"noopener\">celle du 18\u00a0septembre<\/a>, et on ne sait pas \u00e0 ce stade comme elle <strong>influera<\/strong> sur le r\u00e9seau. RER, m\u00e9tro, Transilien\u2026 Voici ce qui vous attend, pour le moment, du lundi 29\u00a0septembre au dimanche 5\u00a0octobre dans les lignes <a href=\"https:\/\/actu.fr\/tag\/sncf\" target=\"_blank\" rel=\"noopener\">SNCF<\/a> et <a href=\"https:\/\/actu.fr\/tag\/ratp\" target=\"_blank\" rel=\"noopener\">RATP<\/a>.<\/p>\n<p>M\u00e9tro<\/p>\n<p class=\" wall-content\"><strong>Ligne 10<\/strong>\u2009: Jusqu\u2019au 2\u00a0octobre, du dimanche au jeudi d\u00e8s 22h30, le trafic est interrompu sur toute la ligne en raison de travaux de modernisation.<\/p>\n<p class=\" wall-content\"><strong>Ligne 12<\/strong>\u2009: Le 5\u00a0octobre, d\u00e8s 22h00, le trafic sera interrompu sur toute la ligne en raison de travaux.<\/p>\n<p>RER<\/p>\n<p class=\" wall-content\"><strong>RER A\u2009:<\/strong> Jusqu\u2019au 17\u00a0octobre, du lundi au vendredi d\u00e8s 22h15, le trafic est interrompu entre Maisons-Laffitte et Cergy \u2013 Le Haut en raison de travaux.<\/p>\n<p class=\" wall-content\"><strong>RER B<\/strong>\u2009: Le week-end des 4 et 5\u00a0octobre, le trafic sera interrompu entre Denfert-Rochereau et La Croix de Berny\/Robinson en raison de travaux. Des bus de remplacement sont mis en place \u00e0 Porte d\u2019Orl\u00e9ans. Par ailleurs, jusqu\u2019au 10\u00a0octobre, du lundi au vendredi d\u00e8s 22\u2009: 45, le trafic est interrompu entre Gare du Nord et A\u00e9roport Charles de Gaulle 2 \u2013 TGV\/ Mitry \u2013 Claye en raison de travaux d\u2019entretien. Des bus de substitution sont mis \u00e0 disposition.<\/p>\n<p class=\" wall-content\"><strong>RER C<\/strong>\u2009: Le week-end des 4 et 5\u00a0octobre, le trafic est interrompu entre Invalides et Saint-Quentin en Yvelines, Invalides et Versailles Ch\u00e2teau Rive Gauche, Invalides et Montigny \u2013 Beauchamp ainsi qu\u2019entre Invalides et Pontoise. De m\u00eame jusqu\u2019au 30\u00a0septembre entre Dourdan et Paris Austerlitz ainsi qu\u2019entre Saint-Martin d\u2019\u00c9tampes et Paris Austerlitz en raison de travaux sur le r\u00e9seau ferroviaire mais un service de bus de remplacement est mis en place, avec desserte des gares interm\u00e9diaires. Le dernier train au d\u00e9part de Dourdan pour Paris Austerlitz est \u00e0 21h07 tandis que le dernier train au d\u00e9part de Paris Austerlitz pour Dourdan est \u00e0 21h17. Du c\u00f4t\u00e9 du tron\u00e7on \u00e9tampois, le dernier train au d\u00e9part de Saint-Martin d\u2019\u00c9tampes pour Paris Austerlitz sera \u00e0 21h41 et le dernier train au d\u00e9part de Paris Austerlitz pour Saint-Martin d\u2019\u00c9tampes \u00e0 22h31. \u00c0 partir de 21h47, 1 train sur 2 est terminus Br\u00e9tigny. Toujours sur le tron\u00e7on sud du RERC et jusqu\u2019au 30\u00a0septembre, le trafic est interrompu ente Paris Austerlitz et Juvisy via Choisy-le-Roi avec des derniers trains \u00e0 22h29 vers Paris Austerlitz et 22h36 vers Juvisy. Idem sur les tron\u00e7ons Paris Austerlitz\/Pont de Rungis A\u00e9roport d\u2019Orly avec un dernier train 22h27 pour Pont de Rungis et \u00e0 22h08 pour la gare d\u2019Austerlitz. Siutation similaire c\u00f4t\u00e9 ouest vers les Yvelines o\u00f9 des travaux vont d\u00e9buter mercredi 1er\u00a0octobre\u2009: \u00e0 partir de 21h47, 1 train sur 2 est terminus Br\u00e9tigny. Par ailleurs, toujours jusqu\u2019au 30\u00a0septembre, le trafic est interrompu de Javel \u00e0 Saint-Quentin en Yvelines. Dernier train au d\u00e9part de Javel pour Saint-Quentin en Yvelines \u00e0 23h02. Idem entre Javel et Versailles Ch\u00e2teau Rive Gauche avec un dernier train pour Javel \u00e0 22h25Versailles ch\u00e2teau Rive Gauche \u00e0 23h11. Par ailleurs, samedi\u00a04 et dimanche 5\u00a0octobre, les gares d\u2019Athis-Mons, Ablon et Villeneuve-le-Roi ne sont pas desservies en direction de Paris.<\/p>\n<p class=\" wall-content\"><strong>RER D<\/strong>\u2009: jusqu\u2019au 10\u00a0octobre, le trafic est interrompu entre Paris Gare du Nord et Creil, et un service de remplacement est mis en place. C\u00f4t\u00e9 sud, du lundi 29\u00a0septembre au 3\u00a0octobre, les gares entre Gare de Lyon et Villeneuve-St-Georges ne sont pas desservies. Toujours sur cette zone et jusqu\u2019au 19\u00a0octobre, le trafic est ralenti entre Villeneuve Saint-Georges et Melun, un train sur deux circulent entre ces deux gares.<\/p>\n<p class=\" wall-content\"><strong>RER E<\/strong>\u2009: le week-end des 4 et 5\u00a0octobre, le trafic est interrompu entre Nanterre-La-Folie et Tournan. Par ailleurs, jusqu\u2019au 31\u00a0octobre, du lundi au vendredi d\u00e8s 22h45, le trafic est interrompu entre Nanterre-La-Folie et Chelles \u2013 Gournay. Des bus de remplacement sont mis en place.<\/p>\n<p>Votre r\u00e9gion, votre actu !<\/p>\n<p>Recevez chaque jour les infos qui comptent pour vous.<\/p>\n<p>\t<a href=\"https:\/\/actu.fr\/newsletter\" class=\"ac-btn ac-btn--corner ac-btn--medium ac-btn--blue800\" target=\"_blank\" rel=\"noopener\">S&rsquo;incrire<\/a><br \/>\nTransilien<\/p>\n<p class=\" wall-content\"><strong>Ligne H<\/strong>\u2009: les week-ends de 22h50 \u00e0 8h50, du samedi 27\u00a0septembre au dimanche 07 d\u00e9cembre, le trafic est interrompu entre Gare du Nord et Sarcelles \u2013 Saint-Brice en raison de travaux.<\/p>\n<p class=\" wall-content\"><strong>Ligne J<\/strong>\u2009: jusqu\u2019au 17\u00a0octobre, du lundi au vendredi d\u00e8s 21h15, le trafic est interrompu entre Issou \u2013 Porcheville et Mantes-la-Jolie via Conflans- Sainte-Honorine et d\u00e8s 21h40, le trafic sera interrompu entre Gare Saint-Lazare et Mantes-la-Jolie via Poissy.<\/p>\n<p class=\" wall-content\"><strong>Ligne K<\/strong>\u2009: le week-end des 4 et 5\u00a0octobre, Le trafic est interrompu entre Gare du Nord et Mitry \u2013 Claye. La SNCF conseille d\u2019emprunter le RER B puis un train de la ligne K entre Mitry \u2013 Claye et Cr\u00e9py-en-Valois.<\/p>\n<p class=\" wall-content\"><strong>Ligne L<\/strong>\u2009: jusqu\u2019au 17\u00a0octobre (hormis pendant les week-ends), le trafic est interrompu entre Sartrouville et Maisons-Laffitte. Un service de bus de remplacement est mis en place entre Sartrouville et Cergy le Haut, avec desserte des gares interm\u00e9diaires. De m\u00eame, le week-end 4 et 6\u00a0octobre, le trafic interrompu entre Suresnes Mont Val\u00e9rien et Versailles Rive Droite, et entre Saint-Nom-la-Bret\u00e8che et Suresnes Mont Val\u00e9rien vers Versailles Rive Droite, Saint-Nom-la-Bret\u00e8che et Gare Saint-Lazare.<\/p>\n<p class=\" wall-content\"><strong>Ligne N<\/strong>\u2009: lundi\u00a029 au mardi 30\u00a0septembre, le trafic est interrompu de Paris Montparnasse vers Mantes-la-Jolie. Le dernier train de Paris Montparnasse pour Mantes-la-Jolie est le MOPI de 20h50 et le MOPI de 21h50 est terminus Versailles Chantiers. Du mercredi\u00a01er au vendredi 24\u00a0octobre, le trafic est interrompu de Paris Montparnasse vers Mantes-la-Jolie d\u00e8s 21h et entre Paris Montparnasse et Dreux \u00e0 partir de 21h30, et entre Paris Montparnasse et Plaisir \u2013 Grignon \u00e0 partir de 22h. Par ailleurs, du 1er au 10\u00a0octobre, le trafic sera interrompu entre Paris Montparnasse et Rambouillet \u00e0 partir de 23h20.<\/p>\n<p class=\" wall-content\"><strong>Ligne P<\/strong>\u2009: le week-end du samedi\u00a04 et dimanche 5\u00a0octobre, le trafic est interrompu entre Paris Est et Provins. En semaine jusqu\u2019au vendredi 14\u00a0novembre \u00e0 partir de 21h30, le trafic est interrompu entre Paris Est et Coulommiers. En semaine jusqu\u2019au 31\u00a0octobre, le trafic est interrompu entre Gare de l\u2019Est et Provins \u00e0 partir de 21h45. En semaine \u00e0 partir de 22h00 jusqu\u2019au 31\u00a0octobre, le trafic est interrompu entre Paris Est et Ch\u00e2teau-Thierry. En semaine \u00e0 partir de 22h20 jusqu\u2019au 31\u00a0octobre, le trafic est interrompu entre Paris Est et Meaux. Le week-end des 4 et 5\u00a0octobre, le trafic est interrompu entre Paris Est et Coulommiers \u00e0 partir de 22h30, de m\u00eame qu\u2019entre Paris Est et Meaux \u00e0 partir de 22h50, de m\u00eame qu\u2019entre Paris Est et Ch\u00e2teau-Thierry \u00e0 partir de 23h.<\/p>\n<p class=\" wall-content\"><strong>Ligne R<\/strong>\u2009: jusqu\u2019au 17\u00a0octobre, du lundi au vendredi \u00e0 partir de 20h45, le trafic est interrompu entre La Verri\u00e8re et La D\u00e9fense en raison de travaux.<\/p>\n<p>Tramway<\/p>\n<p class=\" wall-content\"><strong>T1<\/strong>\u2009: le trafic est interrompu entre Asni\u00e8res \u2013 Quatre Routes et Gare de Saint-Denis et perturb\u00e9 sur le reste de la ligne en raison d\u2019une d\u00e9gradation par un tiers \u00e0 L\u2019\u00cele-Saint-Denis. Pas de reprise pr\u00e9vue jusqu\u2019\u00e0 nouvel ordre. Dans la nuit du jeudi\u00a015 au vendredi 16\u00a0mai, un bateau a percut\u00e9 le pont reliant Saint-Denis \u00e0 l\u2019Ile-Saint-Denis et le pont est pour le moment ferm\u00e9 pour la s\u00e9curit\u00e9 des voyageurs.<\/p>\n<p class=\" wall-content\"><strong>T2<\/strong>\u2009: Jusqu\u2019\u00e0 fin f\u00e9vrier\u00a02026, le trafic est interrompu entre Porte de Versailles et Suzanne Lenglen en raison d\u2019importants travaux de modernisation. Pour rejoindre la Porte de Versailles, depuis Suzanne Lenglen, rejoindre \u00e0 pied la station Balard du T3a.<\/p>\n<p class=\" wall-content\"><strong>T3b<\/strong>\u2009: le 12\u00a0octobre de 08h15 \u00e0 12h30, le trafic sera interrompu entre Porte Dauphine (Avenue Foch) et Porte Maillot (Palais des Congr\u00e8s) en raison d\u2019une manifestation sportive.<\/p>\n<p class=\" wall-content\"><strong>T12<\/strong>\u2009: samedi\u00a04 et dimanche 5\u00a0octobre, le trafic est interrompu toute la journ\u00e9e entre Massy-Palaiseau et \u00c9pinay-sur-Orge.<\/p>\n<p class=\" wall-content\"><strong>T13<\/strong>\u2009: jusqu\u2019\u00e0 vendredi 17\u00a0octobre, \u00e0 partir de 21h et jusqu\u2019en fin de soir\u00e9e, le trafic est interrompu sur l\u2019ensemble de la ligne.<\/p>\n<p class=\" wall-content\">Personnalisez votre actualit\u00e9 en ajoutant vos villes et m\u00e9dias en favori avec <a href=\"https:\/\/moncompte.actu.fr\" title=\"D\u00e9couvez Mon Actu\" rel=\"nofollow noopener\" data-trk=\"{&quot;cta&quot;:{&quot;action&quot;:&quot;https:\\\/\\\/moncompte.actu.fr&quot;,&quot;category&quot;:&quot;mon compte&quot;,&quot;from&quot;:&quot;article footer&quot;,&quot;name&quot;:&quot;Mon actu&quot;,&quot;type&quot;:&quot;cta&quot;}}\" target=\"_blank\">Mon Actu<\/a>.<\/p>\n","protected":false},"excerpt":{"rendered":"Par Glenn Gillet Publi\u00e9 le 28 sept. 2025 \u00e0 17h00 Un m\u00e9tro tr\u00e8s fluide mais des perturbations sur&hellip;\n","protected":false},"author":2,"featured_media":424076,"comment_status":"","ping_status":"","sticky":false,"template":"","format":"standard","meta":{"footnotes":""},"categories":[1592],"tags":[1111,11,1777,674,1011,27,662,12,626,625,25,2215,104,2803],"class_list":{"0":"post-424075","1":"post","2":"type-post","3":"status-publish","4":"format-standard","5":"has-post-thumbnail","7":"category-ile-de-france","8":"tag-actu","9":"tag-actualites","10":"tag-eu","11":"tag-europe","12":"tag-fr","13":"tag-france","14":"tag-ile-de-france","15":"tag-news","16":"tag-paris","17":"tag-ratp","18":"tag-republique-francaise","19":"tag-sncf","20":"tag-societe","21":"tag-transport"},"share_on_mastodon":{"url":"https:\/\/pubeurope.com\/@fr\/115282756580257668","error":""},"_links":{"self":[{"href":"https:\/\/www.europesays.com\/fr\/wp-json\/wp\/v2\/posts\/424075","targetHints":{"allow":["GET"]}}],"collection":[{"href":"https:\/\/www.europesays.com\/fr\/wp-json\/wp\/v2\/posts"}],"about":[{"href":"https:\/\/www.europesays.com\/fr\/wp-json\/wp\/v2\/types\/post"}],"author":[{"embeddable":true,"href":"https:\/\/www.europesays.com\/fr\/wp-json\/wp\/v2\/users\/2"}],"replies":[{"embeddable":true,"href":"https:\/\/www.europesays.com\/fr\/wp-json\/wp\/v2\/comments?post=424075"}],"version-history":[{"count":0,"href":"https:\/\/www.europesays.com\/fr\/wp-json\/wp\/v2\/posts\/424075\/revisions"}],"wp:featuredmedia":[{"embeddable":true,"href":"https:\/\/www.europesays.com\/fr\/wp-json\/wp\/v2\/media\/424076"}],"wp:attachment":[{"href":"https:\/\/www.europesays.com\/fr\/wp-json\/wp\/v2\/media?parent=424075"}],"wp:term":[{"taxonomy":"category","embeddable":true,"href":"https:\/\/www.europesays.com\/fr\/wp-json\/wp\/v2\/categories?post=424075"},{"taxonomy":"post_tag","embeddable":true,"href":"https:\/\/www.europesays.com\/fr\/wp-json\/wp\/v2\/tags?post=424075"}],"curies":[{"name":"wp","href":"https:\/\/api.w.org\/{rel}","templated":true}]}}