{"id":424083,"date":"2025-09-28T16:03:18","date_gmt":"2025-09-28T16:03:18","guid":{"rendered":"https:\/\/www.europesays.com\/fr\/424083\/"},"modified":"2025-09-28T16:03:18","modified_gmt":"2025-09-28T16:03:18","slug":"nice-accroche-par-le-paris-fc-le-match-un-temps-interrompu-apres-des-chants-homophobes","status":"publish","type":"post","link":"https:\/\/www.europesays.com\/fr\/424083\/","title":{"rendered":"Nice accroch\u00e9 par le Paris FC, le match un temps interrompu apr\u00e8s des chants homophobes"},"content":{"rendered":"<p>Nice n&rsquo;est pas parvenu \u00e0 garder son avance contre le Paris FC qui a \u00e9galis\u00e9 en fin de match (1-1) dimanche lors de la 6e journ\u00e9e de L1, et n&rsquo;a pas retrouv\u00e9 de s\u00e9r\u00e9nit\u00e9 avant son d\u00e9placement jeudi \u00e0 Istanbul contre le Fenerbah\u00e7e.<\/p>\n<p>Les dix derni\u00e8res minutes de cette rencontre peu emballante et qui semblait acquise \u00e0 Nice ont chang\u00e9\u00a0son issue. D&rsquo;abord, l&rsquo;arbitre Abdelatif Kherradji l&rsquo;a suspendue en raison de l&rsquo;insistance de chants insultants \u00e0 caract\u00e8re homophobe lanc\u00e9s par la tribune populaire sud de Nice.<\/p>\n<p>La f\u00e9brilit\u00e9 ni\u00e7oise<\/p>\n<p>Il a fallu l&rsquo;intervention de <a href=\"https:\/\/www.ledauphine.com\/p\/jonathan-clauss\" target=\"_blank\" rel=\"noopener\">Jonathan Clauss<\/a>, capitaine d&rsquo;un soir, apr\u00e8s deux demandes officielles du speaker du stade pour que ces chants \u00e0 l&rsquo;encontre des Parisiens s&rsquo;arr\u00eatent.<\/p>\n<p>Cela a-t-il d\u00e9stabilis\u00e9 les Ni\u00e7ois? En tout cas, juste apr\u00e8s, l&rsquo;arbitre a siffl\u00e9 p\u00e9nalty \u00e0 la suite d&rsquo;une main de Mo\u00efse Bombito cons\u00e9cutive \u00e0 une t\u00eate de Jean-Philippe Krasso (87e). Ce dernier a tranquillement \u00e9galis\u00e9 alors qu&rsquo;aucune des deux \u00e9quipes n&rsquo;\u00e9tait r\u00e9ellement sup\u00e9rieure en cette fin de rencontre.<\/p>\n<p>Et une fois encore, Nice n&rsquo;est pas parvenu \u00e0 garder sa cage inviol\u00e9e, une fois encore la f\u00e9brilit\u00e9 des Aiglons s&rsquo;est \u00e9tal\u00e9e. Pas de bon augure avant de d\u00e9fier Fenerbah\u00e7e jeudi en Ligue Europa, puis Monaco dimanche prochain.<\/p>\n<p>L&rsquo;entra\u00eeneur des Aiglons Franck Haise avait pr\u00e9venu qu&rsquo;avec un tel calendrier il solliciterait une bonne partie de son effectif, mettant aussi la pression sur ses joueurs, peu performants jusque-l\u00e0. Il a tenu parole, avec seulement trois titulaires (le gardien Yehvann Diouf, le milieu belge Charles Vanhoutte et le d\u00e9fenseur Antoine Mendy) reconduits apr\u00e8s <a href=\"https:\/\/www.ledauphine.com\/sport\/2025\/09\/24\/ligue-europa-nice-a-cru-a-un-retour-mais-la-roma-s-impose-a-l-allianz-riviera\" target=\"_blank\" rel=\"noopener\">la rencontre face \u00e0 la Roma<\/a> (1-2) mercredi en Ligue Europa.<\/p>\n<p>  Cho passeur pour son retour<\/p>\n<p>Malgr\u00e9 tout, la premi\u00e8re demi-heure a \u00e9t\u00e9 poussive. Nice n&rsquo;est jamais parvenu \u00e0 d\u00e9stabiliser son adversaire, et Paris n&rsquo;a pas non plus profit\u00e9 des largesses azur\u00e9ennes, comme quand Diouf, voulant relancer court, a directement servi plein axe Pierre Lees-Melou, lequel a servi\u00a0un Moses Simon peu inspir\u00e9 (34e).<\/p>\n<p>Une premi\u00e8re relance lointaine et balle au pied de\u00a0Jonathan Clauss qui sollicit\u00e9 Mohamed-Ali Cho (35e) a sonn\u00e9 le r\u00e9veil ni\u00e7ois.\u00a0Ce dernier, longtemps bless\u00e9 \u00e0 une cuisse, n&rsquo;avait plus \u00e9t\u00e9 titularis\u00e9 en L1 depuis le 4 avril dernier, soit pr\u00e8s de six mois. Et sur l&rsquo;action suivant, il s&rsquo;est transform\u00e9 en passeur d\u00e9cisif.<\/p>\n<p>Il a bonifi\u00e9 un bon travail de Vanhoutte et servi Sofiane Diop, auteur d&rsquo;un bel appel en profondeur. L&rsquo;ex-Mon\u00e9gasque a gliss\u00e9 le ballon sous Obed Nkambadio (1-0, 40e). Avant la pause, Nice aurait pu doubler la mise, mais Nkambadio\u00a0a remarquablement sorti une reprise de Clauss (45e). Ensuite Nice est rest\u00e9 alors sous la\u00a0menace parisienne. Et la fin de match \u00e9trange a fait basculer la partie&#8230;<\/p>\n","protected":false},"excerpt":{"rendered":"Nice n&rsquo;est pas parvenu \u00e0 garder son avance contre le Paris FC qui a \u00e9galis\u00e9 en fin de&hellip;\n","protected":false},"author":2,"featured_media":424084,"comment_status":"","ping_status":"","sticky":false,"template":"","format":"standard","meta":{"footnotes":""},"categories":[1888],"tags":[11,1777,674,274,107,1701,63,1011,27,329,7020,12,626,25,517,1947],"class_list":{"0":"post-424083","1":"post","2":"type-post","3":"status-publish","4":"format-standard","5":"has-post-thumbnail","7":"category-paris","8":"tag-actualites","9":"tag-eu","10":"tag-europe","11":"tag-faits-divers-justice","12":"tag-fil-info","13":"tag-fil-info-sport","14":"tag-football","15":"tag-fr","16":"tag-france","17":"tag-france-monde","18":"tag-ligue-1-football","19":"tag-news","20":"tag-paris","21":"tag-republique-francaise","22":"tag-sport","23":"tag-sport-national"},"share_on_mastodon":{"url":"https:\/\/pubeurope.com\/@fr\/115282772266646274","error":""},"_links":{"self":[{"href":"https:\/\/www.europesays.com\/fr\/wp-json\/wp\/v2\/posts\/424083","targetHints":{"allow":["GET"]}}],"collection":[{"href":"https:\/\/www.europesays.com\/fr\/wp-json\/wp\/v2\/posts"}],"about":[{"href":"https:\/\/www.europesays.com\/fr\/wp-json\/wp\/v2\/types\/post"}],"author":[{"embeddable":true,"href":"https:\/\/www.europesays.com\/fr\/wp-json\/wp\/v2\/users\/2"}],"replies":[{"embeddable":true,"href":"https:\/\/www.europesays.com\/fr\/wp-json\/wp\/v2\/comments?post=424083"}],"version-history":[{"count":0,"href":"https:\/\/www.europesays.com\/fr\/wp-json\/wp\/v2\/posts\/424083\/revisions"}],"wp:featuredmedia":[{"embeddable":true,"href":"https:\/\/www.europesays.com\/fr\/wp-json\/wp\/v2\/media\/424084"}],"wp:attachment":[{"href":"https:\/\/www.europesays.com\/fr\/wp-json\/wp\/v2\/media?parent=424083"}],"wp:term":[{"taxonomy":"category","embeddable":true,"href":"https:\/\/www.europesays.com\/fr\/wp-json\/wp\/v2\/categories?post=424083"},{"taxonomy":"post_tag","embeddable":true,"href":"https:\/\/www.europesays.com\/fr\/wp-json\/wp\/v2\/tags?post=424083"}],"curies":[{"name":"wp","href":"https:\/\/api.w.org\/{rel}","templated":true}]}}