{"id":424089,"date":"2025-09-28T16:06:20","date_gmt":"2025-09-28T16:06:20","guid":{"rendered":"https:\/\/www.europesays.com\/fr\/424089\/"},"modified":"2025-09-28T16:06:20","modified_gmt":"2025-09-28T16:06:20","slug":"les-anarchistes-penseurs-et-penseuses-de-la-violence-politique","status":"publish","type":"post","link":"https:\/\/www.europesays.com\/fr\/424089\/","title":{"rendered":"Les anarchistes, penseurs et penseuses de la violence politique"},"content":{"rendered":"<p>                        Les anarchistes, penseurs et penseuses de la violence politique<\/p>\n<p class=\"byline author vcard\">Par    <a href=\"https:\/\/aoc.media\/auteur\/alice-beja\/\" title=\"Articles par Alice B\u00e9ja\" class=\"author url fn\" rel=\"author nofollow noopener\" target=\"_blank\">Alice B\u00e9ja<\/a><\/p>\n<p>La multiplication d\u2019actes violents \u00e0 l\u2019encontre de figures politiques aux \u00c9tats-Unis d\u00e9fie les interpr\u00e9tations univoques. Il y a un si\u00e8cle, les anarchistes, dont la doctrine a longtemps \u00e9t\u00e9 r\u00e9duite \u00e0 la promotion de l\u2019action violente, ont d\u00e9velopp\u00e9 des r\u00e9flexions sur la violence politique, sur ce qu\u2019elle rend visible et ce qu\u2019elle masque, qui peuvent encore nourrir les n\u00f4tres aujourd\u2019hui. Un article publi\u00e9 en partenariat avec le Congr\u00e8s de l\u2019Institut des Am\u00e9riques.<\/p>\n<p class=\"first-paragraph\">De part et d\u2019autre de l\u2019Atlantique, l\u2019on s\u2019inqui\u00e8te de la mont\u00e9e en puissance de la violence politique, qui se manifeste notamment dans des attentats contre des figures repr\u00e9sentant le pouvoir politique ou \u00e9conomique<a href=\"#_ftn1\" name=\"_ftnref1\">[1]<\/a>, qui suscitent parfois des r\u00e9actions d\u2019adh\u00e9sion faisant craindre une plus grande acceptation des modes d\u2019action violents<a href=\"#_ftn2\" name=\"_ftnref2\">[2]<\/a>.<\/p>\n<p><a href=\"https:\/\/www.mucem.org\/programme\/exposition-et-temps-forts\/amazighes\" target=\"_blank\" rel=\"noopener nofollow\"><img fetchpriority=\"high\" decoding=\"async\" class=\"wp-image-238454 size-full\" src=\"https:\/\/www.europesays.com\/fr\/wp-content\/uploads\/2025\/05\/Mucem_AMAZIGHES_web-aoc_300-x-250.jpg\" alt=\"\" width=\"300\" height=\"250\"\/><\/a>publicit\u00e9<\/p>\n<p>Aux \u00c9tats-Unis, Donald Trump a \u00e9t\u00e9 victime d\u2019une tentative d\u2019assassinat le 13 juillet 2024 en Pennsylvanie, pendant la campagne pour les \u00e9lections pr\u00e9sidentielles. Le 4 d\u00e9cembre de la m\u00eame ann\u00e9e, Brian Robert Thompson, dirigeant de United Healthcare, l\u2019une des principales compagnies d\u2019assurance sant\u00e9 des \u00c9tats-Unis, est abattu \u00e0 New York<a href=\"#_ftn3\" name=\"_ftnref3\">[3]<\/a>. Le 14 juin 2025, la repr\u00e9sentante \u00e0 la Chambre du Minnesota Melissa Hortman et son \u00e9poux Mark Hortman sont tu\u00e9s, le s\u00e9nateur du Minnesota John Hoffman et sa femme Yvette Hoffman attaqu\u00e9s, vraisemblablement par le m\u00eame homme. Tout r\u00e9cemment, l\u2019influenceur Charlie Kirk est abattu sur le campus d\u2019Utah.<\/p>\n<p>Chacun de ces actes est singulier, le r\u00e9sultat d\u2019une multiplicit\u00e9 de facteurs, et leur intention politique n\u2019est pas toujours av\u00e9r\u00e9e\u00a0; il est donc p\u00e9rilleux de vouloir leur attribuer une signification univoque. N\u00e9anmoins, ils frappent par leur dimension symbolique, leur retentissement m\u00e9diatique et ce qu\u2019ils r\u00e9v\u00e8lent du contexte politique contemporain. Ce type particulier de violence agit comme r\u00e9v\u00e9lateur d\u2019un climat politique d\u00e9grad\u00e9, o\u00f9 les institutions ne semblent plus pouvoir jouer leur r\u00f4le de m\u00e9diation et de d\u00e9bat\u00a0; il contribue aussi, par son retentissement et l\u2019effet de sid\u00e9ration qu\u2019il peut provoquer, \u00e0 masquer d\u2019autres formes de violence, structurelle, syst\u00e9mique, voire peut autoriser, au nom de la d\u00e9fense de \u00ab\u00a0valeurs d\u00e9mocratiques\u00a0\u00bb parfois trop sommairement d\u00e9finies comme une adh\u00e9sion aux syst\u00e8mes politiques existants, une r\u00e9pression de tous les mouvements qui cherchent \u00e0 d\u00e9noncer les insuffisances et les injustices des soci\u00e9t\u00e9s dans lesquelles nous vivons.<\/p>\n<p>Historiquement,<\/p>\n<p class=\"author_name\">\n                <a href=\"https:\/\/aoc.media\/auteur\/alice-beja\/\" rel=\"nofollow noopener\" target=\"_blank\">Alice B\u00e9ja<\/a>\n            <\/p>\n<p class=\"author_func\">\n                am\u00e9ricaniste, ma\u00eetresse de conf\u00e9rence en anglais \u00e0 Sciences Po Lille, rattach\u00e9e au laboratoire CERAPS (UMR 8026)            <\/p>\n","protected":false},"excerpt":{"rendered":"Les anarchistes, penseurs et penseuses de la violence politique Par Alice B\u00e9ja La multiplication d\u2019actes violents \u00e0 l\u2019encontre&hellip;\n","protected":false},"author":2,"featured_media":424090,"comment_status":"","ping_status":"","sticky":false,"template":"","format":"standard","meta":{"footnotes":""},"categories":[1589],"tags":[11,782,73,1866,2383,14,12,1864,1865,1863,308],"class_list":{"0":"post-424089","1":"post","2":"type-post","3":"status-publish","4":"format-standard","5":"has-post-thumbnail","7":"category-etats-unis","8":"tag-actualites","9":"tag-ameriques","10":"tag-etats-unis","11":"tag-etats-unis-damerique","12":"tag-gauche","13":"tag-international","14":"tag-news","15":"tag-united-states","16":"tag-united-states-of-america","17":"tag-us","18":"tag-usa"},"share_on_mastodon":{"url":"https:\/\/pubeurope.com\/@fr\/115282784537215933","error":""},"_links":{"self":[{"href":"https:\/\/www.europesays.com\/fr\/wp-json\/wp\/v2\/posts\/424089","targetHints":{"allow":["GET"]}}],"collection":[{"href":"https:\/\/www.europesays.com\/fr\/wp-json\/wp\/v2\/posts"}],"about":[{"href":"https:\/\/www.europesays.com\/fr\/wp-json\/wp\/v2\/types\/post"}],"author":[{"embeddable":true,"href":"https:\/\/www.europesays.com\/fr\/wp-json\/wp\/v2\/users\/2"}],"replies":[{"embeddable":true,"href":"https:\/\/www.europesays.com\/fr\/wp-json\/wp\/v2\/comments?post=424089"}],"version-history":[{"count":0,"href":"https:\/\/www.europesays.com\/fr\/wp-json\/wp\/v2\/posts\/424089\/revisions"}],"wp:featuredmedia":[{"embeddable":true,"href":"https:\/\/www.europesays.com\/fr\/wp-json\/wp\/v2\/media\/424090"}],"wp:attachment":[{"href":"https:\/\/www.europesays.com\/fr\/wp-json\/wp\/v2\/media?parent=424089"}],"wp:term":[{"taxonomy":"category","embeddable":true,"href":"https:\/\/www.europesays.com\/fr\/wp-json\/wp\/v2\/categories?post=424089"},{"taxonomy":"post_tag","embeddable":true,"href":"https:\/\/www.europesays.com\/fr\/wp-json\/wp\/v2\/tags?post=424089"}],"curies":[{"name":"wp","href":"https:\/\/api.w.org\/{rel}","templated":true}]}}