{"id":424095,"date":"2025-09-28T16:09:23","date_gmt":"2025-09-28T16:09:23","guid":{"rendered":"https:\/\/www.europesays.com\/fr\/424095\/"},"modified":"2025-09-28T16:09:23","modified_gmt":"2025-09-28T16:09:23","slug":"verification-des-faits-ce-que-donald-trump-a-dit-sur-leurope-a-lonu","status":"publish","type":"post","link":"https:\/\/www.europesays.com\/fr\/424095\/","title":{"rendered":"Verification des faits : ce que Donald Trump a dit sur l\u2019Europe \u00e0 l\u2019ONU"},"content":{"rendered":"<p>          <img decoding=\"async\" class=\"c-ad__placeholder__logo\" src=\"https:\/\/static.euronews.com\/website\/images\/logos\/logo-euronews-stacked-outlined-72x72-grey-9.svg\" width=\"72\" height=\"72\" alt=\"\" loading=\"lazy\"\/><br \/>\n          PUBLICIT\u00c9<\/p>\n<p>Le pr\u00e9sident des \u00c9tats-Unis Donald Trump a fait une s\u00e9rie d&rsquo;affirmations trompeuses et fausses lors de son discours \u00e0 l&rsquo;Assembl\u00e9e g\u00e9n\u00e9rale des Nations unies le 23 septembre 2025, dont beaucoup visaient l&rsquo;Union Europ\u00e9enne et les pays europ\u00e9ens en g\u00e9n\u00e9ral.<\/p>\n<p>Pour d\u00e9terminer o\u00f9 se situent les faits, Euroverify a d\u00e9cortiqu\u00e9 son discours.<\/p>\n<p><strong>Sur l&rsquo;immigration europ\u00e9enne<\/strong><\/p>\n<p>Donald Trump s&rsquo;en est pris \u00e0 l&rsquo;ensemble du continent europ\u00e9en pour ce qu&rsquo;il a appel\u00e9 <strong>\u00ab\u00a0le d\u00e9sastre incontr\u00f4l\u00e9 de l&rsquo;immigration\u00a0\u00bb.<\/strong><\/p>\n<p>\u00ab\u00a0Il est temps de mettre fin \u00e0 l&rsquo;exp\u00e9rience rat\u00e9e des fronti\u00e8res ouvertes. Vous devez y mettre fin maintenant. Je peux vous le dire, je suis vraiment bon dans ce domaine. <strong>Vos pays vont en enfer<\/strong>\u00ab\u00a0, a d\u00e9clar\u00e9 le pr\u00e9sident.<\/p>\n<p>Selon <a href=\"https:\/\/ec.europa.eu\/eurostat\/statistics-explained\/index.php?title=EU_population_diversity_by_citizenship_and_country_of_birth&amp;action=statexp-seat&amp;lang=fr\" target=\"_blank\" rel=\"noreferrer nofollow noopener\"><strong>les donn\u00e9es d&rsquo;Eurostat<\/strong><\/a>, la part des citoyens non europ\u00e9ens dans les 27 \u00c9tats membres repr\u00e9sentait <strong>6,4 % de la population totale de l&rsquo;UE en 2024<\/strong>, tandis que 9,9 % de la population \u00e9taient n\u00e9s en dehors de l&rsquo;Union.<\/p>\n<p>Ce chiffre est \u00e0 comparer \u00e0 celui des \u00c9tats-Unis, dont la <a href=\"https:\/\/www.pewresearch.org\/short-reads\/2025\/08\/21\/key-findings-about-us-immigrants\/\" target=\"_blank\" rel=\"noreferrer nofollow noopener\"><strong>population n\u00e9e \u00e0 l&rsquo;\u00e9tranger ou immigr\u00e9e<\/strong><\/a> repr\u00e9sentait 15,8 % de la population totale en janvier 2025.<\/p>\n<p>Donald Trump s&rsquo;en est pris en particulier \u00e0 l&rsquo;immigration clandestine, mais les statistiques montrent qu&rsquo;elle est en fait en baisse dans l&rsquo;UE.<\/p>\n<p>Frontex, l&rsquo;agence europ\u00e9enne des fronti\u00e8res, a recens\u00e9 239 000 franchissements irr\u00e9guliers des fronti\u00e8res en 2024, soit une <a href=\"https:\/\/home-affairs.ec.europa.eu\/news\/seven-facts-help-understand-migration-2025-09-23_en?prefLang=fr&amp;etrans=fr\" target=\"_blank\" rel=\"noreferrer nofollow noopener\"><strong>baisse de 25 % par rapport \u00e0 l&rsquo;ann\u00e9e pr\u00e9c\u00e9dente<\/strong><\/a>. Les chiffres ont continu\u00e9 \u00e0 baisser au cours des sept premiers mois de l&rsquo;ann\u00e9e 2025.<\/p>\n<p>L&rsquo;UE met \u00e9galement en \u0153uvre un <a href=\"https:\/\/home-affairs.ec.europa.eu\/policies\/migration-and-asylum\/pact-migration-and-asylum_fr\" target=\"_blank\" rel=\"noreferrer nofollow noopener\"><strong>pacte<\/strong><\/a> <strong>commun<\/strong> <strong>sur la migration et l&rsquo;asile<\/strong>, con\u00e7u pour renforcer ses fronti\u00e8res et ses proc\u00e9dures d&rsquo;asile.<\/p>\n<p>Il est \u00e9galement fallacieux de pr\u00e9senter l&rsquo;immigration l\u00e9gale sous un jour enti\u00e8rement n\u00e9gatif alors que les statistiques <a href=\"https:\/\/international-partnerships.ec.europa.eu\/policies\/migration-and-forced-displacement\/migration_en?prefLang=fr\" target=\"_blank\" rel=\"noreferrer nofollow noopener\"><strong>montrent \u00e0 maintes reprises<\/strong><\/a> qu&rsquo;elle peut aider les pays de destination \u00e0 stimuler le d\u00e9veloppement et l&rsquo;innovation, \u00e0 combler les lacunes du march\u00e9 du travail et \u00e0 relever les d\u00e9fis pos\u00e9s par le vieillissement de la population, en plus d&rsquo;apporter un enrichissement culturel et \u00e9conomique.<\/p>\n<p><strong>Londres veut passer \u00e0 la charia<\/strong><\/p>\n<p>Dans la m\u00eame veine que ses attaques contre l&rsquo;immigration en Europe, Donald Trump a affirm\u00e9 de mani\u00e8re audacieuse &#8211; et fausse &#8211; que la ville de Londres voulait \u00ab\u00a0passer \u00e0 la charia\u00a0\u00bb.<\/p>\n<p>Ces propos s&rsquo;appuient sur des th\u00e9ories conspirationnistes de longue date selon lesquelles le premier maire musulman de Londres, <strong>Sadiq Khan<\/strong>, voudrait convertir la ville au fondamentalisme islamique.<\/p>\n<p>La charia, qui signifie \u00ab\u00a0voie\u00a0\u00bb ou \u00ab\u00a0chemin\u00a0\u00bb correct en arabe, est le syst\u00e8me juridique de l&rsquo;islam.<\/p>\n<p>La charia est sujette \u00e0 interpr\u00e9tation et des conseils de la charia existent au Royaume-Uni, statuant sur des questions telles que le mariage et le divorce.<\/p>\n<p>La charia a \u00e9t\u00e9 jug\u00e9e controvers\u00e9e car elle peut entrer en conflit avec le droit s\u00e9culier moderne. Toutefois, les d\u00e9cisions prises par les conseils de la charia ne sont pas juridiquement contraignantes en vertu du droit britannique.<\/p>\n<p>Par ailleurs, de nombreux pays \u00e0 majorit\u00e9 musulmane int\u00e8grent la charia dans leur syst\u00e8me juridique national.<\/p>\n<p><a href=\"https:\/\/fr.euronews.com\/2024\/05\/05\/troisieme-mandat-historique-de-sadiq-khan-a-londres-sur-fond-de-deroute-tory\" rel=\"nofollow noopener\" target=\"_blank\"><strong>Le maire de Londres, Sadiq Khan<\/strong><\/a>, a r\u00e9agi aux affirmations de Donald Trump en d\u00e9clarant : \u00ab\u00a0Les gens se demandent ce qu&rsquo;il y a dans ce maire musulman qui dirige une ville lib\u00e9rale, multiculturelle, progressiste et prosp\u00e8re, qui fait que je semble vivre sans loyer dans la t\u00eate de Donald Trump\u00a0\u00bb.<\/p>\n<p>Il a \u00e9galement d\u00e9clar\u00e9 que le pr\u00e9sident am\u00e9ricain avait prouv\u00e9 qu&rsquo;il \u00e9tait \u00ab\u00a0<strong>raciste, sexiste, misogyne et islamophobe<\/strong>\u00ab\u00a0.<\/p>\n<p>De fausses affirmations concernant Sadiq Khan et ses projets de promotion de l&rsquo;islam \u00e0 Londres &#8211; et de priorit\u00e9 \u00e0 cette religion &#8211; font r\u00e9guli\u00e8rement surface en ligne.<\/p>\n<p>Par exemple, une fausse histoire affirmant que le maire de Londres pr\u00e9voyait de construire 40 000 nouveaux logements destin\u00e9s uniquement aux musulmans, \u00e0 proximit\u00e9 de mosqu\u00e9es et de magasins halal, a fait son chemin sur les r\u00e9seaux sociaux en septembre.<\/p>\n<p>En r\u00e9alit\u00e9, Sadiq Khan s&rsquo;est engag\u00e9 \u00e0 construire 40 000 nouveaux logements municipaux lors d&rsquo;une interview accord\u00e9e \u00e0 la cha\u00eene musulmane Islam Channel, mais il n&rsquo;a pas pr\u00e9cis\u00e9 qu&rsquo;ils seraient r\u00e9serv\u00e9s aux musulmans.<\/p>\n<p>Une autre citation fabriqu\u00e9e lui a \u00e9t\u00e9 attribu\u00e9e en 2020, selon laquelle Londres exp\u00e9rimentait la charia dans trois arrondissements.<\/p>\n<p><strong>Combien de soldats ukrainiens sont tu\u00e9s par semaine ?<\/strong><\/p>\n<p>Donald Trump a affirm\u00e9 que la Russie et l&rsquo;Ukraine \u00ab\u00a0tuent <strong>entre 5 000 et 7 000 jeunes soldats, principalement des deux c\u00f4t\u00e9s, chaque semaine<\/strong>\u00ab\u00a0, alors que la guerre d&rsquo;agression de Moscou fait rage.<\/p>\n<p>Bien qu&rsquo;il ait affirm\u00e9 \u00e0 plusieurs reprises que 5 000 soldats \u00e9taient tu\u00e9s chaque semaine, il est difficile d&rsquo;\u00e9tablir le nombre exact de soldats tu\u00e9s dans les deux camps depuis le d\u00e9but de la guerre. Cela est d\u00fb en grande partie au manque de donn\u00e9es et de sources fiables pour les donn\u00e9es cit\u00e9es par le pr\u00e9sident am\u00e9ricain.<\/p>\n<p>Selon les experts, le chiffre de 5 000 \u00e0 7 000 de Donald Trump est bien sup\u00e9rieur au nombre r\u00e9el de soldats tu\u00e9s. De nombreux organismes de v\u00e9rification des faits estiment que le nombre r\u00e9el de victimes militaires russes et ukrainiennes s&rsquo;\u00e9l\u00e8ve \u00e0 environ 1 850 par semaine.<\/p>\n<p>Ce chiffre est calcul\u00e9 sur la base des d\u00e9c\u00e8s militaires c\u00f4t\u00e9 ukrainien, qui ont fait \u00e9tat de 80 000 victimes de 2022 \u00e0 septembre 2024, selon des estimations, ainsi que d&rsquo;autres estimations portant sur 250 000 d\u00e9c\u00e8s parmi les militaires russes.<\/p>\n<p>Bien qu&rsquo;Euroverify n&rsquo;ait pas \u00e9t\u00e9 en mesure de v\u00e9rifier de mani\u00e8re ind\u00e9pendante le nombre de soldats russes et ukrainiens tu\u00e9s depuis que la Russie a lanc\u00e9 son invasion \u00e0 grande \u00e9chelle de l&rsquo;Ukraine en f\u00e9vrier 2022, nous avons rassembl\u00e9 les donn\u00e9es disponibles pour dresser un tableau de ce que nous savons.<\/p>\n<p>Selon les donn\u00e9es disponibles, le nombre de soldats tu\u00e9s est plus important c\u00f4t\u00e9 russe que c\u00f4t\u00e9 ukrainien. <\/p>\n<p>En avril 2025, le service russe de la BBC et le m\u00e9dia russe ind\u00e9pendant Mediazona ont recens\u00e9 les noms de 100 000 soldats russes tu\u00e9s depuis f\u00e9vrier 2022.<\/p>\n<p>Si l&rsquo;on ajoute \u00e0 ce d\u00e9compte les soldats tu\u00e9s non identifi\u00e9s, le nombre de soldats russes morts s&rsquo;\u00e9l\u00e8ve entre 158 000 et 229 000 entre f\u00e9vrier 2022 et avril 2025.<\/p>\n<p>Entre-temps, en juin, le Centre d&rsquo;\u00e9tudes strat\u00e9giques et internationales a estim\u00e9 que jusqu&rsquo;\u00e0 250 000 soldats russes <a href=\"https:\/\/www.csis.org\/analysis\/russias-battlefield-woes-ukraine\" target=\"_blank\" rel=\"noreferrer nofollow noopener\"><strong>avaient \u00e9t\u00e9 tu\u00e9s en Ukraine<\/strong><\/a>.<\/p>\n<p>Quant \u00e0 l&rsquo;Ukraine, le pr\u00e9sident <strong>Volodymyr Zelensky<\/strong> a d\u00e9clar\u00e9 que plus de 46 000 soldats ukrainiens avaient d\u00e9j\u00e0 \u00e9t\u00e9 tu\u00e9s \u00e0 f\u00e9vrier 2025, ajoutant que 390 000 soldats avaient \u00e9t\u00e9 bless\u00e9s au combat depuis le d\u00e9but de la guerre.<\/p>\n<p>Cependant, en septembre 2024, le Wall Street Journal a estim\u00e9 qu&rsquo;environ 80 000 soldats avaient \u00e9t\u00e9 tu\u00e9s depuis le d\u00e9but de la guerre, ce qui a depuis \u00e9t\u00e9 r\u00e9fut\u00e9 par Zelensky.<\/p>\n<p><strong>Le nombre r\u00e9el de soldats tomb\u00e9s au front reste presque impossible \u00e0 conna\u00eetre<\/strong> avec certitude. Chaque camp publie ses propres bilans, souvent gonfl\u00e9s ou minimis\u00e9s selon les besoins de sa communication. <\/p>\n<p>Les chercheurs et observateurs ind\u00e9pendants peinent \u00e0 d\u00e9m\u00ealer le vrai du faux, tant l\u2019acc\u00e8s aux informations est limit\u00e9 et la propagande omnipr\u00e9sente.<\/p>\n<p>Trump sur le changement climatique<\/p>\n<p>Le pr\u00e9sident am\u00e9ricain a vertement critiqu\u00e9 les efforts de lutte contre le r\u00e9chauffement climatique, en particulier ceux de l&rsquo;Europe, qualifiant le <strong>changement climatique<\/strong> de \u00ab\u00a0plus grande escroquerie jamais perp\u00e9tr\u00e9e sur le monde.\u00a0\u00bb<\/p>\n<p>\u00ab\u00a0L&rsquo;Europe perd chaque ann\u00e9e plus de 175 000 personnes \u00e0 cause de la chaleur parce que les co\u00fbts sont si \u00e9lev\u00e9s qu&rsquo;il est impossible d&rsquo;allumer un climatiseur\u00a0\u00bb, a d\u00e9clar\u00e9 Donald Trump. <\/p>\n<p>\u00ab\u00a0De quoi s&rsquo;agit-il ? Ce n&rsquo;est pas l&rsquo;Europe. Ce n&rsquo;est pas l&rsquo;Europe que j&rsquo;aime et que je connais. Tout cela au nom de la pr\u00e9tention d&rsquo;arr\u00eater le canular du r\u00e9chauffement climatique\u00a0\u00bb.<\/p>\n<p>Une \u00e9tude r\u00e9cente publi\u00e9e dans la revue m\u00e9dicale <a href=\"https:\/\/www.nature.com\/articles\/s41591-025-03954-7#:~:text=We%20estimated%2062%2C775%20heat%2Drelated,8.1%25%20lower%20than%20in%202022\" target=\"_blank\" rel=\"noreferrer nofollow noopener\"><strong>Nature Medicine<\/strong><\/a> indique que plus de 62 700 personnes <strong>sont mortes en Europe de causes li\u00e9es \u00e0 la chaleur en 2024,<\/strong> et que plus de 181 000 personnes sont mortes de complications li\u00e9es \u00e0 la chaleur au cours des mois d&rsquo;\u00e9t\u00e9 entre 2022 et 2024.<\/p>\n<p>Le taux de mortalit\u00e9 a augment\u00e9 de 23 % entre juin et septembre 2024 par rapport \u00e0 la m\u00eame p\u00e9riode un an plus t\u00f4t, selon l&rsquo;\u00e9tude.<\/p>\n<p>Un <a href=\"https:\/\/www.eea.europa.eu\/en\/analysis\/indicators\/global-and-european-temperatures\" target=\"_blank\" rel=\"noreferrer nofollow noopener\"><strong>rapport r\u00e9cent de<\/strong><\/a> l&rsquo;Agence europ\u00e9enne pour l&rsquo;environnement (AEE) indique que l&rsquo;<strong>Europe se r\u00e9chauffe plus rapidement que la moyenne mondiale<\/strong>, l&rsquo;augmentation de la temp\u00e9rature moyenne mondiale atteignant 1,28 \u00b0C, et celle de l&rsquo;Europe 2,26 \u00b0C.<\/p>\n<p>Cette situation cr\u00e9e un dilemme pour les gouvernements europ\u00e9ens, qui cherchent d&rsquo;urgence des moyens de maintenir la population au frais sans contribuer au r\u00e9chauffement climatique qui aggrave les d\u00e9c\u00e8s li\u00e9s \u00e0 la chaleur, notamment par l&rsquo;utilisation excessive de l&rsquo;air conditionn\u00e9.<\/p>\n<p>\u00c0 l&rsquo;heure actuelle, l&rsquo;acc\u00e8s \u00e0 la climatisation en Europe est l&rsquo;un des plus faibles au monde, <a href=\"https:\/\/www.wri.org\/insights\/europes-heat-and-air-conditioning-dilemma\" target=\"_blank\" rel=\"noreferrer nofollow noopener\"><strong>selon le World Resources Institute<\/strong><\/a>. Seul un m\u00e9nage europ\u00e9en sur cinq (19 %) disposait d&rsquo;un climatiseur en 2022, ce qui est loin derri\u00e8re l&rsquo;Am\u00e9rique du Nord (76 %), l&rsquo;Asie-Pacifique (47 %) et m\u00eame bien en de\u00e7\u00e0 de la moyenne mondiale de 37 %.<\/p>\n<p>Historiquement, l&rsquo;Europe avait peu besoin de climatisation en raison de ses climats doux et de ses b\u00e2timents retenant la chaleur, mais la hausse des temp\u00e9ratures a rendu les \u00e9t\u00e9s de plus en plus insupportables, selon des rapports r\u00e9cents.<\/p>\n<p>L&rsquo;Europe se r\u00e9chauffant d\u00e9sormais deux fois plus vite que la moyenne mondiale, la demande de climatisation est une r\u00e9alit\u00e9 nouvelle et urgente.<\/p>\n<p>Les scientifiques rappellent r\u00e9guli\u00e8rement que le r\u00e9chauffement climatique est une r\u00e9alit\u00e9, qu\u2019il est provoqu\u00e9 par l\u2019activit\u00e9 humaine et qu\u2019il constitue une menace majeure pour la plan\u00e8te.<\/p>\n","protected":false},"excerpt":{"rendered":"PUBLICIT\u00c9 Le pr\u00e9sident des \u00c9tats-Unis Donald Trump a fait une s\u00e9rie d&rsquo;affirmations trompeuses et fausses lors de son&hellip;\n","protected":false},"author":2,"featured_media":424096,"comment_status":"","ping_status":"","sticky":false,"template":"","format":"standard","meta":{"footnotes":""},"categories":[1586],"tags":[11,1129,75,1777,674,10063,1011,27,1061,12,3521,25],"class_list":{"0":"post-424095","1":"post","2":"type-post","3":"status-publish","4":"format-standard","5":"has-post-thumbnail","7":"category-europe","8":"tag-actualites","9":"tag-climat","10":"tag-donald-trump","11":"tag-eu","12":"tag-europe","13":"tag-fact-checking","14":"tag-fr","15":"tag-france","16":"tag-immigration","17":"tag-news","18":"tag-onu","19":"tag-republique-francaise"},"share_on_mastodon":{"url":"https:\/\/pubeurope.com\/@fr\/115282796208857546","error":""},"_links":{"self":[{"href":"https:\/\/www.europesays.com\/fr\/wp-json\/wp\/v2\/posts\/424095","targetHints":{"allow":["GET"]}}],"collection":[{"href":"https:\/\/www.europesays.com\/fr\/wp-json\/wp\/v2\/posts"}],"about":[{"href":"https:\/\/www.europesays.com\/fr\/wp-json\/wp\/v2\/types\/post"}],"author":[{"embeddable":true,"href":"https:\/\/www.europesays.com\/fr\/wp-json\/wp\/v2\/users\/2"}],"replies":[{"embeddable":true,"href":"https:\/\/www.europesays.com\/fr\/wp-json\/wp\/v2\/comments?post=424095"}],"version-history":[{"count":0,"href":"https:\/\/www.europesays.com\/fr\/wp-json\/wp\/v2\/posts\/424095\/revisions"}],"wp:featuredmedia":[{"embeddable":true,"href":"https:\/\/www.europesays.com\/fr\/wp-json\/wp\/v2\/media\/424096"}],"wp:attachment":[{"href":"https:\/\/www.europesays.com\/fr\/wp-json\/wp\/v2\/media?parent=424095"}],"wp:term":[{"taxonomy":"category","embeddable":true,"href":"https:\/\/www.europesays.com\/fr\/wp-json\/wp\/v2\/categories?post=424095"},{"taxonomy":"post_tag","embeddable":true,"href":"https:\/\/www.europesays.com\/fr\/wp-json\/wp\/v2\/tags?post=424095"}],"curies":[{"name":"wp","href":"https:\/\/api.w.org\/{rel}","templated":true}]}}