{"id":424107,"date":"2025-09-28T16:15:17","date_gmt":"2025-09-28T16:15:17","guid":{"rendered":"https:\/\/www.europesays.com\/fr\/424107\/"},"modified":"2025-09-28T16:15:17","modified_gmt":"2025-09-28T16:15:17","slug":"championnat-du-monde-volleyball-2025-a-quelle-heure-et-sur-quelle-chaine-voir-la-finale-en-direct","status":"publish","type":"post","link":"https:\/\/www.europesays.com\/fr\/424107\/","title":{"rendered":"Championnat du monde volleyball 2025 : \u00e0 quelle heure et sur quelle cha\u00eene voir la finale en direct ?"},"content":{"rendered":"<p class=\"paragraph text_align_left lp-f-body-02\">Le championnat du monde a d\u00e9but\u00e9 le 12 septembre dernier, avec trente-deux \u00e9quipes en lice. Seules seize s\u00e9lections se sont qualifi\u00e9es en huiti\u00e8mes de finale \u00e0 l\u2019issue de la phase de poules. L\u2019\u00e9quipe de France a pris la troisi\u00e8me place du groupe C, synonyme d\u2019\u00e9limination. Apr\u00e8s avoir remport\u00e9 un premier succ\u00e8s contre la Cor\u00e9e du Sud (3-0), les joueurs tricolores ont subi deux d\u00e9faites cons\u00e9cutives contre la Finlande (2-3) et l\u2019Argentine (2-3). En phase finale, les tenants du titre ont d\u00e9fi\u00e9 l\u2019Argentine (0-3), avant de vaincre la Belgique (3-0). Lors des demi-finales, les Transalpins ont rencontr\u00e9 la Pologne, qui a \u00e9vinc\u00e9 le Canada (3-1) et la Turquie (3-0). Les \u00c9tats-Unis, la Bulgarie, l\u2019Iran et la Tch\u00e9quie sont \u00e9galement parvenus jusqu\u2019en quarts de finale. Ce week-end, on retrouve R\u00e9publique Tch\u00e8que et Pologne pour la derni\u00e8re manche de la comp\u00e9tition. Dans ces lignes on vous dit \u00e0 quelle heure et sur quelle cha\u00eene regarder la finale du championnat du monde de volleyball en direct.<\/p>\n<p class=\"paragraph text_align_left lp-f-body-02\"><b>La finale qui oppose la R\u00e9publique Tch\u00e8que et Pologne des championnats du monde de volleyball est diffus\u00e9e ce dimanche 29 septembre en direct sur la cha\u00eene L\u2019\u00c9quipe. La rencontre est pr\u00e9vue \u00e0 18h30 \u00e0 Pasay (Philippines)<\/b>. Les commentateurs prennent l\u2019antenne quelques minutes avant le coup d\u2019envoi pour pr\u00e9senter l\u2019affiche, le parcours des \u00e9quipes et les derni\u00e8res actualit\u00e9s de la comp\u00e9tition. Ils vous plongent ensuite au c\u0153ur des tribunes, d\u00e9cryptent les performances des joueurs et analysent les temps forts de la rencontre.<\/p>\n<p class=\"paragraph text_align_left lp-f-body-02\"><b>Fan de sports ? Voici une s\u00e9lection de bons plans sur les abonnements <\/b><\/p>\n","protected":false},"excerpt":{"rendered":"Le championnat du monde a d\u00e9but\u00e9 le 12 septembre dernier, avec trente-deux \u00e9quipes en lice. Seules seize s\u00e9lections&hellip;\n","protected":false},"author":2,"featured_media":424108,"comment_status":"","ping_status":"","sticky":false,"template":"","format":"standard","meta":{"footnotes":""},"categories":[1417],"tags":[55319,1011,27,749,60,6718,1470,1469],"class_list":{"0":"post-424107","1":"post","2":"type-post","3":"status-publish","4":"format-standard","5":"has-post-thumbnail","7":"category-volley","8":"tag-championnat-du-monde-volley-ball-2025","9":"tag-fr","10":"tag-france","11":"tag-guide-shopping","12":"tag-sports","13":"tag-tv-streaming","14":"tag-volley","15":"tag-volleyball"},"share_on_mastodon":{"url":"https:\/\/pubeurope.com\/@fr\/115282819430700907","error":""},"_links":{"self":[{"href":"https:\/\/www.europesays.com\/fr\/wp-json\/wp\/v2\/posts\/424107","targetHints":{"allow":["GET"]}}],"collection":[{"href":"https:\/\/www.europesays.com\/fr\/wp-json\/wp\/v2\/posts"}],"about":[{"href":"https:\/\/www.europesays.com\/fr\/wp-json\/wp\/v2\/types\/post"}],"author":[{"embeddable":true,"href":"https:\/\/www.europesays.com\/fr\/wp-json\/wp\/v2\/users\/2"}],"replies":[{"embeddable":true,"href":"https:\/\/www.europesays.com\/fr\/wp-json\/wp\/v2\/comments?post=424107"}],"version-history":[{"count":0,"href":"https:\/\/www.europesays.com\/fr\/wp-json\/wp\/v2\/posts\/424107\/revisions"}],"wp:featuredmedia":[{"embeddable":true,"href":"https:\/\/www.europesays.com\/fr\/wp-json\/wp\/v2\/media\/424108"}],"wp:attachment":[{"href":"https:\/\/www.europesays.com\/fr\/wp-json\/wp\/v2\/media?parent=424107"}],"wp:term":[{"taxonomy":"category","embeddable":true,"href":"https:\/\/www.europesays.com\/fr\/wp-json\/wp\/v2\/categories?post=424107"},{"taxonomy":"post_tag","embeddable":true,"href":"https:\/\/www.europesays.com\/fr\/wp-json\/wp\/v2\/tags?post=424107"}],"curies":[{"name":"wp","href":"https:\/\/api.w.org\/{rel}","templated":true}]}}