{"id":424114,"date":"2025-09-28T16:20:18","date_gmt":"2025-09-28T16:20:18","guid":{"rendered":"https:\/\/www.europesays.com\/fr\/424114\/"},"modified":"2025-09-28T16:20:18","modified_gmt":"2025-09-28T16:20:18","slug":"la-peugeot-n94-et-les-ferrari-n50-et-n51-penalisees-apres-larrivee-des-6-heures-de-fuji-lequipe","status":"publish","type":"post","link":"https:\/\/www.europesays.com\/fr\/424114\/","title":{"rendered":"La Peugeot n\u00b094 et les Ferrari n\u00b050 et n\u00b051 p\u00e9nalis\u00e9es apr\u00e8s l&#039;arriv\u00e9e des 6 Heures de Fuji &#8211; L&#039;\u00c9quipe"},"content":{"rendered":"<ol>\n<li><a href=\"https:\/\/news.google.com\/rss\/articles\/CBMi3AFBVV95cUxOZFJndF9mbWdwM0lJOHJOS05xQ1V1ZDctWUZwSl9PdHhYSlRhOHNfcjdvSk41R0tadklhVkpwTHFSLV82d2ZCek04ZTd3T0IyM1FnS1VFQmxnczBkWUFtUFlWWXFnM1NQTzdlckVIUTU3SGZOUVo3T0xSb2dKbHdmY24zSlBoU2t3RDhZMmNOelJQbXoxZlQ4cWxYYWhFOXNXT201a3JLSnZWNGY1WDZfODhFazdUSy1uUEhnR1dtUktlZnVLT2h2Q2M5TWE1WF9iNUJXbEx5TzlhdzJw?oc=5\" target=\"_blank\" rel=\"noopener\">La Peugeot n\u00b094 et les Ferrari n\u00b050 et n\u00b051 p\u00e9nalis\u00e9es apr\u00e8s l&rsquo;arriv\u00e9e des 6 Heures de Fuji<\/a>&nbsp;&nbsp;L&rsquo;\u00c9quipe<\/li>\n<li><a href=\"https:\/\/news.google.com\/rss\/articles\/CBMi2wFBVV95cUxNQjFKT0tIUWNHQ1pxazZzZk05Umd4aEY5blU0NjB3ekJ1RzJHWm5yQlhGeHFzR0ItcGRxdlhTVE05amdFdVNJcEF0UE8wQ3BDeU5TN0kwVWw0d1J5SkFaQVV6V0hrRGxvV2RNaWVOTTRlbFVZM1JVQU9kRTQtVi0tTG4xNDZycFVhMndUSHB4YUwzRVdjS21SMUdIMGNJWUVCc1NFNWdTYzdfSTJTV3RPQnRDZklzYl9QWGU0WVRfbjM5U2JsU1lLX1N0MkpkamNPWW5IWUJ4WTBnLTA?oc=5\" target=\"_blank\" rel=\"noopener\">6 Heures de Fuji &#8211; Alpine vainqueur devant Peugeot pour la 100e du WEC<\/a>&nbsp;&nbsp;Eurosport<\/li>\n<li><a href=\"https:\/\/news.google.com\/rss\/articles\/CBMihAJBVV95cUxQRUM5S2E1ZzJsNVFHNmlmZkpHTFZMLUN5ZVFkbmtrRmdILU1RTWZqS0RPTl91WV9iUDI1UzFnWEowOWIyS2FuRkdLeFBiMEtuZEVXbkxrRkpxRzhZQ2x3X2kwYklMbVk2b0ZUaDhiVV9JQTBaV2t1S2hqYjhWcmIyVE5pRHJ4aVRUcjdWUGhHUUQtQm15UTVUMThYYWowVzlTQW5JR2JpZVhwdmlaN1pqWG1TODZ1S3d6Zjc4cW5uTjU2cWQ2bWdUb2lXbEZuU1BjZjJoUmQwX1FYU3I2azJ1eE9iNGpXSzF2d2FLTS0xaUhlbGl5NjlBVmZGM3ZXN09yVU5RUQ?oc=5\" target=\"_blank\" rel=\"noopener\">Automobile. 6 Heures de Fuji : Toyota veut sauver l\u2019honneur, Ferrari peut d\u00e9j\u00e0 glaner le titre<\/a>&nbsp;&nbsp;Ouest-France<\/li>\n<li><a href=\"https:\/\/news.google.com\/rss\/articles\/CBMiwwFBVV95cUxNRDNHNlFaSTczWjZiWDVmTnd5Q254elp1MjJaME0yYUxYWC1fWndSN2dpR0ZLS1RKNmVfcXRTTnZtdTUxWHNGZGN2OWMzQUt3aS1EVHBFWFVsekhGa3dJVlFDTGZvellPUXlTTHlycUdNOC1TVGU5bktSWDB3RENrUkhCNGtvSEhZeTFIaERTT2lsd0c1YTkzTW5UdlJsMTgtMTdZN19OWFpRU2lwOHNaNnA0bnFrbUZzVHkwZ05PdENQeHc?oc=5\" target=\"_blank\" rel=\"noopener\">Auto. WEC : premi\u00e8re victoire pour Charles Milesi (Alpine) en championnat du monde \u00e0 Fuji<\/a>&nbsp;&nbsp;Le Bien Public<\/li>\n<li><a href=\"https:\/\/news.google.com\/rss\/articles\/CBMinwFBVV95cUxPLVRxQlVIeHVhT09rbU1lWFNwd0VUN1Fidk5yZzFqUHR4a1hfaTBIcFJnR1RhYWx5N0lUNXlEMGZyZllya3pidzZ4LXlVZVRkVTJrb0hZZ19pS2RhNmNyeWFxN2RWYkUwZG1JRDhQcGQtanNMNEtuUWdmcjhTQkw1Y212ZDZuQWxVM2plVzVvS21uOUlEcVBRU1J5QUExdlk?oc=5\" target=\"_blank\" rel=\"noopener\">Alpine qui gagne devant Peugeot en endurance, le sc\u00e9nario fou<\/a>&nbsp;&nbsp;Caradisiac<\/li>\n<\/ol>\n","protected":false},"excerpt":{"rendered":"La Peugeot n\u00b094 et les Ferrari n\u00b050 et n\u00b051 p\u00e9nalis\u00e9es apr\u00e8s l&rsquo;arriv\u00e9e des 6 Heures de Fuji&nbsp;&nbsp;L&rsquo;\u00c9quipe 6&hellip;\n","protected":false},"author":2,"featured_media":424115,"comment_status":"","ping_status":"","sticky":false,"template":"","format":"standard","meta":{"footnotes":""},"categories":[1412],"tags":[1451,1452,1453,1454,1455,1011,27,60],"class_list":{"0":"post-424114","1":"post","2":"type-post","3":"status-publish","4":"format-standard","5":"has-post-thumbnail","7":"category-f1","8":"tag-f1","9":"tag-formula-1","10":"tag-formula1","11":"tag-formule-1","12":"tag-formule1","13":"tag-fr","14":"tag-france","15":"tag-sports"},"share_on_mastodon":{"url":"https:\/\/pubeurope.com\/@fr\/115282839055396884","error":""},"_links":{"self":[{"href":"https:\/\/www.europesays.com\/fr\/wp-json\/wp\/v2\/posts\/424114","targetHints":{"allow":["GET"]}}],"collection":[{"href":"https:\/\/www.europesays.com\/fr\/wp-json\/wp\/v2\/posts"}],"about":[{"href":"https:\/\/www.europesays.com\/fr\/wp-json\/wp\/v2\/types\/post"}],"author":[{"embeddable":true,"href":"https:\/\/www.europesays.com\/fr\/wp-json\/wp\/v2\/users\/2"}],"replies":[{"embeddable":true,"href":"https:\/\/www.europesays.com\/fr\/wp-json\/wp\/v2\/comments?post=424114"}],"version-history":[{"count":0,"href":"https:\/\/www.europesays.com\/fr\/wp-json\/wp\/v2\/posts\/424114\/revisions"}],"wp:featuredmedia":[{"embeddable":true,"href":"https:\/\/www.europesays.com\/fr\/wp-json\/wp\/v2\/media\/424115"}],"wp:attachment":[{"href":"https:\/\/www.europesays.com\/fr\/wp-json\/wp\/v2\/media?parent=424114"}],"wp:term":[{"taxonomy":"category","embeddable":true,"href":"https:\/\/www.europesays.com\/fr\/wp-json\/wp\/v2\/categories?post=424114"},{"taxonomy":"post_tag","embeddable":true,"href":"https:\/\/www.europesays.com\/fr\/wp-json\/wp\/v2\/tags?post=424114"}],"curies":[{"name":"wp","href":"https:\/\/api.w.org\/{rel}","templated":true}]}}