{"id":424116,"date":"2025-09-28T16:21:10","date_gmt":"2025-09-28T16:21:10","guid":{"rendered":"https:\/\/www.europesays.com\/fr\/424116\/"},"modified":"2025-09-28T16:21:10","modified_gmt":"2025-09-28T16:21:10","slug":"pogacar-legendaire-seixas-sauve-le-bilan-bleu-parcours-de-fou-a-kigali-les-tops-et-flops-des-mondiaux-de-cyclisme","status":"publish","type":"post","link":"https:\/\/www.europesays.com\/fr\/424116\/","title":{"rendered":"Pogacar l\u00e9gendaire, Seixas \u00absauve\u00bb le bilan bleu, parcours de fou \u00e0 Kigali &#8230; Les Tops et Flops des Mondiaux de cyclisme"},"content":{"rendered":"<p>Tadej Pogacar s\u2019est impos\u00e9 \u00e0 Kigali au Rwanda pour assurer sa propre succession aux championnats du monde de cyclisme. Retrouvez ce qui a plu et d\u00e9plu \u00e0 notre r\u00e9daction.<\/p>\n<p class=\"fig-paragraph\"><strong>TOPS<\/strong><\/p>\n<p>Imbattable Pogacar<\/p>\n<p class=\"fig-paragraph\">Les ann\u00e9es, les courses passent et ses adversaires tr\u00e9passent tous. Tadej Pogacar repousse ses propres limites et impressionne davantage sur chaque rendez-vous. Pour ces Mondiaux 2025 au Rwanda en Afrique,<a href=\"http:\/\/www.lefigaro.fr\/sports\/cyclisme\/mondiaux-de-cyclisme-intouchable-tadej-pogacar-ecrase-la-concurrence-et-s-offre-un-nouveau-sacre-20250928\" data-fig-type=\"NewsFlash\" data-gtm-custom-categorie=\"navigation\" data-gtm-custom-action=\"crossclick\" data-gtm-custom-label=\"Contextuel\" data-gtm-event=\"customEventSPE\" data-fig-domain=\"LEFIGARO\" target=\"_blank\" rel=\"noopener\">\u00a0il s\u2019est offert une nouvelle victoire en solitaire apr\u00e8s un raid incroyable \u00e0 l\u2019avant<\/a>. Son deuxi\u00e8me titre de champion du monde cons\u00e9cutif apr\u00e8s celui de l\u2019an dernier \u00e0 Zurich. Le Slov\u00e8ne a remis les m\u00eames ingr\u00e9dients que lors de la derni\u00e8re \u00e9dition. En 2024, il s\u2019\u00e9tait \u00e9chapp\u00e9 \u00e0 104km, cette fois, c\u2019est \u00e0 101 km qu\u2019il a port\u00e9 son attaque d\u00e9cisive.<\/p>\n<p>                                    <a class=\"fig-a11y-skip a11y-hidden\" href=\"#fig-a11y-skip-main-inarticle\"><br \/>\n        Passer la publicit\u00e9<br \/>\n    <\/a><\/p>\n<p class=\"fig-paragraph\">Accompagn\u00e9 quelques kilom\u00e8tres par ses partenaires chez UAE mais adversaires du jour Juan Ayuso (Espagne) et Isaac Del Toro (Mexique), le quadruple vainqueur du Tour de France s\u2019est retrouv\u00e9 seul \u00e0 66 bornes de la ligne. Jamais perturb\u00e9, ni inqui\u00e9t\u00e9, m\u00eame face \u00e0 des groupes cons\u00e9quents capables de collaborer, le grimpeur de 27 ans n\u2019a rien perdu et franchi la ligne en solitaire avec 1 minute et 28 secondes d\u2019avance<a href=\"http:\/\/www.lefigaro.fr\/sports\/cyclisme\/mondiaux-de-cyclisme-en-video-le-coup-de-sang-de-remco-evenepoel-contre-son-equipe-20250928\" data-fig-type=\"NewsFlash\" data-gtm-custom-categorie=\"navigation\" data-gtm-custom-action=\"crossclick\" data-gtm-custom-label=\"Contextuel\" data-gtm-event=\"customEventSPE\" data-fig-domain=\"LEFIGARO\" target=\"_blank\" rel=\"noopener\">\u00a0sur le deuxi\u00e8me du jour Remco Evenepoel<\/a>. 17e victoire de la saison pour celui qui n\u2019en finit plus d\u2019affoler les compteurs. Avec ce succ\u00e8s, il rentre un peu plus dans l\u2019histoire en devenant le premier coureur sacr\u00e9 champion du monde en Afrique. Il rejoint aussi Eddy Merckx dans le cercle des vainqueurs de plusieurs \u00e9ditions du Tour de France et de plusieurs championnats du monde. Ne manque plus qu\u2019a son palmar\u00e8s \u00e0 rallonge, Paris Roubaix, la Vuelta et Milan San Remo, compliqu\u00e9 mais loin d\u2019\u00eatre impossible.<\/p>\n<p>Un parcours dingue<\/p>\n<p class=\"fig-paragraph\">\u00abIls ne seront pas nombreux \u00e0 finir\u00bb d\u00e9clarait avant le d\u00e9part le meilleur coureur africain Biniam Girmay. Une chose est s\u00fbre, il ne s\u2019est pas tromp\u00e9. Sur les 165 coureurs engag\u00e9s, 30 ont ralli\u00e9 l\u2019arriv\u00e9e. La raison\u00a0? Un parcours dantesque de 257 km, de l\u2019altitude (5.500 m de d\u00e9nivel\u00e9), la chaleur et la pollution, autant d\u2019\u00e9l\u00e9ments qui ont mis les coureurs \u00e0 rude \u00e9preuve aux Championnats du monde de cyclisme \u00e0 Kigali o\u00f9 ils \u00abont beaucoup souffert\u00bb comme l\u2019a affirm\u00e9 le vainqueur du jour. Une premi\u00e8re r\u00e9ussie en Afrique avec une belle ferveur sur le bord des routes et une course qui fera date pour son incroyable difficult\u00e9, en t\u00e9moigne les \u00e9carts cons\u00e9quents entre chaque coureur \u00e0 l\u2019arriv\u00e9e.<\/p>\n<p>Paul Seixas a de l\u2019avenir<\/p>\n<p class=\"fig-paragraph\">De miracle, il n\u2019y en a pas eu, mais\u00a0<a href=\"http:\/\/www.lefigaro.fr\/sports\/cyclisme\/cyclisme-duel-evenepoel-pogacar-equipe-de-france-seixas-5-questions-sur-la-course-en-ligne-hommes-des-mondiaux-20250927\" data-fig-type=\"NewsFlash\" data-gtm-custom-categorie=\"navigation\" data-gtm-custom-action=\"crossclick\" data-gtm-custom-label=\"Contextuel\" data-gtm-event=\"customEventSPE\" data-fig-domain=\"LEFIGARO\" target=\"_blank\" rel=\"noopener\">Paul Seixas<\/a>\u00a0a fait bien mieux que de la figuration pour ses premiers Mondiaux. \u00c0 19 ans, celui qui est consid\u00e9r\u00e9 comme\u00a0<a href=\"http:\/\/www.lefigaro.fr\/sports\/cyclisme\/mondiaux-de-cyclisme-une-bonne-claque-pour-paul-seixas-decu-de-ne-pas-avoir-honore-le-maillot-20250921\" data-fig-type=\"NewsFlash\" data-gtm-custom-categorie=\"navigation\" data-gtm-custom-action=\"crossclick\" data-gtm-custom-label=\"Contextuel\" data-gtm-event=\"customEventSPE\" data-fig-domain=\"LEFIGARO\" target=\"_blank\" rel=\"noopener\">la plus grande p\u00e9pite du cyclisme fran\u00e7ais<\/a>\u00a0depuis des d\u00e9cennies a fait parler ses qualit\u00e9s sur ce parcours difficile. Le grimpeur puncheur de la Decathlon AG2R La Mondiale Team s\u2019est battu pour rester au contact des touts meilleurs. Ce qu\u2019il a r\u00e9ussi \u00e0 faire jusqu\u2019aux 50 derniers kilom\u00e8tres. Sans jamais abandonner, il a d\u00e9croch\u00e9 une belle 13e place (1er fran\u00e7ais du jour) dans les m\u00eames temps que Thomas Pidcock et Primoz Roglic, rien que \u00e7a. On lui donne d\u00e9j\u00e0 rendez-vous l\u2019an prochain \u00e0 Montr\u00e9al pour peut-\u00eatre jouer les premiers r\u00f4les\u00a0?<\/p>\n<p>Evenepoel combatif&#8230;<\/p>\n<p class=\"fig-paragraph\">Il avait envoy\u00e9 un message\u00a0<a href=\"http:\/\/www.lefigaro.fr\/sports\/evenepoel-mate-pogacar-gressier-double-medaille-le-patron-verstappen-le-cauchemar-de-toulouse-nos-tops-et-flops-du-week-end-sport-20250922\" data-fig-type=\"NewsFlash\" data-gtm-custom-categorie=\"navigation\" data-gtm-custom-action=\"crossclick\" data-gtm-custom-label=\"Contextuel\" data-gtm-event=\"customEventSPE\" data-fig-domain=\"LEFIGARO\" target=\"_blank\" rel=\"noopener\">fort \u00e0 Tadej Pogacar sur le contre-la-montre la semaine<\/a>\u00a0derni\u00e8re en s\u2019imposant avec la mani\u00e8re devant le Slov\u00e8ne. Sur la course en ligne, Remco Evenepoel sacr\u00e9 en 2022 faisait office de rival principal pour l\u2019intouchable Slov\u00e8ne; le moins qu\u2019on puisse dire, c\u2019est que le coureur de la Soudal Quick Step a assum\u00e9 son statut et tout tent\u00e9 pour revenir sur Pogacar \u00e0 l\u2019avant. Dynamiteur fou, il a multipli\u00e9 les changements de rythme pour tenter de r\u00e9duire l\u2019\u00e9cart, en vain. Au final, sans v\u00e9ritablement forcer, il a l\u00e2ch\u00e9 l\u2019ensemble du peloton pour s\u2019isoler avec 4 hommes \u00e0 59 km de la ligne. Puis est parti seul \u00e0 20 bornes de l\u2019arriv\u00e9e pour s\u2019assurer une m\u00e9daille d\u2019argent bien m\u00e9rit\u00e9.<\/p>\n<p class=\"fig-paragraph\"><strong>FLOPS<\/strong><\/p>\n<p>                                    <a class=\"fig-a11y-skip a11y-hidden\" href=\"#fig-a11y-skip-main-inarticle_mtf\"><br \/>\n        Passer la publicit\u00e9<br \/>\n    <\/a><\/p>\n<p>Mais aussi poissard<\/p>\n<p class=\"fig-paragraph\">Il semblait un cran en dessous de Tadej Pogacar. La premi\u00e8re acc\u00e9l\u00e9ration du Slov\u00e8ne \u00e0 104km de l\u2019arriv\u00e9e a mis dans le dur Remco Evenepoel. Mais derri\u00e8re, le Belge semblait retrouver ses jambes et son rythme pour revenir progressivement sur le Slov\u00e8ne. Mais le leader de la Belgique a d\u00fb affronter des incidents m\u00e9caniques. Une premi\u00e8re crevaison \u00e0 89km de l\u2019arriv\u00e9e. Puis 15 kilom\u00e8tres plus tard, un probl\u00e8me de selle\u00a0l\u2019a forc\u00e9 \u00e0 s\u2019arr\u00eater. Cette fois, son \u00e9quipe a mis beaucoup plus de temps \u00e0 intervenir lui faisant perdre de pr\u00e9cieuse seconde et provoquant son agacement. Du temps et de l\u2019\u00e9nergie pr\u00e9cieuse perdue pour recoller sur le peloton. Des forces qui lui ont certainement manqu\u00e9 dans le final de l\u2019\u00e9preuve.<\/p>\n<p>Un suspense inexistant<\/p>\n<p class=\"fig-paragraph\">Pogacar \u00e9crase tout le monde et fait r\u00eaver le public en repoussant syst\u00e9matiquement ses limites. Mais, dans le m\u00eame temps, il d\u00e9truit tout suspense. D\u00e9j\u00e0 l\u2019an dernier, il \u00e9tait parti \u00e0 plus de 100 bornes de la ligne pour s\u2019imposer seul en ne portant qu\u2019une attaque d\u00e9cisive. \u00c0 Zurich, dans les derniers kilom\u00e8tres, le Slov\u00e8ne avait vu l\u2019\u00e9cart fondre pour ne s\u2019imposer qu\u2019avec 34 secondes d\u2019avance sur le second (Ben O\u2019Connor). Cette fois \u00e0 Kigali, m\u00eame proc\u00e9d\u00e9, une seule attaque d\u00e9cisive mais un retard stable constant et jamais moins d\u2019une minute d\u2019avance sur ses poursuivants. Nous condamnant \u00e0 50 derniers kilom\u00e8tres sans le moindre suspense. C\u2019est beaucoup trop fort, plus personne ne peut lui r\u00e9sister. Bis repetita le week-end prochain pour les championnats d\u2019Europe\u00a0?<\/p>\n<p>Derri\u00e8re Seixas, le n\u00e9ant Tricolore<\/p>\n<p class=\"fig-paragraph\">Le s\u00e9lectionneur des Bleus Thomas Voeckler arrivait plein d\u2019ambitions pour ces championnats du monde. Pourtant, les Tricolores ont eu bien du mal \u00e0 se distinguer. En dehors de l\u2019\u00e9claircie Paul Seixas (13e), les Fran\u00e7ais n\u2019ont pas \u00e9t\u00e9 au rendez-vous. Pavel Sivakov a tent\u00e9 de lancer un contre \u00e0 71 km de la ligne, mais a d\u00fb y renoncer une dizaine de kilom\u00e8tres plus loin faute de jambe (15e \u00e0 l\u2019arriv\u00e9e). Pire, la t\u00eate d\u2019affiche des Bleus, le double champion du monde et r\u00e9cent\u00a0<a href=\"http:\/\/www.lefigaro.fr\/sports\/cyclisme\/cyclisme-julian-alaphilippe-remporte-le-grand-prix-de-quebec-20250912\" data-fig-type=\"NewsFlash\" data-gtm-custom-categorie=\"navigation\" data-gtm-custom-action=\"crossclick\" data-gtm-custom-label=\"Contextuel\" data-gtm-event=\"customEventSPE\" data-fig-domain=\"LEFIGARO\" target=\"_blank\" rel=\"noopener\">vainqueur du Grand Prix du Qu\u00e9bec<\/a>\u00a0Julian Alaphilippe a jet\u00e9 l\u2019\u00e9ponge apr\u00e8s 30 km de course. Malade depuis plusieurs jours et dans le dur physiquement, le coureur de la Tudor n\u2019a pu tenir les roues du peloton bien longtemps comme pr\u00e9vu. Pourquoi l\u2019avoir align\u00e9 co\u00fbte que co\u00fbte, la question m\u00e9rite d\u2019\u00eatre pos\u00e9.<\/p>\n","protected":false},"excerpt":{"rendered":"Tadej Pogacar s\u2019est impos\u00e9 \u00e0 Kigali au Rwanda pour assurer sa propre succession aux championnats du monde de&hellip;\n","protected":false},"author":2,"featured_media":424117,"comment_status":"","ping_status":"","sticky":false,"template":"","format":"standard","meta":{"footnotes":""},"categories":[1411],"tags":[1154,207,1011,27,11697,60,1138],"class_list":{"0":"post-424116","1":"post","2":"type-post","3":"status-publish","4":"format-standard","5":"has-post-thumbnail","7":"category-cyclisme","8":"tag-cycling","9":"tag-cyclisme","10":"tag-fr","11":"tag-france","12":"tag-remco-evenepoel","13":"tag-sports","14":"tag-tadej-pogacar"},"share_on_mastodon":{"url":"https:\/\/pubeurope.com\/@fr\/115282843032107734","error":""},"_links":{"self":[{"href":"https:\/\/www.europesays.com\/fr\/wp-json\/wp\/v2\/posts\/424116","targetHints":{"allow":["GET"]}}],"collection":[{"href":"https:\/\/www.europesays.com\/fr\/wp-json\/wp\/v2\/posts"}],"about":[{"href":"https:\/\/www.europesays.com\/fr\/wp-json\/wp\/v2\/types\/post"}],"author":[{"embeddable":true,"href":"https:\/\/www.europesays.com\/fr\/wp-json\/wp\/v2\/users\/2"}],"replies":[{"embeddable":true,"href":"https:\/\/www.europesays.com\/fr\/wp-json\/wp\/v2\/comments?post=424116"}],"version-history":[{"count":0,"href":"https:\/\/www.europesays.com\/fr\/wp-json\/wp\/v2\/posts\/424116\/revisions"}],"wp:featuredmedia":[{"embeddable":true,"href":"https:\/\/www.europesays.com\/fr\/wp-json\/wp\/v2\/media\/424117"}],"wp:attachment":[{"href":"https:\/\/www.europesays.com\/fr\/wp-json\/wp\/v2\/media?parent=424116"}],"wp:term":[{"taxonomy":"category","embeddable":true,"href":"https:\/\/www.europesays.com\/fr\/wp-json\/wp\/v2\/categories?post=424116"},{"taxonomy":"post_tag","embeddable":true,"href":"https:\/\/www.europesays.com\/fr\/wp-json\/wp\/v2\/tags?post=424116"}],"curies":[{"name":"wp","href":"https:\/\/api.w.org\/{rel}","templated":true}]}}