{"id":424120,"date":"2025-09-28T16:23:12","date_gmt":"2025-09-28T16:23:12","guid":{"rendered":"https:\/\/www.europesays.com\/fr\/424120\/"},"modified":"2025-09-28T16:23:12","modified_gmt":"2025-09-28T16:23:12","slug":"veronique-sanson-revient-sur-le-grave-accident-provoque-par-pierre-palmade","status":"publish","type":"post","link":"https:\/\/www.europesays.com\/fr\/424120\/","title":{"rendered":"V\u00e9ronique Sanson revient sur le grave accident provoqu\u00e9 par Pierre Palmade"},"content":{"rendered":"<p class=\"mb-4 text-lg md:leading-8 break-words\"><a href=\"https:\/\/www.bfmtv.com\/culture\/michel-fugain-et-veronique-sanson-se-decorent-mutuellement-de-l-ordre-des-arts-et-des-lettres_VN-202501280201.html\" rel=\"nofollow noopener\" target=\"_blank\" data-ylk=\"slk:V\u00e9ronique Sanson;elm:context_link;itc:0;sec:content-canvas\" class=\"link \">V\u00e9ronique Sanson<\/a> s&rsquo;est exprim\u00e9e pour la premi\u00e8re fois sur le <a href=\"https:\/\/fr.news.yahoo.com\/info-bfmtv-pierre-palmade-%C3%A9t%C3%A9-115427575.html\" data-ylk=\"slk:grave accident de la route;elm:context_link;itc:0;sec:content-canvas;outcm:mb_qualified_link;_E:mb_qualified_link;ct:story;\" class=\"link  yahoo-link\" target=\"_blank\" rel=\"noopener\">grave accident de la route<\/a> caus\u00e9 par Pierre Palmade sous l&#8217;emprise de stup\u00e9fiants en f\u00e9vrier 2023, ce dimanche 28 septembre, au micro de TF1.<\/p>\n<p class=\"mb-4 text-lg md:leading-8 break-words\">\u00ab\u00a0Je ne l&rsquo;ai pas condamn\u00e9 parce que je n&rsquo;avais pas envie de dire publiquement que ce qu&rsquo;il avait fait \u00e9tait \u00e9pouvantable et c&rsquo;est \u00e9pouvantable ce qu&rsquo;il a fait, c&rsquo;est d&rsquo;un autre monde\u00a0\u00bb, a-t-elle d\u00e9clar\u00e9.<\/p>\n<p>\u00ab\u00a0Il aurait pu avoir plus de condamnation\u00a0\u00bb<\/p>\n<p class=\"mb-4 text-lg md:leading-8 break-words\">Le 10 f\u00e9vrier 2023, prenant le volant apr\u00e8s trois jours \u00e0 consommer des drogues sans dormir, le com\u00e9dien avait percut\u00e9 une voiture roulant sur la voie oppos\u00e9e. Trois personnes avaient \u00e9t\u00e9 gravement bless\u00e9es, dont une femme enceinte, qui avait perdu son enfant. Il avait \u00e9t\u00e9 condamn\u00e9 \u00e0 cinq ans de prison, dont deux ferme.<\/p>\n<p class=\"mb-4 text-lg md:leading-8 break-words\">\u00ab\u00a0Quand il a \u00e9t\u00e9 condamn\u00e9 \u00e0 de la prison, je me suis dit &lsquo;c&rsquo;est bien fait pour lui'\u00a0\u00bb, a r\u00e9agi V\u00e9ronique Sanson. \u00ab\u00a0Je trouve qu&rsquo;il aurait pu avoir plus de condamnation quand m\u00eame parce que quand un petit b\u00e9b\u00e9 meurt la maman n&rsquo;oubliera jamais \u00e7a. Pour une dose de je ne sais quoi, de faire \u00e7a c&rsquo;est atroce\u00a0\u00bb, a-t-elle ajout\u00e9.<\/p>\n<p class=\"mb-4 text-lg md:leading-8 break-words\"><a href=\"https:\/\/www.bfmtv.com\/people\/quand-il-a-ete-condamne-je-me-suis-dit-c-est-bien-fait-veronique-sanson-revient-sur-le-grave-accident-provoque-par-pierre-palmade_AN-202509280249.html#xtor=AL-68\" rel=\"nofollow noopener\" target=\"_blank\" data-ylk=\"slk:Article original publi\u00e9 sur BFMTV.com;elm:context_link;itc:0;sec:content-canvas\" class=\"link \">Article original publi\u00e9 sur BFMTV.com<\/a><\/p>\n","protected":false},"excerpt":{"rendered":"V\u00e9ronique Sanson s&rsquo;est exprim\u00e9e pour la premi\u00e8re fois sur le grave accident de la route caus\u00e9 par Pierre&hellip;\n","protected":false},"author":2,"featured_media":424121,"comment_status":"","ping_status":"","sticky":false,"template":"","format":"standard","meta":{"footnotes":""},"categories":[1359],"tags":[4376,2511,58,59,1011,27,973,1250,15151,25840],"class_list":{"0":"post-424120","1":"post","2":"type-post","3":"status-publish","4":"format-standard","5":"has-post-thumbnail","7":"category-people","8":"tag-accident-de-la-route","9":"tag-cest","10":"tag-divertissement","11":"tag-entertainment","12":"tag-fr","13":"tag-france","14":"tag-people","15":"tag-pierre-palmade","16":"tag-veronique-sanson","17":"tag-viktorija-burakauskas"},"share_on_mastodon":{"url":"https:\/\/pubeurope.com\/@fr\/115282851035374217","error":""},"_links":{"self":[{"href":"https:\/\/www.europesays.com\/fr\/wp-json\/wp\/v2\/posts\/424120","targetHints":{"allow":["GET"]}}],"collection":[{"href":"https:\/\/www.europesays.com\/fr\/wp-json\/wp\/v2\/posts"}],"about":[{"href":"https:\/\/www.europesays.com\/fr\/wp-json\/wp\/v2\/types\/post"}],"author":[{"embeddable":true,"href":"https:\/\/www.europesays.com\/fr\/wp-json\/wp\/v2\/users\/2"}],"replies":[{"embeddable":true,"href":"https:\/\/www.europesays.com\/fr\/wp-json\/wp\/v2\/comments?post=424120"}],"version-history":[{"count":0,"href":"https:\/\/www.europesays.com\/fr\/wp-json\/wp\/v2\/posts\/424120\/revisions"}],"wp:featuredmedia":[{"embeddable":true,"href":"https:\/\/www.europesays.com\/fr\/wp-json\/wp\/v2\/media\/424121"}],"wp:attachment":[{"href":"https:\/\/www.europesays.com\/fr\/wp-json\/wp\/v2\/media?parent=424120"}],"wp:term":[{"taxonomy":"category","embeddable":true,"href":"https:\/\/www.europesays.com\/fr\/wp-json\/wp\/v2\/categories?post=424120"},{"taxonomy":"post_tag","embeddable":true,"href":"https:\/\/www.europesays.com\/fr\/wp-json\/wp\/v2\/tags?post=424120"}],"curies":[{"name":"wp","href":"https:\/\/api.w.org\/{rel}","templated":true}]}}