{"id":424139,"date":"2025-09-28T16:34:11","date_gmt":"2025-09-28T16:34:11","guid":{"rendered":"https:\/\/www.europesays.com\/fr\/424139\/"},"modified":"2025-09-28T16:34:11","modified_gmt":"2025-09-28T16:34:11","slug":"comment-trump-entend-ravir-a-la-chine-le-controle-de-tiktok-liberation","status":"publish","type":"post","link":"https:\/\/www.europesays.com\/fr\/424139\/","title":{"rendered":"Comment Trump entend ravir \u00e0 la Chine le contr\u00f4le de TikTok \u2013 Lib\u00e9ration"},"content":{"rendered":"<p class=\"sc-cPiKLX AiZTS text-element\">\u00abTout sera g\u00e9r\u00e9 par des Am\u00e9ricains.\u00bb Depuis le Bureau ovale de la Maison Blanche, le pr\u00e9sident am\u00e9ricain, Donald Trump, fanfaronne. Il annonce fi\u00e8rement, ce 25 septembre, qu\u2019il vient de signer un d\u00e9cret d\u00e9finissant les contours de <a href=\"https:\/\/www.liberation.fr\/international\/amerique\/interdiction-de-tiktok-trump-annonce-un-deal-avec-la-chine-20250915_GLHYW5F5EFEJRM2MLV3KCKCYEU\/?redirected=1\" target=\"_blank\" rel=\"nofollow noopener\">la cession des activit\u00e9s aux Etats-Unis de TikTok<\/a> \u00e0 un consortium de soci\u00e9t\u00e9s am\u00e9ricaines. ByteDance, la maison-m\u00e8re chinoise du r\u00e9seau social de vid\u00e9os verticales, tr\u00e8s pris\u00e9 des jeunes, se voit expuls\u00e9e de sa filiale dont elle ne conservera qu\u2019une participation minoritaire (tout au plus 20 % du capital). Le point final d\u2019un bras de fer entre Washington et P\u00e9kin qui dure en r\u00e9alit\u00e9 depuis 2019 ? Pas si s\u00fbr, mais c\u2019est n\u00e9anmoins une \u00e9tape majeure. <\/p>\n<p class=\"sc-cPiKLX AiZTS text-element\">En piste pour racheter la branche am\u00e9ricaine de TikTok, <a href=\"https:\/\/www.liberation.fr\/international\/amerique\/les-riches-soutiens-de-donald-trump-dont-rupert-murdoch-vont-prendre-les-renes-de-la-version-americaine-de-tiktok-20250926_MQJPTKVI3RCLDNXN52763QHIBE\/\" target=\"_blank\" rel=\"nofollow noopener\">un quarteron d\u2019investisseurs<\/a> \u00abtr\u00e8s sophistiqu\u00e9s\u00bb d\u2019apr\u00e8s Donald Trump. Et surtout tr\u00e8s riches et de fid\u00e8les soutiens : Michael Dell, le fondateur du groupe d\u2019ordinateurs Dell, <a href=\"https:\/\/www.liberation.fr\/economie\/medias\/guerre-de-succession-dans-la-famille-murdoch-un-epilogue-a-33-milliards-de-dollars-20250 &lt;div style=\" clear:=\"\" both=\"\" rel=\"nofollow noopener\" target=\"_blank\"><\/p>\n","protected":false},"excerpt":{"rendered":"\u00abTout sera g\u00e9r\u00e9 par des Am\u00e9ricains.\u00bb Depuis le Bureau ovale de la Maison Blanche, le pr\u00e9sident am\u00e9ricain, Donald&hellip;\n","protected":false},"author":2,"featured_media":424140,"comment_status":"","ping_status":"","sticky":false,"template":"","format":"standard","meta":{"footnotes":""},"categories":[6],"tags":[35,75,33,34,1011,27,2439,7084],"class_list":{"0":"post-424139","1":"post","2":"type-post","3":"status-publish","4":"format-standard","5":"has-post-thumbnail","7":"category-economie","8":"tag-business","9":"tag-donald-trump","10":"tag-economie","11":"tag-economy","12":"tag-fr","13":"tag-france","14":"tag-tiktok","15":"tag-xi-jinping"},"share_on_mastodon":{"url":"https:\/\/pubeurope.com\/@fr\/115282894209606469","error":""},"_links":{"self":[{"href":"https:\/\/www.europesays.com\/fr\/wp-json\/wp\/v2\/posts\/424139","targetHints":{"allow":["GET"]}}],"collection":[{"href":"https:\/\/www.europesays.com\/fr\/wp-json\/wp\/v2\/posts"}],"about":[{"href":"https:\/\/www.europesays.com\/fr\/wp-json\/wp\/v2\/types\/post"}],"author":[{"embeddable":true,"href":"https:\/\/www.europesays.com\/fr\/wp-json\/wp\/v2\/users\/2"}],"replies":[{"embeddable":true,"href":"https:\/\/www.europesays.com\/fr\/wp-json\/wp\/v2\/comments?post=424139"}],"version-history":[{"count":0,"href":"https:\/\/www.europesays.com\/fr\/wp-json\/wp\/v2\/posts\/424139\/revisions"}],"wp:featuredmedia":[{"embeddable":true,"href":"https:\/\/www.europesays.com\/fr\/wp-json\/wp\/v2\/media\/424140"}],"wp:attachment":[{"href":"https:\/\/www.europesays.com\/fr\/wp-json\/wp\/v2\/media?parent=424139"}],"wp:term":[{"taxonomy":"category","embeddable":true,"href":"https:\/\/www.europesays.com\/fr\/wp-json\/wp\/v2\/categories?post=424139"},{"taxonomy":"post_tag","embeddable":true,"href":"https:\/\/www.europesays.com\/fr\/wp-json\/wp\/v2\/tags?post=424139"}],"curies":[{"name":"wp","href":"https:\/\/api.w.org\/{rel}","templated":true}]}}