{"id":424141,"date":"2025-09-28T16:35:11","date_gmt":"2025-09-28T16:35:11","guid":{"rendered":"https:\/\/www.europesays.com\/fr\/424141\/"},"modified":"2025-09-28T16:35:11","modified_gmt":"2025-09-28T16:35:11","slug":"plusieurs-personnes-blessees-apres-une-fusillade-et-un-incendie-dans-une-eglise-du-michigan","status":"publish","type":"post","link":"https:\/\/www.europesays.com\/fr\/424141\/","title":{"rendered":"plusieurs personnes bless\u00e9es apr\u00e8s une fusillade et un incendie dans une \u00e9glise du Michigan"},"content":{"rendered":"<p>\u00abIl y a plusieurs victimes et le tireur a \u00e9t\u00e9 neutralis\u00e9. Il n\u2019y a actuellement aucune menace pour le public. L\u2019\u00e9glise est en proie aux flammes\u00bb, a d\u00e9clar\u00e9 la police, exhortant les gens \u00e0 \u00e9viter la zone.<\/p>\n<p class=\"fig-paragraph\">Plusieurs personnes ont \u00e9t\u00e9 bless\u00e9es dimanche apr\u00e8s une fusillade et un incendie dans une \u00e9glise de l\u2019est du\u00a0<a href=\"http:\/\/www.lefigaro.fr\/international\/a-dearborn-capitale-arabe-du-michigan-ces-electeurs-qui-ne-regrettent-pas-d-avoir-fait-elire-donald-trump-20250317\" target=\"_blank\" data-fig-type=\"Article\" rel=\"noopener\" data-gtm-custom-categorie=\"navigation\" data-gtm-custom-action=\"crossclick\" data-gtm-custom-label=\"Contextuel\" data-gtm-event=\"customEventSPE\" data-fig-domain=\"LEFIGARO\">Michigan<\/a>, a d\u00e9clar\u00e9 la police locale sur les r\u00e9seaux sociaux.<\/p>\n<p class=\"fig-paragraph\">L\u2019incident s\u2019est produit \u00e0 l\u2019\u00e9glise de J\u00e9sus-Christ des Saints des Derniers Jours \u00e0 Grand Blanc, une petite communaut\u00e9 au nord-ouest de Detroit, a d\u00e9clar\u00e9 le d\u00e9partement de police de Grand Blanc Township dans un message publi\u00e9 sur Facebook.<\/p>\n<p>                                    <a class=\"fig-a11y-skip a11y-hidden\" href=\"#fig-a11y-skip-main-inarticle\"><br \/>\n        Passer la publicit\u00e9<br \/>\n    <\/a><\/p>\n<p class=\"fig-paragraph\">\u00abIl y a plusieurs victimes et le tireur a \u00e9t\u00e9 neutralis\u00e9. Il n\u2019y a actuellement aucune menace pour le public. L\u2019\u00e9glise est en proie aux flammes\u00bb, a d\u00e9clar\u00e9 la police, exhortant les gens \u00e0 \u00e9viter la zone. Aucun autre d\u00e9tail n\u2019\u00e9tait disponible et la nature des blessures n\u2019\u00e9tait pas imm\u00e9diatement claire.<\/p>\n<p class=\"fig-paragraph\">Des vid\u00e9os montrant une \u00e9paisse fum\u00e9e grise se r\u00e9pandre dans le ciel circulent massivement sur les r\u00e9seaux sociaux. Sur les images, on peut \u00e9galement voir l\u2019intervention de dizaines de pompiers.<\/p>\n","protected":false},"excerpt":{"rendered":"\u00abIl y a plusieurs victimes et le tireur a \u00e9t\u00e9 neutralis\u00e9. Il n\u2019y a actuellement aucune menace pour&hellip;\n","protected":false},"author":2,"featured_media":424142,"comment_status":"","ping_status":"","sticky":false,"template":"","format":"standard","meta":{"footnotes":""},"categories":[5],"tags":[11,73,1011,27,3832,14,12,28],"class_list":{"0":"post-424141","1":"post","2":"type-post","3":"status-publish","4":"format-standard","5":"has-post-thumbnail","7":"category-international","8":"tag-actualites","9":"tag-etats-unis","10":"tag-fr","11":"tag-france","12":"tag-fusillade","13":"tag-international","14":"tag-news","15":"tag-world"},"share_on_mastodon":{"url":"https:\/\/pubeurope.com\/@fr\/115282898306628088","error":""},"_links":{"self":[{"href":"https:\/\/www.europesays.com\/fr\/wp-json\/wp\/v2\/posts\/424141","targetHints":{"allow":["GET"]}}],"collection":[{"href":"https:\/\/www.europesays.com\/fr\/wp-json\/wp\/v2\/posts"}],"about":[{"href":"https:\/\/www.europesays.com\/fr\/wp-json\/wp\/v2\/types\/post"}],"author":[{"embeddable":true,"href":"https:\/\/www.europesays.com\/fr\/wp-json\/wp\/v2\/users\/2"}],"replies":[{"embeddable":true,"href":"https:\/\/www.europesays.com\/fr\/wp-json\/wp\/v2\/comments?post=424141"}],"version-history":[{"count":0,"href":"https:\/\/www.europesays.com\/fr\/wp-json\/wp\/v2\/posts\/424141\/revisions"}],"wp:featuredmedia":[{"embeddable":true,"href":"https:\/\/www.europesays.com\/fr\/wp-json\/wp\/v2\/media\/424142"}],"wp:attachment":[{"href":"https:\/\/www.europesays.com\/fr\/wp-json\/wp\/v2\/media?parent=424141"}],"wp:term":[{"taxonomy":"category","embeddable":true,"href":"https:\/\/www.europesays.com\/fr\/wp-json\/wp\/v2\/categories?post=424141"},{"taxonomy":"post_tag","embeddable":true,"href":"https:\/\/www.europesays.com\/fr\/wp-json\/wp\/v2\/tags?post=424141"}],"curies":[{"name":"wp","href":"https:\/\/api.w.org\/{rel}","templated":true}]}}