{"id":424143,"date":"2025-09-28T16:36:33","date_gmt":"2025-09-28T16:36:33","guid":{"rendered":"https:\/\/www.europesays.com\/fr\/424143\/"},"modified":"2025-09-28T16:36:33","modified_gmt":"2025-09-28T16:36:33","slug":"le-rn-met-en-garde-sebastien-lecornu-contre-ladoption-du-budget-par-ordonnances","status":"publish","type":"post","link":"https:\/\/www.europesays.com\/fr\/424143\/","title":{"rendered":"Le RN met en garde S\u00e9bastien Lecornu contre l\u2019adoption du budget par ordonnances"},"content":{"rendered":"<p>Le RN met la pression (une de plus) sur <a href=\"https:\/\/www.20minutes.fr\/politique\/sebastien-lecornu\/\" class=\"c-link c-link--is-underlined\" target=\"_blank\" rel=\"noopener\">S\u00e9bastien Lecornu<\/a>. Jean-Philippe Tanguy, chef de file de son groupe sur le budget, a ainsi mis en garde <a href=\"https:\/\/www.youtube.com\/watch?v=4AkwKdAibxc\" target=\"_blank\" class=\"c-link c-link--is-underlined\" rel=\"noopener\">dimanche sur LCI <\/a>contre l\u2019adoption du budget par ordonnances, soup\u00e7onnant le <a href=\"https:\/\/www.20minutes.fr\/dossier\/premier_ministre\" class=\"c-link c-link--is-underlined\" target=\"_blank\" rel=\"noopener\">Premier ministre<\/a> de \u00ab\u00a0jouer la montre\u00a0\u00bb \u00e0 cette fin. \u00ab\u00a0Je connais quand m\u00eame beaucoup la Macronie maintenant, je connais bien son personnel politique. Je redoute que tous ces gens veuillent jouer la montre [\u2026] pr\u00e9voir un d\u00e9bat parlementaire qui va s\u2019enliser\u00a0\u00bb sur le budget, pour in fine utiliser l\u2019article\u00a047 de la Constitution et \u00ab\u00a0court-circuiter le <a href=\"https:\/\/www.20minutes.fr\/dossier\/parlement\" class=\"c-link c-link--is-underlined\" target=\"_blank\" rel=\"noopener\">Parlement<\/a>\u00a0\u00bb, a d\u00e9clar\u00e9 Tanguy.<\/p>\n<\/p>\n<p>70 jours de d\u00e9bats<\/p>\n<p>L\u2019article\u00a047 permet de faire passer le budget par ordonnances si le d\u00e9lai de soixante-dix jours fix\u00e9 par la loi fondamentale pour adopter le projet de loi de finances avant le 31\u00a0d\u00e9cembre n\u2019est pas respect\u00e9. Le gouvernement devrait pr\u00e9senter son budget en Conseil des ministres autour de la mi-octobre, et l\u2019examen commencer en s\u00e9ance \u00e0 l\u2019Assembl\u00e9e le 20.<\/p>\n<p>Tanguy a redit la d\u00e9ception de son camp face \u00e0 l\u2019interview accord\u00e9e vendredi par M. Lecornu au Parisien, o\u00f9 il a d\u00e9voil\u00e9 de premi\u00e8res orientations. \u00ab\u00a0Il faut quand m\u00eame bien dire qu\u2019on est rest\u00e9 sur notre faim avec l\u2019entretien qu\u2019il a donn\u00e9 cette semaine. Apr\u00e8s trois semaines de silence, on pouvait s\u2019attendre \u00e0 des annonces concr\u00e8tes, \u00e0 une vision, et on a l\u2019impression que Lecornu essaie d\u00e9sesp\u00e9r\u00e9ment de gagner du temps [\u2026] Il n\u2019y a rien dedans\u00a0\u00bb, a-t-il fustig\u00e9, jugeant que le locataire de <a href=\"https:\/\/www.20minutes.fr\/dossier\/matignon\" class=\"c-link c-link--is-underlined\" target=\"_blank\" rel=\"noopener\">Matignon<\/a> \u00ab\u00a0n\u2019est pas du tout rentr\u00e9 dans l\u2019atmosph\u00e8re\u00a0\u00bb. Il a confirm\u00e9 que son groupe pourrait voter la motion de censure de la gauche apr\u00e8s la d\u00e9claration de politique de Lecornu, \u00e0 moins d\u2019une \u00ab\u00a0rupture\u00a0\u00bb dans la politique de l\u2019ex\u00e9cutif.<\/p>\n","protected":false},"excerpt":{"rendered":"Le RN met la pression (une de plus) sur S\u00e9bastien Lecornu. Jean-Philippe Tanguy, chef de file de son&hellip;\n","protected":false},"author":2,"featured_media":424144,"comment_status":"","ping_status":"","sticky":false,"template":"","format":"standard","meta":{"footnotes":""},"categories":[4],"tags":[47,11,1003,1011,27,49272,12,316,3363,2556,25,11067],"class_list":{"0":"post-424143","1":"post","2":"type-post","3":"status-publish","4":"format-standard","5":"has-post-thumbnail","7":"category-france","8":"tag-actualite","9":"tag-actualites","10":"tag-budget","11":"tag-fr","12":"tag-france","13":"tag-matignon","14":"tag-news","15":"tag-politique","16":"tag-premier-ministre","17":"tag-rassemblement-national-rn","18":"tag-republique-francaise","19":"tag-sebastien-lecornu"},"share_on_mastodon":{"url":"https:\/\/pubeurope.com\/@fr\/115282901942935553","error":""},"_links":{"self":[{"href":"https:\/\/www.europesays.com\/fr\/wp-json\/wp\/v2\/posts\/424143","targetHints":{"allow":["GET"]}}],"collection":[{"href":"https:\/\/www.europesays.com\/fr\/wp-json\/wp\/v2\/posts"}],"about":[{"href":"https:\/\/www.europesays.com\/fr\/wp-json\/wp\/v2\/types\/post"}],"author":[{"embeddable":true,"href":"https:\/\/www.europesays.com\/fr\/wp-json\/wp\/v2\/users\/2"}],"replies":[{"embeddable":true,"href":"https:\/\/www.europesays.com\/fr\/wp-json\/wp\/v2\/comments?post=424143"}],"version-history":[{"count":0,"href":"https:\/\/www.europesays.com\/fr\/wp-json\/wp\/v2\/posts\/424143\/revisions"}],"wp:featuredmedia":[{"embeddable":true,"href":"https:\/\/www.europesays.com\/fr\/wp-json\/wp\/v2\/media\/424144"}],"wp:attachment":[{"href":"https:\/\/www.europesays.com\/fr\/wp-json\/wp\/v2\/media?parent=424143"}],"wp:term":[{"taxonomy":"category","embeddable":true,"href":"https:\/\/www.europesays.com\/fr\/wp-json\/wp\/v2\/categories?post=424143"},{"taxonomy":"post_tag","embeddable":true,"href":"https:\/\/www.europesays.com\/fr\/wp-json\/wp\/v2\/tags?post=424143"}],"curies":[{"name":"wp","href":"https:\/\/api.w.org\/{rel}","templated":true}]}}