{"id":424163,"date":"2025-09-28T16:48:09","date_gmt":"2025-09-28T16:48:09","guid":{"rendered":"https:\/\/www.europesays.com\/fr\/424163\/"},"modified":"2025-09-28T16:48:09","modified_gmt":"2025-09-28T16:48:09","slug":"un-traumatisme-pour-les-habitants-de-rouen","status":"publish","type":"post","link":"https:\/\/www.europesays.com\/fr\/424163\/","title":{"rendered":"un traumatisme pour les habitants de Rouen"},"content":{"rendered":"<p>            Par<br \/>\n        <strong><br \/>\n            <a href=\"https:\/\/actu.fr\/auteur\/julien-bouteiller\" title=\"Consulter tous les articles de Julien Bouteiller\" target=\"_blank\" rel=\"noopener\">Julien Bouteiller<\/a><br \/>\n        <\/strong><\/p>\n<p>        Publi\u00e9 le<\/p>\n<p>            28 sept. 2025 \u00e0 17h58        <\/p>\n<p>Ils avaient la vie devant eux, jusqu\u2019\u00e0 <strong>une terrible rencontre<\/strong>. En d\u00e9cembre\u00a02015, <a href=\"https:\/\/actu.fr\/normandie\/rouen_76540\/meurtres-delise-julien-rouen-proces-mots-bouleversants-familles_22744416.html\" target=\"_blank\" rel=\"noopener\">Jean-Claude Nsengumukiza<\/a> viole \u00c9lise dans son appartement, puis la tue, ainsi que Julien, ami de la jeune femme. Ce <strong>double meurtre sauvage<\/strong> en plein centre-ville de <a href=\"https:\/\/actu.fr\/normandie\/rouen_76540\" target=\"_blank\" rel=\"noopener\">Rouen (Seine-Maritime)<\/a> a secou\u00e9 la ville.<\/p>\n<p>La mauvaise rencontre<\/p>\n<p class=\" wall-content\">Ce soir-l\u00e0,<strong> les deux amis<\/strong> sortent d\u2019un bar de nuit \u00e0 Rouen. Julien n\u2019est pas dans son \u00e9tat normal apr\u00e8s cette longue soir\u00e9e. \u00c9lise propose donc qu\u2019il dorme chez elle et l\u2019emm\u00e8ne tant bien que mal.<\/p>\n<p class=\" wall-content\">Sur le chemin, elle croise la route de Jean-Claude Nsengumukiza. Il les suit jusqu\u2019\u00e0 <strong>l\u2019appartement de la jeune femme<\/strong>, place de la Pucelle. Le dernier SMS d\u2019\u00c9lise \u00e0 son meilleur ami\u2009: \u00ab\u2009Bon, la situation n\u2019est pas tr\u00e8s rassurante.\u2009\u00bb<\/p>\n<p class=\" wall-content\">Inquiets de ne pas avoir de nouvelles, les amis d\u2019\u00c9lise finissent par r\u00e9ussir \u00e0 entrer dans le logement, et <strong>d\u00e9couvrent les corps<\/strong> de la jeune femme et de Julien.<\/p>\n<p>Traumatisme<\/p>\n<p class=\" wall-content\">Une enqu\u00eate est aussit\u00f4t ouverte. Les traces et l\u00e9sions, nombreuses, sont examin\u00e9es minutieusement. Julien a \u00e9t\u00e9 tu\u00e9 avant \u00c9lise, qui a \u00e9t\u00e9 viol\u00e9e. La vid\u00e9osurveillance est exploit\u00e9e pour<strong> retracer leur parcours<\/strong> depuis le bar. Les cam\u00e9ras font appara\u00eetre Jean-Claude Nsengumukiza \u00e0 un arr\u00eat de bus, puis sortant de l\u2019immeuble d\u2019\u00c9lise apr\u00e8s y avoir pass\u00e9 la nuit.<\/p>\n<p class=\" wall-content\">Les jours qui suivent la macabre d\u00e9couverte, la peur s\u2019empare de la ville. Jeunes et parents sont traumatis\u00e9s par la mort d\u2019\u00c9lise et Julien.<strong> Les Rouennais attendent<\/strong> avec angoisse l\u2019arrestation du meurtrier.<\/p>\n<p>Votre r\u00e9gion, votre actu !<\/p>\n<p>Recevez chaque jour les infos qui comptent pour vous.<\/p>\n<p>\t<a href=\"https:\/\/actu.fr\/newsletter\" class=\"ac-btn ac-btn--corner ac-btn--medium ac-btn--blue800\" target=\"_blank\" rel=\"noopener\">S&rsquo;incrire<\/a><br \/>\nD\u00e9j\u00e0 condamn\u00e9<\/p>\n<p class=\" wall-content\">Ressortissant rwandais <strong>aux multiples identit\u00e9<\/strong>s, en situation irr\u00e9guli\u00e8re, <strong>d\u00e9j\u00e0 condamn\u00e9 pour des faits de violences sexuelles<\/strong>, Jean-Claude est contr\u00f4l\u00e9 par la police le 24 d\u00e9cembre. Celui qui n\u2019est pas encore identifi\u00e9 comme le meurtrier est interpell\u00e9 et incarc\u00e9r\u00e9. L\u2019ADN finit par parler, et par le relier aux nombreuses traces retrouv\u00e9es dans l\u2019appartement.<\/p>\n<p class=\" wall-content\">Pour sa d\u00e9fense, Jean-Claude plaide l\u2019amn\u00e9sie, puis la folie, un \u00e9tat second. De cette terrible nuit, le meurtrier a toujours jur\u00e9 qu\u2019il ne se rappelait rien.<strong> Il n\u2019\u00e9chappe pas \u00e0 la condamnation la plus lourde<\/strong> possible\u2009: prison \u00e0 perp\u00e9tuit\u00e9 assortie d\u2019une p\u00e9riode de s\u00fbret\u00e9 de 22\u00a0ans.<\/p>\n<p class=\" wall-content\">Pour les familles d\u2019\u00c9lise et Julien, <strong>c\u2019est \u00e0 peine un soulagement<\/strong>. \u00ab\u2009On n\u2019est jamais pass\u00e9 \u00e0 autre chose. Chaque jour est un combat\u2009\u00bb, expliquait Claude, papa d\u2019\u00c9lise, lors du proc\u00e8s.<\/p>\n<p class=\" wall-content\">Les familles des deux victimes se sont aussi battues pour faire <a href=\"https:\/\/actu.fr\/normandie\/rouen_76540\/meurtres-d-elise-et-julien-a-rouen-pas-de-faute-de-l-etat-selon-le-tribunal-administratif_52609354.html\" target=\"_blank\" rel=\"noopener\">reconna\u00eetre la responsabilit\u00e9 de l\u2019\u00c9tat<\/a>. Elles l\u2019estimaient fautif de ne pas avoir expuls\u00e9 Jean-Claude apr\u00e8s sa sortie de prison, <strong>quelques semaines avant le double meurtre<\/strong>. Mais le tribunal administratif a rejet\u00e9 leur demande, estimant que l\u2019\u00c9tat n\u2019avait commis aucune faute. Un nouveau coup dur pour des familles meurtries.<\/p>\n<p>Suivez l\u2019actualit\u00e9 de Rouen <a href=\"https:\/\/www.whatsapp.com\/channel\/0029VaKfnf99hXF2ddApFB1D\" target=\"_blank\" rel=\"noopener\">sur notre cha\u00eene WhatsApp<\/a> et <a href=\"https:\/\/www.tiktok.com\/@76actu.fr?lang=fr\" target=\"_blank\" rel=\"noopener\">sur notre compte TikTok<\/a><\/p>\n<p class=\" wall-content\">Personnalisez votre actualit\u00e9 en ajoutant vos villes et m\u00e9dias en favori avec <a href=\"https:\/\/moncompte.actu.fr\" title=\"D\u00e9couvez Mon Actu\" rel=\"nofollow noopener\" data-trk=\"{&quot;cta&quot;:{&quot;action&quot;:&quot;https:\\\/\\\/moncompte.actu.fr&quot;,&quot;category&quot;:&quot;mon compte&quot;,&quot;from&quot;:&quot;article footer&quot;,&quot;name&quot;:&quot;Mon actu&quot;,&quot;type&quot;:&quot;cta&quot;}}\" target=\"_blank\">Mon Actu<\/a>.<\/p>\n<p>                    <script async src=\"\/\/www.tiktok.com\/embed.js\"><\/script><\/p>\n","protected":false},"excerpt":{"rendered":"Par Julien Bouteiller Publi\u00e9 le 28 sept. 2025 \u00e0 17h58 Ils avaient la vie devant eux, jusqu\u2019\u00e0 une&hellip;\n","protected":false},"author":2,"featured_media":424164,"comment_status":"","ping_status":"","sticky":false,"template":"","format":"standard","meta":{"footnotes":""},"categories":[9587],"tags":[1111,11,1777,674,118,1011,27,303,777,12,5161,25,9590],"class_list":{"0":"post-424163","1":"post","2":"type-post","3":"status-publish","4":"format-standard","5":"has-post-thumbnail","7":"category-rouen","8":"tag-actu","9":"tag-actualites","10":"tag-eu","11":"tag-europe","12":"tag-faits-divers","13":"tag-fr","14":"tag-france","15":"tag-justice","16":"tag-meurtre","17":"tag-news","18":"tag-normandie","19":"tag-republique-francaise","20":"tag-rouen"},"share_on_mastodon":{"url":"https:\/\/pubeurope.com\/@fr\/115282949196046709","error":""},"_links":{"self":[{"href":"https:\/\/www.europesays.com\/fr\/wp-json\/wp\/v2\/posts\/424163","targetHints":{"allow":["GET"]}}],"collection":[{"href":"https:\/\/www.europesays.com\/fr\/wp-json\/wp\/v2\/posts"}],"about":[{"href":"https:\/\/www.europesays.com\/fr\/wp-json\/wp\/v2\/types\/post"}],"author":[{"embeddable":true,"href":"https:\/\/www.europesays.com\/fr\/wp-json\/wp\/v2\/users\/2"}],"replies":[{"embeddable":true,"href":"https:\/\/www.europesays.com\/fr\/wp-json\/wp\/v2\/comments?post=424163"}],"version-history":[{"count":0,"href":"https:\/\/www.europesays.com\/fr\/wp-json\/wp\/v2\/posts\/424163\/revisions"}],"wp:featuredmedia":[{"embeddable":true,"href":"https:\/\/www.europesays.com\/fr\/wp-json\/wp\/v2\/media\/424164"}],"wp:attachment":[{"href":"https:\/\/www.europesays.com\/fr\/wp-json\/wp\/v2\/media?parent=424163"}],"wp:term":[{"taxonomy":"category","embeddable":true,"href":"https:\/\/www.europesays.com\/fr\/wp-json\/wp\/v2\/categories?post=424163"},{"taxonomy":"post_tag","embeddable":true,"href":"https:\/\/www.europesays.com\/fr\/wp-json\/wp\/v2\/tags?post=424163"}],"curies":[{"name":"wp","href":"https:\/\/api.w.org\/{rel}","templated":true}]}}