{"id":424171,"date":"2025-09-28T16:54:16","date_gmt":"2025-09-28T16:54:16","guid":{"rendered":"https:\/\/www.europesays.com\/fr\/424171\/"},"modified":"2025-09-28T16:54:16","modified_gmt":"2025-09-28T16:54:16","slug":"lurgence-climatique-et-sociale-rassemble-une-centaine-de-personnes-a-rennes","status":"publish","type":"post","link":"https:\/\/www.europesays.com\/fr\/424171\/","title":{"rendered":"\u00ab\u00a0L\u2019urgence climatique et sociale\u00a0\u00bb rassemble une centaine de personnes \u00e0 Rennes"},"content":{"rendered":"<p>Cette journ\u00e9e nationale de mobilisation \u00ab Climat, Justice, Libert\u00e9s \u00bb avait \u00e9t\u00e9 lanc\u00e9e par plusieurs organisations, collectifs et associations \u00e0 travers la France. \u00c0 Rennes une centaine de manifestants se sont r\u00e9unis vers 15 h sur la place de la R\u00e9publique. Ils r\u00e9pondaient ainsi \u00e0 l\u2019appel d\u2019Alternatiba Rennes, Amnesty International, Oxfam Rennes, Solidaire 35, l\u2019Association Nature en Ville ou encore la Conf\u00e9d\u00e9ration Paysanne 35. Un rassemblement pour \u00ab porter haut et fort les exigences de justice climatique, sociale et d\u00e9mocratique \u00bb. Un nouveau rassemblement autour des th\u00e9matiques environnementales qui voulait \u00e9galement porter des revendications sociales faisant ainsi r\u00e9f\u00e9rence au mouvement Bloquons tout ou encore \u00e0 la journ\u00e9e de gr\u00e8ve intersyndicale du 18 septembre dernier : \u00ab toutes ces dynamiques s\u2019articuleront dans les Marches des R\u00e9sistances \u00bb notait l\u2019appel \u00e0 la mobilisation.<\/p>\n<p><img decoding=\"async\" src=\"https:\/\/www.europesays.com\/fr\/wp-content\/uploads\/2025\/09\/68d966839f93fabe8b073ef9.1.jpeg\" width=\"480\" height=\"300\" class=\"web_golden_m\" loading=\"lazy\" alt=\"\u00ab\u00a0L\u2019urgence climatique et sociale\u00a0\u00bb rassemble une centaine de personnes \u00e0 Rennes\"\/> (Le T\u00e9l\u00e9gramme\/Erwan Miloux)\u00ab On a envie d\u2019un avenir d\u00e9sirable pour nos enfants \u00bb<\/p>\n<p>Sur place, o\u00f9 les prises de parole se sont succ\u00e9d\u00e9 au cours de l\u2019apr\u00e8s-midi, une large banderole donne le ton \u00ab Climat : stop au blabla, place aux actes \u00bb. Alors que se tiendra en novembre prochain la COP30 \u00e0 B\u00e9lem au Br\u00e9sil, les manifestants \u00e9taient notamment pr\u00e9sents pour r\u00e9clamer des mesures \u00e0 la hauteur de la situation. \u00ab En mati\u00e8re d\u2019environnement nous avons d\u00e9pass\u00e9 cette ann\u00e9e les 1,5 degr\u00e9 de r\u00e9chauffement d\u00e9fini par l\u2019accord de Paris dont on ne peut aujourd\u2019hui que constater l\u2019\u00e9chec li\u00e9 au non-respect des engagements pris \u00e0 cette occasion par les \u00c9tats. La mobilisation de tous est donc n\u00e9cessaire pour gagner chaque dixi\u00e8me de degr\u00e9 et de pr\u00e9server nos droits \u00bb souligne Pallas membre d\u2019Alternatiba. Une implication qui doit se faire au quotidien pour Sylvain pr\u00e9sent dans la foule : \u00ab Chaque citoyen peut agir concr\u00e8tement \u00e0 sa fa\u00e7on pour am\u00e9liorer les choses dans la vie de tous les jours. Nous sommes tous des consom\u2019acteurs et les choix de nos achats peuvent avoir une influence positive sur le climat \u00bb. Adeline est venue manifester avec sa fille : \u00ab On a envie d\u2019un avenir d\u00e9sirable pour nos enfants. Les scientifiques ne sont pas \u00e9cout\u00e9s ou leurs propos sont ni\u00e9s. On essaie de faire notre part \u00e0 notre niveau mais ce n\u2019est pas \u00e7a qui va suffire. Il faut vraiment un changement radical. C\u2019est pour cela que nous sommes l\u00e0 \u00bb.<\/p>\n<p><img decoding=\"async\" src=\"https:\/\/www.europesays.com\/fr\/wp-content\/uploads\/2025\/09\/68d96682aeb13af89f08be02.1.jpeg\" width=\"480\" height=\"300\" class=\"web_golden_m\" loading=\"lazy\" alt=\"\u00ab\u00a0L\u2019urgence climatique et sociale\u00a0\u00bb rassemble une centaine de personnes \u00e0 Rennes\"\/> (Le T\u00e9l\u00e9gramme\/Erwan Miloux)<\/p>\n<p>Pour les organisateurs du rassemblement rennais si le climat va de pair avec la justice sociale, \u00ab L\u2019id\u00e9e est aussi de s\u2019inscrire dans le mouvement social en cours. Il y a donc un chapelet de revendications multiformes \u00bb : refus de la loi Duplomb, g\u00e9nocide de Gaza, les logements indignes ou encore les droits des femmes et des minorit\u00e9s. Autant de probl\u00e9matiques que les organisations pr\u00e9sentes dimanche apr\u00e8s-midi entendaient d\u00e9fendre lors des prochains mouvements sociaux.<\/p>\n","protected":false},"excerpt":{"rendered":"Cette journ\u00e9e nationale de mobilisation \u00ab Climat, Justice, Libert\u00e9s \u00bb avait \u00e9t\u00e9 lanc\u00e9e par plusieurs organisations, collectifs et&hellip;\n","protected":false},"author":2,"featured_media":424172,"comment_status":"","ping_status":"","sticky":false,"template":"","format":"standard","meta":{"footnotes":""},"categories":[2821],"tags":[1111,11,829,1129,765,1777,674,1011,27,848,12,584,25],"class_list":{"0":"post-424171","1":"post","2":"type-post","3":"status-publish","4":"format-standard","5":"has-post-thumbnail","7":"category-rennes","8":"tag-actu","9":"tag-actualites","10":"tag-bretagne","11":"tag-climat","12":"tag-en-continu","13":"tag-eu","14":"tag-europe","15":"tag-fr","16":"tag-france","17":"tag-ille-et-vilaine","18":"tag-news","19":"tag-rennes","20":"tag-republique-francaise"},"share_on_mastodon":{"url":"https:\/\/pubeurope.com\/@fr\/115282972905683102","error":""},"_links":{"self":[{"href":"https:\/\/www.europesays.com\/fr\/wp-json\/wp\/v2\/posts\/424171","targetHints":{"allow":["GET"]}}],"collection":[{"href":"https:\/\/www.europesays.com\/fr\/wp-json\/wp\/v2\/posts"}],"about":[{"href":"https:\/\/www.europesays.com\/fr\/wp-json\/wp\/v2\/types\/post"}],"author":[{"embeddable":true,"href":"https:\/\/www.europesays.com\/fr\/wp-json\/wp\/v2\/users\/2"}],"replies":[{"embeddable":true,"href":"https:\/\/www.europesays.com\/fr\/wp-json\/wp\/v2\/comments?post=424171"}],"version-history":[{"count":0,"href":"https:\/\/www.europesays.com\/fr\/wp-json\/wp\/v2\/posts\/424171\/revisions"}],"wp:featuredmedia":[{"embeddable":true,"href":"https:\/\/www.europesays.com\/fr\/wp-json\/wp\/v2\/media\/424172"}],"wp:attachment":[{"href":"https:\/\/www.europesays.com\/fr\/wp-json\/wp\/v2\/media?parent=424171"}],"wp:term":[{"taxonomy":"category","embeddable":true,"href":"https:\/\/www.europesays.com\/fr\/wp-json\/wp\/v2\/categories?post=424171"},{"taxonomy":"post_tag","embeddable":true,"href":"https:\/\/www.europesays.com\/fr\/wp-json\/wp\/v2\/tags?post=424171"}],"curies":[{"name":"wp","href":"https:\/\/api.w.org\/{rel}","templated":true}]}}