{"id":424183,"date":"2025-09-28T17:01:10","date_gmt":"2025-09-28T17:01:10","guid":{"rendered":"https:\/\/www.europesays.com\/fr\/424183\/"},"modified":"2025-09-28T17:01:10","modified_gmt":"2025-09-28T17:01:10","slug":"et-si-les-transports-en-commun-de-bordeaux-etaient-gratuits-combien-couterait-cette-decision","status":"publish","type":"post","link":"https:\/\/www.europesays.com\/fr\/424183\/","title":{"rendered":"Et si les transports en commun de Bordeaux \u00e9taient gratuits : combien co\u00fbterait cette d\u00e9cision\u00a0?"},"content":{"rendered":"<p>            Par<br \/>\n        <strong><br \/>\n            <a href=\"https:\/\/actu.fr\/auteur\/juliette-cardinale\" title=\"Consulter tous les articles de Juliette Cardinale\" rel=\"nofollow noopener\" target=\"_blank\">Juliette Cardinale<\/a><br \/>\n        <\/strong><\/p>\n<p>        Publi\u00e9 le<\/p>\n<p>            28 sept. 2025 \u00e0 17h48        <\/p>\n<p>C\u2019est une question qui revient r\u00e9guli\u00e8rement dans les discussions <a href=\"https:\/\/actu.fr\/bordeaux\/\" rel=\"nofollow noopener\" target=\"_blank\">\u00e0 Bordeaux.<\/a> Pourquoi les <strong>transports en commun<\/strong> ne sont-ils pas gratuits\u2009? \u00c0 chaque <a href=\"https:\/\/actu.fr\/nouvelle-aquitaine\/bordeaux_33063\/tarifs-travaux-trajets-ce-qui-change-au-1er-septembre-sur-le-reseau-tbm-a-bordeaux_63092474.html\" rel=\"nofollow noopener\" target=\"_blank\">augmentation des tarifs,<\/a> comme celle du 1er septembre dernier, la conversation reprend de plus belle. \u00ab\u2009Ils y arrivent bien \u00e0 Montpellier\u2009!\u2009\u00bb, l\u00e2che g\u00e9n\u00e9ralement quelqu\u2019un dans le d\u00e9bat. Et \u00e0 l\u2019approche des <a href=\"https:\/\/actu.fr\/tag\/municipales-2026\" rel=\"nofollow noopener\" target=\"_blank\">\u00e9lections municipales de 2026,<\/a> des candidats et partis s\u2019emparent du sujet, \u00e0 l\u2019image de <a href=\"https:\/\/actu.fr\/nouvelle-aquitaine\/bordeaux_33063\/karfa-diallo-candidat-a-bordeaux-pour-succeder-a-pierre-hurmic-cet-engagement-etait-necessaire_63201194.html\" rel=\"nofollow noopener\" target=\"_blank\">Karfa Diallo qui veut briguer le si\u00e8ge de Pierre Hurmic<\/a> ou les repr\u00e9sentants locaux de <a href=\"https:\/\/www.instagram.com\/p\/DOF6XYHjNzW\/\" rel=\"nofollow noopener\" target=\"_blank\">La France Insoumise (LFI)<\/a>. Mais combien co\u00fbterait une telle d\u00e9cision \u00e0 <a href=\"https:\/\/actu.fr\/tag\/bordeaux-metropole\" rel=\"nofollow noopener\" target=\"_blank\">Bordeaux M\u00e9tropole<\/a> (et donc en partie <strong>aux contribuables)\u2009?<\/strong> La r\u00e9daction\u00a0s\u2019est pench\u00e9e sur la question.<\/p>\n<p>Un co\u00fbt d\u2019exploitation de 315M d\u2019euros<\/p>\n<p class=\" wall-content\">En 2024, l\u2019exploitation des services TBM a co\u00fbt\u00e9 environ <strong>315\u00a0millions d\u2019euros (HT)<\/strong> affirme <a href=\"https:\/\/actu.fr\/tag\/bordeaux-metropole\" rel=\"nofollow noopener\" target=\"_blank\">Bordeaux M\u00e9tropole<\/a> \u00e0 actu Bordeaux. Les recettes d\u2019exploitation, en grande majorit\u00e9 tarifaires, ont repr\u00e9sent\u00e9 <strong>97\u00a0millions d\u2019euros (HT)<\/strong> la m\u00eame ann\u00e9e.<\/p>\n<p class=\" wall-content\">\u00ab\u2009Le taux de recettes\/d\u00e9penses s\u2019\u00e9l\u00e8ve donc \u00e0 un peu plus de 30\u2009%\u2009\u00bb, d\u00e9taille Bordeaux M\u00e9tropole.\u00a0Ce sont les ressources fiscales de la m\u00e9tropole qui financent le solde\u2009: \u00ab\u2009Principalement le versement mobilit\u00e9s, pay\u00e9 par les entreprises du territoire, mais aussi une contribution du budget g\u00e9n\u00e9ral, c\u2019est-\u00e0-dire les recettes <strong>issues des contribuables m\u00e9tropolitains\u2009\u00bb,<\/strong> d\u00e9cryptent les services.<\/p>\n<p class=\" wall-content\">D\u2019apr\u00e8s la m\u00e9tropole bordelaise, rendre <a href=\"https:\/\/actu.fr\/tag\/tbm\" rel=\"nofollow noopener\" target=\"_blank\">le r\u00e9seau TBM<\/a> totalement gratuit <strong>diminuerait <\/strong>\u00ab\u2009les ressources de financement du r\u00e9seau de plus de 95 millions d\u2019euros (HT) par an\u2009\u00bb. Des recettes qu\u2019il faudrait donc aller chercher ailleurs. Chez les entreprises, via des taxes, en piochant dans le budget d\u2019investissement ? La derni\u00e8re option irait bien \u00e0 contre courant de la politique m\u00e9tropolitaine actuelle.<\/p>\n<p class=\" wall-content\">En parall\u00e8le de l\u2019exploitation du r\u00e9seau, Bordeaux M\u00e9tropole investit pour son d\u00e9veloppement, comme les <a href=\"https:\/\/actu.fr\/nouvelle-aquitaine\/bordeaux_33063\/pour-desengorger-la-circulation-cette-nouvelle-ligne-de-bus-reliera-six-communes-de-la-metropole-de-bordeaux_62910865.html\" rel=\"nofollow noopener\" target=\"_blank\">nouvelles lignes de bus express,<\/a> la nouvelle application, <a href=\"https:\/\/actu.fr\/nouvelle-aquitaine\/bordeaux_33063\/enclave-ce-quartier-emergent-de-bordeaux-est-desormais-accessible-grace-a-une-nouvelle-solution-de-transport_63105084.html\" rel=\"nofollow noopener\" target=\"_blank\">les nouvelles dessertes du Bato<\/a> ou <a href=\"https:\/\/actu.fr\/nouvelle-aquitaine\/bordeaux_33063\/a-bordeaux-le-tram-reliera-bientot-la-gare-saint-jean-a-l-aeroport-de-merignac_62200851.html\" rel=\"nofollow noopener\" target=\"_blank\">les nouvelles lignes de tramway.<\/a> Des choix que la M\u00e9tropole justifie par la n\u00e9cessit\u00e9 <strong>d\u2019am\u00e9liorer l\u2019offre et la qualit\u00e9 de service,<\/strong> deux leviers estim\u00e9s <strong>plus importants que le prix<\/strong> pour encourager le \u00ab\u2009report modal vers les transports collectifs\u2009\u00bb d\u2019apr\u00e8s \u00ab\u2009la grande majorit\u00e9 des \u00e9tudes\u2009\u00bb.\u00a0<\/p>\n<p>La tarification solidaire, choix de la M\u00e9tropole<\/p>\n<p class=\" wall-content\">Plut\u00f4t que la gratuit\u00e9 g\u00e9n\u00e9ralis\u00e9e, les \u00e9lus de Bordeaux M\u00e9tropole ont jusqu\u2019ici pr\u00e9f\u00e9r\u00e9 la <strong>tarification solidaire<\/strong> en fonction des ressources. \u00ab\u2009Elle peut aller jusqu\u2019\u00e0 la gratuit\u00e9 pour la premi\u00e8re tranche. Aujourd\u2019hui, <strong>95\u2009000 b\u00e9n\u00e9ficiaires<\/strong> de la tarification solidaire sont recens\u00e9s, dont 80\u2009% b\u00e9n\u00e9ficient d\u2019une gratuit\u00e9 totale\u2009\u00bb, d\u00e9taillent les services de l\u2019agglom\u00e9ration.<\/p>\n<p>Votre r\u00e9gion, votre actu !<\/p>\n<p>Recevez chaque jour les infos qui comptent pour vous.<\/p>\n<p>\t<a href=\"https:\/\/actu.fr\/newsletter\" class=\"ac-btn ac-btn--corner ac-btn--medium ac-btn--blue800\" rel=\"nofollow noopener\" target=\"_blank\">S&rsquo;incrire<\/a><\/p>\n<p class=\" wall-content\">La M\u00e9tropole affirme que <strong>ce syst\u00e8me est plus juste<\/strong>\u2009: \u00ab\u2009Il vient permettre la mobilit\u00e9 de ceux qui en ont besoin en levant le frein financier qui peut \u00eatre r\u00e9el pour certaines personnes ou familles.\u2009\u00bb<\/p>\n<p class=\" wall-content\">Le rapport de la <a href=\"https:\/\/www.ccomptes.fr\/fr\/publications\/la-contribution-des-usagers-au-financement-des-transports-collectifs-urbains\" rel=\"nofollow noopener\" target=\"_blank\">Cour des comptes, publi\u00e9 le 15\u00a0septembre dernier,<\/a> \u00ab\u2009pose bien les probl\u00e9matiques associ\u00e9es \u00e0 la gratuit\u00e9\u2009\u00bb et semble conforter la M\u00e9tropole dans ses positions. <strong>Pas de gratuit\u00e9 g\u00e9n\u00e9ralis\u00e9e<\/strong> en vue, donc. Sauf si les \u00e9lections municipales de 2026 rebattaient les cartes\u2009au conseil m\u00e9tropolitain\u2009?<\/p>\n<p class=\" wall-content\">Personnalisez votre actualit\u00e9 en ajoutant vos villes et m\u00e9dias en favori avec <a href=\"https:\/\/moncompte.actu.fr\" title=\"D\u00e9couvez Mon Actu\" rel=\"nofollow noopener\" data-trk=\"{&quot;cta&quot;:{&quot;action&quot;:&quot;https:\\\/\\\/moncompte.actu.fr&quot;,&quot;category&quot;:&quot;mon compte&quot;,&quot;from&quot;:&quot;article footer&quot;,&quot;name&quot;:&quot;Mon actu&quot;,&quot;type&quot;:&quot;cta&quot;}}\" target=\"_blank\">Mon Actu<\/a>.<\/p>\n<p>                    <script async src=\"\/\/www.instagram.com\/embed.js\"><\/script><\/p>\n","protected":false},"excerpt":{"rendered":"Par Juliette Cardinale Publi\u00e9 le 28 sept. 2025 \u00e0 17h48 C\u2019est une question qui revient r\u00e9guli\u00e8rement dans les&hellip;\n","protected":false},"author":2,"featured_media":424184,"comment_status":"","ping_status":"","sticky":false,"template":"","format":"standard","meta":{"footnotes":""},"categories":[2817],"tags":[1111,11,1997,2904,1777,674,1011,27,12,2219,25,104,7952,2803],"class_list":{"0":"post-424183","1":"post","2":"type-post","3":"status-publish","4":"format-standard","5":"has-post-thumbnail","7":"category-bordeaux","8":"tag-actu","9":"tag-actualites","10":"tag-bordeaux","11":"tag-bordeaux-metropole","12":"tag-eu","13":"tag-europe","14":"tag-fr","15":"tag-france","16":"tag-news","17":"tag-nouvelle-aquitaine","18":"tag-republique-francaise","19":"tag-societe","20":"tag-tbm","21":"tag-transport"},"share_on_mastodon":{"url":"https:\/\/pubeurope.com\/@fr\/115283000192432314","error":""},"_links":{"self":[{"href":"https:\/\/www.europesays.com\/fr\/wp-json\/wp\/v2\/posts\/424183","targetHints":{"allow":["GET"]}}],"collection":[{"href":"https:\/\/www.europesays.com\/fr\/wp-json\/wp\/v2\/posts"}],"about":[{"href":"https:\/\/www.europesays.com\/fr\/wp-json\/wp\/v2\/types\/post"}],"author":[{"embeddable":true,"href":"https:\/\/www.europesays.com\/fr\/wp-json\/wp\/v2\/users\/2"}],"replies":[{"embeddable":true,"href":"https:\/\/www.europesays.com\/fr\/wp-json\/wp\/v2\/comments?post=424183"}],"version-history":[{"count":0,"href":"https:\/\/www.europesays.com\/fr\/wp-json\/wp\/v2\/posts\/424183\/revisions"}],"wp:featuredmedia":[{"embeddable":true,"href":"https:\/\/www.europesays.com\/fr\/wp-json\/wp\/v2\/media\/424184"}],"wp:attachment":[{"href":"https:\/\/www.europesays.com\/fr\/wp-json\/wp\/v2\/media?parent=424183"}],"wp:term":[{"taxonomy":"category","embeddable":true,"href":"https:\/\/www.europesays.com\/fr\/wp-json\/wp\/v2\/categories?post=424183"},{"taxonomy":"post_tag","embeddable":true,"href":"https:\/\/www.europesays.com\/fr\/wp-json\/wp\/v2\/tags?post=424183"}],"curies":[{"name":"wp","href":"https:\/\/api.w.org\/{rel}","templated":true}]}}