{"id":424195,"date":"2025-09-28T17:10:13","date_gmt":"2025-09-28T17:10:13","guid":{"rendered":"https:\/\/www.europesays.com\/fr\/424195\/"},"modified":"2025-09-28T17:10:13","modified_gmt":"2025-09-28T17:10:13","slug":"nous-nous-battons-pour-que-livg-se-deroule-avec-une-prise-en-charge-respectueuse","status":"publish","type":"post","link":"https:\/\/www.europesays.com\/fr\/424195\/","title":{"rendered":"\u00ab\u00a0Nous nous battons pour que l\u2019IVG se d\u00e9roule avec une prise en charge respectueuse\u00a0\u00bb"},"content":{"rendered":"<p>Dimanche 28\u00a0septembre, \u00e0 l\u2019occasion de la Journ\u00e9e mondiale pour le droit \u00e0 l\u2019avortement, Le <a href=\"https:\/\/www.facebook.com\/Collectifdroitsdesfemmes69\/\" target=\"_blank\" rel=\"noopener\">Collectif droits des femmes 69<\/a> a organis\u00e9 un die-in dans la cour de l\u2019H\u00f4tel-Dieu \u00e0 Lyon. Un \u00e9v\u00e9nement \u00ab\u00a0\u00e0 la m\u00e9moire des 47\u00a0000 personnes qui meurent chaque ann\u00e9e faute d\u2019acc\u00e8s \u00e0 un avortement s\u00fbr\u00a0\u00bb, explique le collectif.<\/p>\n<p>Les organisateurs pr\u00e9cisent\u00a0: \u00ab\u00a0\u00c0 Lyon, nous nous battons pour que nos services publics, nos centres d\u2019IVG ne soient pas privatis\u00e9s et transform\u00e9s en centres commerciaux et h\u00f4tels de luxe comme c\u2019est le cas de l\u2019H\u00f4tel-Dieu. Nous nous battons pour avoir la garantie que l\u2019IVG se d\u00e9roule avec une prise en charge respectueuse de nos choix, de nos corps.\u00a0\u00bb<\/p>\n","protected":false},"excerpt":{"rendered":"Dimanche 28\u00a0septembre, \u00e0 l\u2019occasion de la Journ\u00e9e mondiale pour le droit \u00e0 l\u2019avortement, Le Collectif droits des femmes&hellip;\n","protected":false},"author":2,"featured_media":424196,"comment_status":"","ping_status":"","sticky":false,"template":"","format":"standard","meta":{"footnotes":""},"categories":[1889],"tags":[1111,11,2430,2757,1777,674,1011,27,2428,7789,2801,12,25,2429,801],"class_list":{"0":"post-424195","1":"post","2":"type-post","3":"status-publish","4":"format-standard","5":"has-post-thumbnail","7":"category-lyon","8":"tag-actu","9":"tag-actualites","10":"tag-auvergne-rhone-alpes","11":"tag-edition-lyon-villeurbanne","12":"tag-eu","13":"tag-europe","14":"tag-fr","15":"tag-france","16":"tag-lyon","17":"tag-lyon-1er","18":"tag-lyon-1er-arrondissement","19":"tag-news","20":"tag-republique-francaise","21":"tag-rhone","22":"tag-social"},"share_on_mastodon":{"url":"https:\/\/pubeurope.com\/@fr\/115283035714634691","error":""},"_links":{"self":[{"href":"https:\/\/www.europesays.com\/fr\/wp-json\/wp\/v2\/posts\/424195","targetHints":{"allow":["GET"]}}],"collection":[{"href":"https:\/\/www.europesays.com\/fr\/wp-json\/wp\/v2\/posts"}],"about":[{"href":"https:\/\/www.europesays.com\/fr\/wp-json\/wp\/v2\/types\/post"}],"author":[{"embeddable":true,"href":"https:\/\/www.europesays.com\/fr\/wp-json\/wp\/v2\/users\/2"}],"replies":[{"embeddable":true,"href":"https:\/\/www.europesays.com\/fr\/wp-json\/wp\/v2\/comments?post=424195"}],"version-history":[{"count":0,"href":"https:\/\/www.europesays.com\/fr\/wp-json\/wp\/v2\/posts\/424195\/revisions"}],"wp:featuredmedia":[{"embeddable":true,"href":"https:\/\/www.europesays.com\/fr\/wp-json\/wp\/v2\/media\/424196"}],"wp:attachment":[{"href":"https:\/\/www.europesays.com\/fr\/wp-json\/wp\/v2\/media?parent=424195"}],"wp:term":[{"taxonomy":"category","embeddable":true,"href":"https:\/\/www.europesays.com\/fr\/wp-json\/wp\/v2\/categories?post=424195"},{"taxonomy":"post_tag","embeddable":true,"href":"https:\/\/www.europesays.com\/fr\/wp-json\/wp\/v2\/tags?post=424195"}],"curies":[{"name":"wp","href":"https:\/\/api.w.org\/{rel}","templated":true}]}}