{"id":424197,"date":"2025-09-28T17:11:18","date_gmt":"2025-09-28T17:11:18","guid":{"rendered":"https:\/\/www.europesays.com\/fr\/424197\/"},"modified":"2025-09-28T17:11:18","modified_gmt":"2025-09-28T17:11:18","slug":"lyon-un-enfant-de-6-ans-fauche-par-une-voiture-lautomobiliste-prend-la-fuite-et-est-activement-recherche","status":"publish","type":"post","link":"https:\/\/www.europesays.com\/fr\/424197\/","title":{"rendered":"Lyon. Un enfant de 6 ans fauch\u00e9 par une voiture, l\u2019automobiliste prend la fuite et est activement recherch\u00e9"},"content":{"rendered":"<p>Le pronostic vital n\u2019est heureusement plus engag\u00e9. Mais les blessures sont n\u00e9anmoins tr\u00e8s s\u00e9rieuses pour un enfant de 6 ans, qui a \u00e9t\u00e9 hospitalis\u00e9 ce samedi 27\u00a0septembre \u00e0 l\u2019h\u00f4pital Femme M\u00e8re Enfant de Bron, a appris Le Progr\u00e8s ce dimanche. Il souffre d\u2019un important traumatisme cr\u00e2nien apr\u00e8s avoir \u00e9t\u00e9 fauch\u00e9 par une voiture, vers 16\u00a0h\u00a030, en voulant traverser la route.<\/p>\n<p>L\u2019auteur de cet accident, qui s\u2019est produit rue Joseph-Chalier, dans le quartier Mermoz, (Lyon 8e), n\u2019est pas venu en aide \u00e0 l\u2019enfant.<\/p>\n<p>Il a pr\u00e9f\u00e9r\u00e9 abandonner <a href=\"https:\/\/www.leprogres.fr\/faits-divers-justice\/2024\/09\/14\/dans-la-jungle-des-locations-de-voitures-de-luxe-sur-les-reseaux-sociaux\" target=\"_blank\" rel=\"noopener\">son v\u00e9hicule lou\u00e9<\/a> et prendre la fuite \u00e0 pied. Il est activement recherch\u00e9 par les forces de police.<\/p>\n","protected":false},"excerpt":{"rendered":"Le pronostic vital n\u2019est heureusement plus engag\u00e9. Mais les blessures sont n\u00e9anmoins tr\u00e8s s\u00e9rieuses pour un enfant de&hellip;\n","protected":false},"author":2,"featured_media":424198,"comment_status":"","ping_status":"","sticky":false,"template":"","format":"standard","meta":{"footnotes":""},"categories":[1889],"tags":[119,1111,11,2430,9492,271,272,2757,1777,674,274,107,1011,27,2428,2756,12,25,2429],"class_list":{"0":"post-424197","1":"post","2":"type-post","3":"status-publish","4":"format-standard","5":"has-post-thumbnail","7":"category-lyon","8":"tag-accident","9":"tag-actu","10":"tag-actualites","11":"tag-auvergne-rhone-alpes","12":"tag-bron","13":"tag-crime","14":"tag-delit-et-contravention","15":"tag-edition-lyon-villeurbanne","16":"tag-eu","17":"tag-europe","18":"tag-faits-divers-justice","19":"tag-fil-info","20":"tag-fr","21":"tag-france","22":"tag-lyon","23":"tag-lyon-bassin","24":"tag-news","25":"tag-republique-francaise","26":"tag-rhone"},"share_on_mastodon":{"url":"https:\/\/pubeurope.com\/@fr\/115283039515120001","error":""},"_links":{"self":[{"href":"https:\/\/www.europesays.com\/fr\/wp-json\/wp\/v2\/posts\/424197","targetHints":{"allow":["GET"]}}],"collection":[{"href":"https:\/\/www.europesays.com\/fr\/wp-json\/wp\/v2\/posts"}],"about":[{"href":"https:\/\/www.europesays.com\/fr\/wp-json\/wp\/v2\/types\/post"}],"author":[{"embeddable":true,"href":"https:\/\/www.europesays.com\/fr\/wp-json\/wp\/v2\/users\/2"}],"replies":[{"embeddable":true,"href":"https:\/\/www.europesays.com\/fr\/wp-json\/wp\/v2\/comments?post=424197"}],"version-history":[{"count":0,"href":"https:\/\/www.europesays.com\/fr\/wp-json\/wp\/v2\/posts\/424197\/revisions"}],"wp:featuredmedia":[{"embeddable":true,"href":"https:\/\/www.europesays.com\/fr\/wp-json\/wp\/v2\/media\/424198"}],"wp:attachment":[{"href":"https:\/\/www.europesays.com\/fr\/wp-json\/wp\/v2\/media?parent=424197"}],"wp:term":[{"taxonomy":"category","embeddable":true,"href":"https:\/\/www.europesays.com\/fr\/wp-json\/wp\/v2\/categories?post=424197"},{"taxonomy":"post_tag","embeddable":true,"href":"https:\/\/www.europesays.com\/fr\/wp-json\/wp\/v2\/tags?post=424197"}],"curies":[{"name":"wp","href":"https:\/\/api.w.org\/{rel}","templated":true}]}}