{"id":424199,"date":"2025-09-28T17:13:09","date_gmt":"2025-09-28T17:13:09","guid":{"rendered":"https:\/\/www.europesays.com\/fr\/424199\/"},"modified":"2025-09-28T17:13:09","modified_gmt":"2025-09-28T17:13:09","slug":"condamnation-de-nicolas-sarkozy-tags-antisemites-larrivee-du-mf19-les-infos-du-week-end-en-ile-de-france","status":"publish","type":"post","link":"https:\/\/www.europesays.com\/fr\/424199\/","title":{"rendered":"Condamnation de Nicolas Sarkozy, tags antis\u00e9mites, l&rsquo;arriv\u00e9e du MF19&#8230; Les infos du week-end en \u00cele-de-France"},"content":{"rendered":"<p>            Par<br \/>\n        <strong><br \/>\n            <a href=\"https:\/\/actu.fr\/auteur\/antoine-grotteria02\" title=\"Consulter tous les articles de Antoine Grotteria\" target=\"_blank\" rel=\"noopener\">Antoine Grotteria<\/a><br \/>\n        <\/strong><\/p>\n<p>        Publi\u00e9 le<\/p>\n<p>            28 sept. 2025 \u00e0 18h06        <\/p>\n<p>Des menaces contre l\u2019institution judiciaire. Alors que le <strong>tribunal de Paris<\/strong> a inflig\u00e9 une <a href=\"https:\/\/actu.fr\/politique\/financement-libyen-nicolas-sarkozy-condamne-a-cinq-ans-de-prison-pour-association-de-malfaiteurs_63211089.html\" target=\"_blank\" rel=\"noopener\">peine de cinq ans de prison<\/a> et une prochaine incarc\u00e9ration dans le cadre de l\u2019affaire du financement libyen, \u00e0 l\u2019ancien pr\u00e9sident de la R\u00e9publique <a href=\"https:\/\/actu.fr\/tag\/nicolas-sarkozy\" target=\"_blank\" rel=\"noopener\">Nicolas Sarkozy<\/a>, le parquet de Paris a ouvert <strong>deux enqu\u00eates<\/strong> pour des \u00ab\u00a0messages mena\u00e7ants\u00a0\u00bb visant la pr\u00e9sidente de tribunal correctionnel.\u00a0<\/p>\n<p class=\" wall-content\">Il s\u2019agit de la principale information de ce week-end du samedi 27 et dimanche 28 septembre 2025. Pour le reste, voici le r\u00e9cap de l\u2019actualit\u00e9 concoct\u00e9 par actu Paris.\u00a0<\/p>\n<p>Les infos marquantes du week-end \u00e0 Paris et en \u00cele-de-France<\/p>\n<p class=\" wall-content\"><strong>Paris. <\/strong><a title=\"Lire l&#039;article\" href=\"https:\/\/actu.fr\/ile-de-france\/paris_75056\/condamnation-de-nicolas-sarkozy-deux-enquetes-apres-des-menaces-contre-la-presidente-du-tribunal-de-paris_63222984.html\" target=\"_blank\" rel=\"noopener\"><strong>Condamnation de Nicolas Sarkozy : deux enqu\u00eates apr\u00e8s des menaces contre la pr\u00e9sidente du tribunal de Paris<\/strong><\/a><br \/>Deux enqu\u00eates sont men\u00e9es apr\u00e8s des menaces contre la pr\u00e9sidente du tribunal correctionnel de Paris ayant condamn\u00e9 Nicolas Sarkozy.<\/p>\n<p class=\" wall-content\"><strong>Val-de-Marne. <\/strong><a title=\"Lire l&#039;article\" href=\"https:\/\/actu.fr\/societe\/val-de-marne-une-synagogue-degradee-des-tags-antisemites-et-homophobes-retrouves-sur-plusieurs-ecoles_63223516.html\" target=\"_blank\" rel=\"noopener\"><strong>Val-de-Marne : une synagogue d\u00e9grad\u00e9e, des tags antis\u00e9mites et homophobes retrouv\u00e9s sur plusieurs \u00e9coles<\/strong><\/a><br \/>Les inscriptions ont \u00e9t\u00e9 d\u00e9couvertes vendredi matin sur un lyc\u00e9e et plusieurs \u00e9coles, ainsi qu\u2019\u00e0 proximit\u00e9 d\u2019une synagogue qui a fait l\u2019objet de d\u00e9gradations.<\/p>\n<p class=\" wall-content\"><strong>Seine-Saint-Denis. <\/strong><a title=\"Lire l&#039;article\" href=\"https:\/\/actu.fr\/ile-de-france\/aubervilliers_93001\/ratp-le-mf19-est-en-avance-les-futures-rames-de-la-ligne-10-arrivent-plus-tot-que-prevu-a-paris_63217960.html\" target=\"_blank\" rel=\"noopener\"><strong>RATP. \u00ab\u00a0Le MF19 est en avance !\u00a0\u00bb : les futures rames de la ligne 10 arrivent plus t\u00f4t que pr\u00e9vu \u00e0 Paris<\/strong><\/a><br \/>Le premier MF19 qui circulera sur la ligne 10 du m\u00e9tro vient d\u2019arriver au technicentre de Paris avant sa mise en circulation le 16 octobre 2025.<\/p>\n<p class=\" wall-content\"><strong>Hauts-de-Seine. <\/strong><a title=\"Lire l&#039;article\" href=\"https:\/\/actu.fr\/ile-de-france\/boulogne-billancourt_92012\/patrimoine-les-emblematiques-usines-renault-de-boulogne-billancourt-recoivent-un-label-de-la-region_63223309.html\" target=\"_blank\" rel=\"noopener\"><strong>Patrimoine : les embl\u00e9matiques usines Renault de Boulogne-Billancourt re\u00e7oivent un label de la R\u00e9gion<\/strong><\/a><br \/>Fond\u00e9s \u00e0 la fin du 19e si\u00e8cle, les ateliers de production du constructeur fran\u00e7ais ont r\u00e9cemment re\u00e7u le label \u00ab\u00a0patrimoine d\u2019int\u00e9r\u00eat r\u00e9gional\u00a0\u00bb par la r\u00e9gion \u00cele-de-France.<\/p>\n<p class=\" wall-content\"><strong>Essonne. <\/strong><a title=\"Lire l&#039;article\" href=\"https:\/\/actu.fr\/ile-de-france\/gif-sur-yvette_91272\/presente-en-essonne-ce-prototype-de-vehicule-electrique-embarque-la-batterie-du-futur_63211678.html\" target=\"_blank\" rel=\"noopener\"><strong>Pr\u00e9sent\u00e9 en Essonne, ce prototype de v\u00e9hicule \u00e9lectrique embarque la \u00ab\u00a0batterie du futur\u00a0\u00bb<\/strong><\/a><br \/>Le 19 septembre, CentraleSup\u00e9lec \u00e0 Gif-sur-Yvette, a accueilli la pr\u00e9sentation d\u2019un prototype d\u2019un v\u00e9hicule Peugeot E-3008 \u00e9quip\u00e9 d\u2019un nouveau concept de batterie r\u00e9volutionnaire.<\/p>\n<p>Votre r\u00e9gion, votre actu !<\/p>\n<p>Recevez chaque jour les infos qui comptent pour vous.<\/p>\n<p>\t<a href=\"https:\/\/actu.fr\/newsletter\" class=\"ac-btn ac-btn--corner ac-btn--medium ac-btn--blue800\" target=\"_blank\" rel=\"noopener\">S&rsquo;incrire<\/a><\/p>\n<p class=\" wall-content\"><strong>Val-d\u2019Oise. <\/strong><a title=\"Lire l&#039;article\" href=\"https:\/\/actu.fr\/ile-de-france\/bezons_95063\/feu-dappartement-dans-le-val-doise-3_63223270.html\" target=\"_blank\" rel=\"noopener\"><strong>Feu d\u2019appartement dans le Val-d\u2019Oise<\/strong><\/a><br \/>Un incendie a \u00e9clat\u00e9 dans la cuisine d\u2019un appartement, \u00e0 Bezons (Val-d\u2019Oise). Quatre personnes ont d\u00fb \u00eatre relog\u00e9es.<\/p>\n<p class=\" wall-content\"><strong>Seine-et-Marne. <\/strong><a title=\"Lire l&#039;article\" href=\"https:\/\/actu.fr\/ile-de-france\/melun_77288\/cest-notre-patrimoine-a-melun-elle-milite-pour-quune-ancienne-fontaine-oubliee-soit-remise-en-valeur_63224855.html\" target=\"_blank\" rel=\"noopener\"><strong>\u00ab\u00a0C\u2019est notre patrimoine !\u00a0\u00bb : \u00e0 Melun, elle milite pour qu\u2019une ancienne fontaine oubli\u00e9e soit remise en valeur<\/strong><\/a><br \/>Passionn\u00e9e par Melun, Yamina Hedjadj souhaiterait que la troisi\u00e8me borne-fontaine de la place Saint-Jean, d\u00e9plac\u00e9e il y a longtemps, regagne son emplacement d\u2019origine.<\/p>\n<p class=\" wall-content\"><strong>Yvelines. <\/strong><a title=\"Lire l&#039;article\" href=\"https:\/\/actu.fr\/ile-de-france\/maisons-laffitte_78358\/yvelines-les-riverains-a-proximite-de-ces-voies-ferrees-sinsurgent-du-bruit-qui-depasse-les-seuils-legaux_63220480.html\" target=\"_blank\" rel=\"noopener\"><strong>Yvelines : les riverains \u00e0 proximit\u00e9 de ces voies ferr\u00e9es s\u2019insurgent du bruit qui d\u00e9passe les seuils l\u00e9gaux<\/strong><\/a><br \/>\u00c0 Maisons-Laffitte (Yvelines), le long de la voie ferr\u00e9e, le va-et-vient des trains insupporte les riverains. P\u00e9tition en main, ils demandent l\u2019installation d\u2019un mur antibruit.<\/p>\n<p class=\" wall-content\"><strong>Suivez-nous pour en savoir plus !<\/strong><\/p>\n<p class=\" wall-content\">Paris : retrouvez actu Paris sur <a href=\"https:\/\/www.facebook.com\/actufr.paris\/\" target=\"_blank\" rel=\"noopener\">Facebook<\/a> et <a href=\"https:\/\/x.com\/actufrparis\">Twitter<\/a> ;<br \/>Seine-et-Marne : retrouvez\u00a0La R\u00e9publique de Seine-et-Marne\u00a0(sud) sur\u00a0<a href=\"https:\/\/www.facebook.com\/RepubliqueSeineMarne\/\" target=\"_blank\" rel=\"noopener\">Facebook\u00a0<\/a>et\u00a0<a href=\"https:\/\/x.com\/JournalLaMarne\">Twitter\u00a0<\/a>;\u00a0La Marne\u00a0(nord) sur\u00a0<a href=\"https:\/\/www.facebook.com\/RepubliqueSeineMarne\/\" target=\"_blank\" rel=\"noopener\">Facebook\u00a0<\/a>et\u00a0<a href=\"https:\/\/x.com\/JournalLaMarne\">Twitter\u00a0<\/a>; et\u00a0Le Pays Briard\u00a0sur\u00a0<a href=\"https:\/\/www.facebook.com\/LePaysBriard\/?ref=bookmarks\" target=\"_blank\" rel=\"noopener\">Facebook\u00a0<\/a>et\u00a0<a href=\"https:\/\/x.com\/LePaysBriard\">Twitter\u00a0<\/a>;<br \/>Yvelines : retrouvez\u00a078actu\u00a0sur\u00a0<a href=\"https:\/\/www.facebook.com\/78actu?locale=fr_FR\" target=\"_blank\" rel=\"noopener\">Facebook\u00a0<\/a>et\u00a0<a href=\"https:\/\/x.com\/78actu\">Twitter\u00a0<\/a>;<br \/>Essonne : retrouvez\u00a0actu Essonne\u00a0sur\u00a0<a href=\"https:\/\/www.facebook.com\/actuessonne\/?ref=br_rs\" target=\"_blank\" rel=\"noopener\">Facebook\u00a0<\/a>et\u00a0<a href=\"https:\/\/x.com\/ActuEssonne\">Twitter\u00a0<\/a>;<br \/>Hauts-de-Seine : retrouvez\u00a0actu Hauts-de-Seine\u00a0sur\u00a0<a href=\"https:\/\/www.facebook.com\/actufr.hautsdeseine\/\" target=\"_blank\" rel=\"noopener\">Facebook\u00a0<\/a>et\u00a0<a href=\"https:\/\/x.com\/actufr92\">Twitter\u00a0<\/a>;<br \/>Seine-Saint-Denis : retrouvez\u00a0actu Seine-Saint-Denis\u00a0sur\u00a0<a href=\"https:\/\/www.facebook.com\/actu94.valdemarne\/\" target=\"_blank\" rel=\"noopener\">Facebook\u00a0<\/a>et\u00a0<a href=\"https:\/\/x.com\/actufr93\">Twitter\u00a0<\/a>;<br \/>Val-de-Marne : retrouvez\u00a0actu Val-de-Marne\u00a0sur\u00a0<a href=\"https:\/\/www.facebook.com\/actu94.valdemarne\/\" target=\"_blank\" rel=\"noopener\">Facebook\u00a0<\/a>et\u00a0<a href=\"https:\/\/x.com\/actufr94\">Twitter\u00a0<\/a>;<br \/>Val-d\u2019Oise : retrouvez\u00a0La Gazette du Val-d\u2019Oise\u00a0sur\u00a0<a href=\"https:\/\/www.facebook.com\/lagazetteduvaldoise\/\" target=\"_blank\" rel=\"noopener\">Facebook<\/a>.<\/p>\n<p class=\" wall-content\">Personnalisez votre actualit\u00e9 en ajoutant vos villes et m\u00e9dias en favori avec <a href=\"https:\/\/moncompte.actu.fr\" title=\"D\u00e9couvez Mon Actu\" rel=\"nofollow noopener\" data-trk=\"{&quot;cta&quot;:{&quot;action&quot;:&quot;https:\\\/\\\/moncompte.actu.fr&quot;,&quot;category&quot;:&quot;mon compte&quot;,&quot;from&quot;:&quot;article footer&quot;,&quot;name&quot;:&quot;Mon actu&quot;,&quot;type&quot;:&quot;cta&quot;}}\" target=\"_blank\">Mon Actu<\/a>.<\/p>\n","protected":false},"excerpt":{"rendered":"Par Antoine Grotteria Publi\u00e9 le 28 sept. 2025 \u00e0 18h06 Des menaces contre l\u2019institution judiciaire. Alors que le&hellip;\n","protected":false},"author":2,"featured_media":424200,"comment_status":"","ping_status":"","sticky":false,"template":"","format":"standard","meta":{"footnotes":""},"categories":[1592],"tags":[1111,11,6155,1777,674,1011,27,662,4047,12,3091,626,25,104],"class_list":{"0":"post-424199","1":"post","2":"type-post","3":"status-publish","4":"format-standard","5":"has-post-thumbnail","7":"category-ile-de-france","8":"tag-actu","9":"tag-actualites","10":"tag-antisemitisme","11":"tag-eu","12":"tag-europe","13":"tag-fr","14":"tag-france","15":"tag-ile-de-france","16":"tag-metro","17":"tag-news","18":"tag-nicolas-sarkozy","19":"tag-paris","20":"tag-republique-francaise","21":"tag-societe"},"share_on_mastodon":{"url":"https:\/\/pubeurope.com\/@fr\/115283047467702214","error":""},"_links":{"self":[{"href":"https:\/\/www.europesays.com\/fr\/wp-json\/wp\/v2\/posts\/424199","targetHints":{"allow":["GET"]}}],"collection":[{"href":"https:\/\/www.europesays.com\/fr\/wp-json\/wp\/v2\/posts"}],"about":[{"href":"https:\/\/www.europesays.com\/fr\/wp-json\/wp\/v2\/types\/post"}],"author":[{"embeddable":true,"href":"https:\/\/www.europesays.com\/fr\/wp-json\/wp\/v2\/users\/2"}],"replies":[{"embeddable":true,"href":"https:\/\/www.europesays.com\/fr\/wp-json\/wp\/v2\/comments?post=424199"}],"version-history":[{"count":0,"href":"https:\/\/www.europesays.com\/fr\/wp-json\/wp\/v2\/posts\/424199\/revisions"}],"wp:featuredmedia":[{"embeddable":true,"href":"https:\/\/www.europesays.com\/fr\/wp-json\/wp\/v2\/media\/424200"}],"wp:attachment":[{"href":"https:\/\/www.europesays.com\/fr\/wp-json\/wp\/v2\/media?parent=424199"}],"wp:term":[{"taxonomy":"category","embeddable":true,"href":"https:\/\/www.europesays.com\/fr\/wp-json\/wp\/v2\/categories?post=424199"},{"taxonomy":"post_tag","embeddable":true,"href":"https:\/\/www.europesays.com\/fr\/wp-json\/wp\/v2\/tags?post=424199"}],"curies":[{"name":"wp","href":"https:\/\/api.w.org\/{rel}","templated":true}]}}