{"id":424210,"date":"2025-09-28T17:19:11","date_gmt":"2025-09-28T17:19:11","guid":{"rendered":"https:\/\/www.europesays.com\/fr\/424210\/"},"modified":"2025-09-28T17:19:11","modified_gmt":"2025-09-28T17:19:11","slug":"quatre-morts-dans-une-attaque-russe-zelensky-appelle-a-la-pression-la-plus-severe-sur-moscou","status":"publish","type":"post","link":"https:\/\/www.europesays.com\/fr\/424210\/","title":{"rendered":"Quatre morts dans une attaque russe, Zelensky appelle \u00e0 \u00ab\u00a0la pression la plus s\u00e9v\u00e8re\u00a0\u00bb sur Moscou"},"content":{"rendered":"<p>Vous avez rat\u00e9 les derniers \u00e9v\u00e9nements sur la <a href=\"https:\/\/www.20minutes.fr\/monde\/ukraine\/\" class=\"c-link c-link--is-underlined\" target=\"_blank\" rel=\"noopener\">guerre en Ukraine<\/a>\u00a0? 20 Minutes fait le point pour vous tous les soirs. Voici l\u2019essentiel de ce dimanche 28\u00a0septembre, 1.313e jour du conflit.<\/p>\n<p>Le fait du jour<\/p>\n<p>Une attaque massive de plus de 500 <a href=\"https:\/\/www.20minutes.fr\/monde\/drone\/\" target=\"_blank\" class=\"c-link c-link--is-underlined\" rel=\"noopener\">drones<\/a> et missiles russes contre l\u2019Ukraine a fait ce dimanche au moins quatre morts \u00e0 <a href=\"https:\/\/www.20minutes.fr\/dossier\/kiev\" target=\"_blank\" class=\"c-link c-link--is-underlined\" rel=\"noopener\">Kiev<\/a>, parmi lesquels une fillette de 12 ans. Plus de 70 personnes ont \u00e9t\u00e9 bless\u00e9es \u00e0 travers 11 r\u00e9gions du pays touch\u00e9es, ont annonc\u00e9 les autorit\u00e9s locales.<\/p>\n<\/p>\n<p>La <a href=\"https:\/\/www.20minutes.fr\/monde\/russie\/\" target=\"_blank\" class=\"c-link c-link--is-underlined\" rel=\"noopener\">Russie<\/a> a r\u00e9agi ce dimanche en affirmant avoir touch\u00e9 des cibles militaires. \u00ab\u00a0Cette nuit, les forces arm\u00e9es de la F\u00e9d\u00e9ration de Russie ont men\u00e9 une frappe massive contre des entreprises du complexe militaro-industriel ukrainien\u00a0\u00bb, a annonc\u00e9 le minist\u00e8re russe de la D\u00e9fense dans un communiqu\u00e9.<\/p>\n<p>La d\u00e9claration du jour<\/p>\n<blockquote class=\"mx-m@xs mx-xxl@md color-ultramarine c-citation\">\n<p class=\"font-weight-regular@xs text-italic font-source-serif-pro text-l@xs c-citation__content\">\u00ab\u00a0Moscou veut continuer \u00e0 se battre et \u00e0 tuer et ne m\u00e9rite que la pression la plus s\u00e9v\u00e8re de la part du monde entier.\u00a0\u00bb<\/p>\n<\/blockquote>\n<p>Ce sont les mots de <a href=\"https:\/\/www.20minutes.fr\/monde\/volodymyr-zelensky\/\" target=\"_blank\" class=\"c-link c-link--is-underlined\" rel=\"noopener\">Volodymyr Zelensky<\/a> apr\u00e8s les frappes russes sur le pays, qui ont dur\u00e9 \u00ab\u00a0plus de douze heures\u00a0\u00bb selon lui. Il a \u00e9galement affirm\u00e9 que l\u2019Ukraine \u00ab\u00a0continuera \u00e0 frapper la Russie en retour pour la priver de ses sources de revenu et la forcer \u00e0 la <a href=\"https:\/\/www.20minutes.fr\/dossier\/diplomatie\" target=\"_blank\" class=\"c-link c-link--is-underlined\" rel=\"noopener\">diplomatie<\/a>\u00a0\u00bb.<\/p>\n<p>Il a ainsi infirm\u00e9 que \u00ab\u00a0quiconque veut la paix doit soutenir les efforts du pr\u00e9sident <a href=\"https:\/\/www.20minutes.fr\/dossier\/donald_trump\" target=\"_blank\" class=\"c-link c-link--is-underlined\" rel=\"noopener\">Trump<\/a> et cesser tout import russe\u00a0\u00bb et martel\u00e9 qu&rsquo;\u00ab\u00a0il \u00e9tait temps de prendre des actions d\u00e9cisives\u00a0\u00bb, comptant \u00ab\u00a0sur une r\u00e9ponse forte des <a href=\"https:\/\/www.20minutes.fr\/monde\/etats-unis\/\" target=\"_blank\" class=\"c-link c-link--is-underlined\" rel=\"noopener\">Etats-Unis<\/a>, de l\u2019<a href=\"https:\/\/www.20minutes.fr\/dossier\/europe\" target=\"_blank\" class=\"c-link c-link--is-underlined\" rel=\"noopener\">Europe<\/a>, du <a href=\"https:\/\/www.20minutes.fr\/economie\/g7\/\" target=\"_blank\" class=\"c-link c-link--is-underlined\" rel=\"noopener\">G7<\/a> et du <a href=\"https:\/\/www.20minutes.fr\/dossier\/g20\" target=\"_blank\" class=\"c-link c-link--is-underlined\" rel=\"noopener\">G20<\/a>\u00a0\u00bb.<\/p>\n<p>La tendance du jour<\/p>\n<p>Le conflit ukrainien a aussi des cons\u00e9quences directes dans les pays voisins. Ce dimanche, la <a href=\"https:\/\/www.20minutes.fr\/dossier\/moldavie\" target=\"_blank\" class=\"c-link c-link--is-underlined\" rel=\"noopener\">Moldavie<\/a>, voisine de l\u2019Ukraine, a commenc\u00e9 \u00e0 \u00e9lire ses d\u00e9put\u00e9s aux l\u00e9gislatives. Un scrutin qui d\u00e9cidera de l\u2019avenir du pays, entre poursuite sur la voie de l\u2019<a href=\"https:\/\/www.20minutes.fr\/dossier\/ue\" target=\"_blank\" class=\"c-link c-link--is-underlined\" rel=\"noopener\">Union europ\u00e9enne<\/a> ou un rapprochement avec la Russie.<\/p>\n<p>Les <a href=\"https:\/\/www.20minutes.fr\/elections\/\" target=\"_blank\" class=\"c-link c-link--is-underlined\" rel=\"noopener\">\u00e9lections<\/a> sont assombries par les craintes d\u2019achats de voix et de troubles, ainsi que par une \u00ab\u00a0campagne de d\u00e9sinformation sans pr\u00e9c\u00e9dent\u00a0\u00bb men\u00e9e par la Russie, selon l\u2019UE. Moscou a d\u00e9menti ces all\u00e9gations, tandis que l\u2019opposition moldave, largement prorusse, a accus\u00e9 le Parti d\u2019action et de solidarit\u00e9 (PAS), pro-europ\u00e9en, d\u2019avoir planifi\u00e9 une fraude.<\/p>\n<p><a href=\"https:\/\/www.20minutes.fr\/monde\/ukraine\/\" target=\"_blank\" class=\"c-link c-btn c-btn--primary\" rel=\"noopener\">Notre dossier sur la guerre en Ukraine<\/a><\/p>\n<p>Les bureaux de vote fermeront \u00e0 20 heures (heure fran\u00e7aise). La plupart des sondages r\u00e9alis\u00e9s avant le scrutin donnaient gagnant le PAS, au pouvoir depuis\u00a02021.<\/p>\n","protected":false},"excerpt":{"rendered":"Vous avez rat\u00e9 les derniers \u00e9v\u00e9nements sur la guerre en Ukraine\u00a0? 20 Minutes fait le point pour vous&hellip;\n","protected":false},"author":2,"featured_media":424211,"comment_status":"","ping_status":"","sticky":false,"template":"","format":"standard","meta":{"footnotes":""},"categories":[1590],"tags":[47,11,312,75,564,5949,1777,674,131,4997,11095,74,12,132,220,134],"class_list":{"0":"post-424210","1":"post","2":"type-post","3":"status-publish","4":"format-standard","5":"has-post-thumbnail","7":"category-ukraine","8":"tag-actualite","9":"tag-actualites","10":"tag-diplomatie","11":"tag-donald-trump","12":"tag-drone","13":"tag-elections","14":"tag-eu","15":"tag-europe","16":"tag-guerre-en-ukraine","17":"tag-kiev-kyiv","18":"tag-moldavie","19":"tag-monde","20":"tag-news","21":"tag-russie","22":"tag-ukraine","23":"tag-volodymyr-zelensky"},"share_on_mastodon":{"url":"https:\/\/pubeurope.com\/@fr\/115283070986223323","error":""},"_links":{"self":[{"href":"https:\/\/www.europesays.com\/fr\/wp-json\/wp\/v2\/posts\/424210","targetHints":{"allow":["GET"]}}],"collection":[{"href":"https:\/\/www.europesays.com\/fr\/wp-json\/wp\/v2\/posts"}],"about":[{"href":"https:\/\/www.europesays.com\/fr\/wp-json\/wp\/v2\/types\/post"}],"author":[{"embeddable":true,"href":"https:\/\/www.europesays.com\/fr\/wp-json\/wp\/v2\/users\/2"}],"replies":[{"embeddable":true,"href":"https:\/\/www.europesays.com\/fr\/wp-json\/wp\/v2\/comments?post=424210"}],"version-history":[{"count":0,"href":"https:\/\/www.europesays.com\/fr\/wp-json\/wp\/v2\/posts\/424210\/revisions"}],"wp:featuredmedia":[{"embeddable":true,"href":"https:\/\/www.europesays.com\/fr\/wp-json\/wp\/v2\/media\/424211"}],"wp:attachment":[{"href":"https:\/\/www.europesays.com\/fr\/wp-json\/wp\/v2\/media?parent=424210"}],"wp:term":[{"taxonomy":"category","embeddable":true,"href":"https:\/\/www.europesays.com\/fr\/wp-json\/wp\/v2\/categories?post=424210"},{"taxonomy":"post_tag","embeddable":true,"href":"https:\/\/www.europesays.com\/fr\/wp-json\/wp\/v2\/tags?post=424210"}],"curies":[{"name":"wp","href":"https:\/\/api.w.org\/{rel}","templated":true}]}}