{"id":424212,"date":"2025-09-28T17:20:11","date_gmt":"2025-09-28T17:20:11","guid":{"rendered":"https:\/\/www.europesays.com\/fr\/424212\/"},"modified":"2025-09-28T17:20:11","modified_gmt":"2025-09-28T17:20:11","slug":"les-etats-unis-menaces-dun-shutdown-les-republicains-prets-au-dialogue","status":"publish","type":"post","link":"https:\/\/www.europesays.com\/fr\/424212\/","title":{"rendered":"les \u00c9tats-Unis menac\u00e9s d\u2019un \u00ab\u00a0shutdown\u00a0\u00bb, les r\u00e9publicains pr\u00eats au dialogue"},"content":{"rendered":"<p>Le spectre d\u2019une paralysie budg\u00e9taire plane \u00e0 nouveau sur Washington. Le Congr\u00e8s doit imp\u00e9rativement adopter un budget, m\u00eame temporaire, d\u2019ici mardi pour \u00e9viter un \u00ab\u00a0shutdown\u00a0\u00bb qui mettrait \u00e0 l\u2019arr\u00eat une large partie des services f\u00e9d\u00e9raux et plongerait des centaines de milliers de fonctionnaires au ch\u00f4mage technique. \u00ab\u00a0Donald Trump est ouvert \u00e0 la discussion et veut agir de bonne foi\u00a0\u00bb, a assur\u00e9 dimanche le pr\u00e9sident r\u00e9publicain de la Chambre, Mike Johnson, sur la cha\u00eene Fox News.<\/p>\n<p>Le chef de l\u2019ex\u00e9cutif doit rencontrer lundi l\u2019opposition d\u00e9mocrate, apr\u00e8s avoir annul\u00e9 une premi\u00e8re rencontre la semaine derni\u00e8re. Le chef de la minorit\u00e9 d\u00e9mocrate au S\u00e9nat, Chuck Schumer, a confirm\u00e9 sa participation\u00a0: \u00ab\u00a0Cette r\u00e9union est une premi\u00e8re \u00e9tape, mais nous avons besoin d\u2019une n\u00e9gociation s\u00e9rieuse\u00a0\u00bb, a-t-il d\u00e9clar\u00e9 sur NBC. Il insiste sur la n\u00e9cessit\u00e9 de trouver un accord \u00ab\u00a0qui r\u00e9ponde r\u00e9ellement aux besoins du peuple am\u00e9ricain sur la sant\u00e9, la s\u00e9curit\u00e9 et le bien-\u00eatre \u00e9conomique\u00a0\u00bb.<\/p>\n<p><strong>Un pr\u00e9c\u00e9dent en mars<\/strong>&#13;\n<\/p>\n<p>Les r\u00e9publicains disposent d\u2019une majorit\u00e9 dans les deux chambres, mais doivent obtenir au moins sept voix d\u00e9mocrates au S\u00e9nat pour valider tout texte budg\u00e9taire. Leur proposition actuelle pr\u00e9voit un financement de sept semaines, jusqu\u2019\u00e0 fin novembre. Les d\u00e9mocrates r\u00e9clament au contraire le r\u00e9tablissement de plusieurs centaines de milliards de dollars de d\u00e9penses en mati\u00e8re de sant\u00e9. \u00ab\u00a0J\u2019esp\u00e8re que nous \u00e9viterons le shutdown\u00a0\u00bb, a d\u00e9clar\u00e9 Hakeem Jeffries, chef de la minorit\u00e9 d\u00e9mocrate \u00e0 la Chambre, lors d\u2019une interview sur ABC.<strong\/><\/p>\n<p>En mars dernier, face \u00e0 la m\u00eame menace, dix s\u00e9nateurs d\u00e9mocrates avaient accept\u00e9 \u00e0 contrec\u0153ur de voter le plan r\u00e9publicain, malgr\u00e9 de lourdes coupes budg\u00e9taires et le licenciement de milliers de fonctionnaires.<\/p>\n<p>Cette fois, l\u2019impasse pourrait \u00eatre plus lourde de cons\u00e9quences. Selon la presse am\u00e9ricaine, la Maison Blanche envisage des licenciements massifs et permanents dans les agences f\u00e9d\u00e9rales si aucun accord n\u2019est trouv\u00e9 d\u2019ici le 30\u00a0septembre.<\/p>\n","protected":false},"excerpt":{"rendered":"Le spectre d\u2019une paralysie budg\u00e9taire plane \u00e0 nouveau sur Washington. Le Congr\u00e8s doit imp\u00e9rativement adopter un budget, m\u00eame&hellip;\n","protected":false},"author":2,"featured_media":424213,"comment_status":"","ping_status":"","sticky":false,"template":"","format":"standard","meta":{"footnotes":""},"categories":[1589],"tags":[55322,17,11,1003,2837,33,73,1866,151,2824,12,1864,1865,1863,308],"class_list":{"0":"post-424212","1":"post","2":"type-post","3":"status-publish","4":"format-standard","5":"has-post-thumbnail","7":"category-etats-unis","8":"tag-shutdown","9":"tag-17","10":"tag-actualites","11":"tag-budget","12":"tag-dun","13":"tag-economie","14":"tag-etats-unis","15":"tag-etats-unis-damerique","16":"tag-les","17":"tag-menaces","18":"tag-news","19":"tag-united-states","20":"tag-united-states-of-america","21":"tag-us","22":"tag-usa"},"share_on_mastodon":{"url":"","error":""},"_links":{"self":[{"href":"https:\/\/www.europesays.com\/fr\/wp-json\/wp\/v2\/posts\/424212","targetHints":{"allow":["GET"]}}],"collection":[{"href":"https:\/\/www.europesays.com\/fr\/wp-json\/wp\/v2\/posts"}],"about":[{"href":"https:\/\/www.europesays.com\/fr\/wp-json\/wp\/v2\/types\/post"}],"author":[{"embeddable":true,"href":"https:\/\/www.europesays.com\/fr\/wp-json\/wp\/v2\/users\/2"}],"replies":[{"embeddable":true,"href":"https:\/\/www.europesays.com\/fr\/wp-json\/wp\/v2\/comments?post=424212"}],"version-history":[{"count":0,"href":"https:\/\/www.europesays.com\/fr\/wp-json\/wp\/v2\/posts\/424212\/revisions"}],"wp:featuredmedia":[{"embeddable":true,"href":"https:\/\/www.europesays.com\/fr\/wp-json\/wp\/v2\/media\/424213"}],"wp:attachment":[{"href":"https:\/\/www.europesays.com\/fr\/wp-json\/wp\/v2\/media?parent=424212"}],"wp:term":[{"taxonomy":"category","embeddable":true,"href":"https:\/\/www.europesays.com\/fr\/wp-json\/wp\/v2\/categories?post=424212"},{"taxonomy":"post_tag","embeddable":true,"href":"https:\/\/www.europesays.com\/fr\/wp-json\/wp\/v2\/tags?post=424212"}],"curies":[{"name":"wp","href":"https:\/\/api.w.org\/{rel}","templated":true}]}}