{"id":424218,"date":"2025-09-28T17:23:20","date_gmt":"2025-09-28T17:23:20","guid":{"rendered":"https:\/\/www.europesays.com\/fr\/424218\/"},"modified":"2025-09-28T17:23:20","modified_gmt":"2025-09-28T17:23:20","slug":"montreal-la-cluse-les-montreal-de-france-et-deurope-se-sont-retrouves-dans-le-haut-bugey","status":"publish","type":"post","link":"https:\/\/www.europesays.com\/fr\/424218\/","title":{"rendered":"Montr\u00e9al-la-Cluse. Les \u201cMontr\u00e9al\u201d de France et d\u2019Europe se sont retrouv\u00e9s dans le Haut-Bugey"},"content":{"rendered":"<p>Le long week-end de retrouvailles des Montr\u00e9al de France mais aussi d\u2019Europe avec le Monreal allemand, a commenc\u00e9 vendredi 26\u00a0septembre en fin de journ\u00e9e avec un barbecue au site Douglas. <a href=\"https:\/\/www.leprogres.fr\/culture-loisirs\/2025\/09\/24\/les-montreal-de-france-et-d-europe-vont-se-retrouver-dans-le-haut-bugey\" target=\"_blank\" rel=\"noopener\">Il s\u2019est poursuivi tout au long du week-end dans une atmosph\u00e8re chaleureuse<\/a>. Tout cela a \u00e9t\u00e9 possible gr\u00e2ce \u00e0 l\u2019implication des \u00e9lus et des b\u00e9n\u00e9voles haut-bugistes qui avaient \u00e9labor\u00e9 un programme vari\u00e9.<\/p>\n<p>Pour cette 59e \u00e9dition, plusieurs dizaines de Montr\u00e9alais venus d\u2019horizons ont pu, d\u00e8s le matin, admirer l\u2019exposition des photos anciennes de la commune. Ils ont ensuite visit\u00e9 les installations sportives du Paradis et apr\u00e8s le repas de midi, ils ont \u00e9t\u00e9 accueillis par Jean Deguerry, pr\u00e9sident du conseil d\u00e9partemental et premier adjoint de Montr\u00e9al-la-Cluse, \u00e0 la Cuivrerie de Cerdon.<\/p>\n<p>La journ\u00e9e du samedi s\u2019est conclue par le traditionnel repas au Mogador, une soir\u00e9e marqu\u00e9e par le plaisir des retrouvailles et quelques douceurs du Haut-Bugey. Dimanche matin, l\u2019assembl\u00e9e g\u00e9n\u00e9rale \u00e9tait au menu. Il a \u00e9t\u00e9 annonc\u00e9 que la soixanti\u00e8me \u00e9dition, qui aura lieu en 2026, se d\u00e9roulera, \u00e0 Montr\u00e9al, dans la Dr\u00f4me.<\/p>\n<p>  Une esplanade au nom de Gilles Morosi<\/p>\n<p>Apr\u00e8s l\u2019office religieux \u00e0 l\u2019\u00e9glise Saint-Maurice, les participants se sont retrouv\u00e9s pour la c\u00e9r\u00e9monie devant le monument aux morts avant un banquet au Mogador.<\/p>\n<p>Le temps fort du week-end a \u00e9t\u00e9 l\u2019inauguration de l\u2019esplanade face \u00e0 la mairie. Elle a \u00e9t\u00e9 surtout l\u2019occasion d\u2019avoir une pens\u00e9e pour un homme qui a marqu\u00e9 la vie communale\u00a0: Gilles Morosi. Celui-ci s\u2019est aussi beaucoup impliqu\u00e9 dans l\u2019association des Montr\u00e9al de France. Il \u00e9tait d\u2019ailleurs bien connu d\u2019un certain nombre des visiteurs montr\u00e9alais. Sa m\u00e9moire a donc \u00e9t\u00e9 honor\u00e9e en donnant son nom \u00e0 cette esplanade.<\/p>\n<p>\u00ab\u00a0Ce n\u2019est pas sans une certaine \u00e9motion en cette occasion unique de rendre hommage \u00e0 un homme qui a consacr\u00e9 49 ans \u00e0 la vie communale\u00a0\u00bb, a soulign\u00e9 Patrick Dufour maire. Celui-ci a en effet r\u00e9alis\u00e9, sous ses mandats, de nombreuses infrastructures, mais a \u00e9t\u00e9 \u00e9galement un visionnaire en effectuant certaines acquisitions opportunes.<\/p>\n<p>Une plaque \u00e0 son nom a \u00e9t\u00e9 d\u00e9couverte en pr\u00e9sence de ses proches et de tr\u00e8s nombreux Montr\u00e9alais de tous horizons. Les autres Montr\u00e9al n\u2019ont pas \u00e9t\u00e9 oubli\u00e9s puisque des totems avec le blason de chaque commune ont \u00e9t\u00e9 inaugur\u00e9s par les \u00e9lus visiteurs.<\/p>\n","protected":false},"excerpt":{"rendered":"Le long week-end de retrouvailles des Montr\u00e9al de France mais aussi d\u2019Europe avec le Monreal allemand, a commenc\u00e9&hellip;\n","protected":false},"author":2,"featured_media":424219,"comment_status":"","ping_status":"","sticky":false,"template":"","format":"standard","meta":{"footnotes":""},"categories":[1586],"tags":[11,3312,1777,674,1011,27,55323,25375,12,25,104],"class_list":{"0":"post-424218","1":"post","2":"type-post","3":"status-publish","4":"format-standard","5":"has-post-thumbnail","7":"category-europe","8":"tag-actualites","9":"tag-edition-ain-est","10":"tag-eu","11":"tag-europe","12":"tag-fr","13":"tag-france","14":"tag-montreal-la-cluse","15":"tag-nantua-bassin","16":"tag-news","17":"tag-republique-francaise","18":"tag-societe"},"share_on_mastodon":{"url":"https:\/\/pubeurope.com\/@fr\/115283086835228770","error":""},"_links":{"self":[{"href":"https:\/\/www.europesays.com\/fr\/wp-json\/wp\/v2\/posts\/424218","targetHints":{"allow":["GET"]}}],"collection":[{"href":"https:\/\/www.europesays.com\/fr\/wp-json\/wp\/v2\/posts"}],"about":[{"href":"https:\/\/www.europesays.com\/fr\/wp-json\/wp\/v2\/types\/post"}],"author":[{"embeddable":true,"href":"https:\/\/www.europesays.com\/fr\/wp-json\/wp\/v2\/users\/2"}],"replies":[{"embeddable":true,"href":"https:\/\/www.europesays.com\/fr\/wp-json\/wp\/v2\/comments?post=424218"}],"version-history":[{"count":0,"href":"https:\/\/www.europesays.com\/fr\/wp-json\/wp\/v2\/posts\/424218\/revisions"}],"wp:featuredmedia":[{"embeddable":true,"href":"https:\/\/www.europesays.com\/fr\/wp-json\/wp\/v2\/media\/424219"}],"wp:attachment":[{"href":"https:\/\/www.europesays.com\/fr\/wp-json\/wp\/v2\/media?parent=424218"}],"wp:term":[{"taxonomy":"category","embeddable":true,"href":"https:\/\/www.europesays.com\/fr\/wp-json\/wp\/v2\/categories?post=424218"},{"taxonomy":"post_tag","embeddable":true,"href":"https:\/\/www.europesays.com\/fr\/wp-json\/wp\/v2\/tags?post=424218"}],"curies":[{"name":"wp","href":"https:\/\/api.w.org\/{rel}","templated":true}]}}