{"id":424234,"date":"2025-09-28T17:33:14","date_gmt":"2025-09-28T17:33:14","guid":{"rendered":"https:\/\/www.europesays.com\/fr\/424234\/"},"modified":"2025-09-28T17:33:14","modified_gmt":"2025-09-28T17:33:14","slug":"8e-a-motegi-fabio-quartararo-nest-pas-content-de-la-facon-dont-yamaha-evolue","status":"publish","type":"post","link":"https:\/\/www.europesays.com\/fr\/424234\/","title":{"rendered":"8e \u00e0 Motegi, Fabio Quartararo n&rsquo;est \u00ab pas content \u00bb de la fa\u00e7on dont Yamaha \u00e9volue"},"content":{"rendered":"<p><a href=\"https:\/\/www.autohebdo.fr\/actualites\/tag\/fabio-quartararo\" data-internallinksmanager029f6b8e52c=\"15\" title=\"Fabio Quartararo\" rel=\"nofollow noopener\" target=\"_blank\">Fabio Quartararo<\/a> a maximis\u00e9 le potentiel de sa Yamaha durant tout le week-end du Grand Prix du Japon de <a href=\"https:\/\/www.autohebdo.fr\/actualites\/motogp\" data-internallinksmanager029f6b8e52c=\"4\" title=\"MotoGP\" rel=\"nofollow noopener\" target=\"_blank\">MotoGP<\/a>. 6e du sprint et 8e lors de la course principale, le Fran\u00e7ais a pass\u00e9 la majeure partie de l\u2019\u00e9preuve talonn\u00e9 par Johann Zarco. Il a ensuite hauss\u00e9 le ton dans le dernier tour pour se prot\u00e9ger d\u2019une attaque de son compatriote. Il n\u2019y avait pas grand-chose de plus \u00e0 faire, compte tenu du rythme soutenu de ses adversaires.<\/p>\n<\/p>\n<p>\u00ab C\u2019est le maximum que nous pouvions faire. Au d\u00e9but, j\u2019ai fait un tr\u00e8s bon d\u00e9part, mais avec l\u2019adh\u00e9rence que nous avions, tout le monde m\u2019a doubl\u00e9. J\u2019ai commis des erreurs parce que j\u2019essayais de pousser et de rester avec eux, mais c\u2019\u00e9tait clairement impossible. Comme pilote, je pense avoir g\u00e9r\u00e9 la course \u00e0 mon rythme. Mon objectif num\u00e9ro un maintenant est de travailler sur moi-m\u00eame et tenter de m\u2019am\u00e9liorer en tant que pilote. Je pense que cette course, j\u2019ai \u00e9t\u00e9 bon, mais on sait \u00e0 quel point il est difficile d\u2019\u00eatre rapide face \u00e0 tous les autres. \u00bb<\/p>\n<p>Quartararo indiff\u00e9rent face au podium de Honda<\/p>\n<p>La suite de la tourn\u00e9e asiatique ne s\u2019annonce pas simple. Le Fran\u00e7ais entrevoit malgr\u00e9 tout une leur d\u2019espoir \u00e0 l\u2019approche du Grand Prix d\u2019Indon\u00e9sie. Les conditions de grip, si la piste n\u2019est pas trop sale, pourraient convenir \u00e0 sa Yamaha. Il pourrait alors esp\u00e9rer d\u00e9crocher un r\u00e9sultat plus r\u00e9jouissant.<\/p>\n<p>\u00ab Nous allons essayer de faire de notre mieux, poursuit-il. Je pense qu\u2019Indon\u00e9sie peut \u00eatre un bon circuit pour nous, on verra ce que donne le pneu. Le pneu est diff\u00e9rent, et je pense que l\u2019Indon\u00e9sie pourrait \u00eatre un trac\u00e9 o\u00f9 nous pourrions faire quelque chose de bien. Je n\u2019aime pas parler avant, mais je pense qu\u2019on peut faire une tr\u00e8s bonne qualification et de bonnes courses l\u00e0-bas. \u2018Tr\u00e8s bon\u2019 ne veut pas dire se battre pour beaucoup mieux, mais je pense que si je dois choisir un circuit, ce serait celui-l\u00e0. \u00bb<\/p>\n<p>Il pr\u00e9cise : \u00ab Pour l\u2019instant, je ne suis pas vraiment content de voir comment on \u00e9volue. On n\u2019a pas grand-chose depuis le d\u00e9but de la saison. On a eu des diff\u00e9rences en a\u00e9rodynamique, mais on sait que ce n\u2019est pas l\u2019a\u00e9ro qui va r\u00e9soudre tous nos probl\u00e8mes. Oui, c\u2019est difficile. J\u2019attends avec impatience le test de Valence pour voir ce que \u00e7a donne. \u00bb<\/p>\n<p>Concernant le retour de Honda sur le podium au Japon, Quartararo reste pragmatique. Lorsqu\u2019on lui demande si ce dernier pourrait avoir un impact quelconque sur la motivation du clan d\u2019Iwata, le Ni\u00e7ois r\u00e9pond : \u00ab Non, je ne pense pas. Si cela doit les r\u00e9veiller, il est un peu trop tard. Je pense qu\u2019on sait d\u00e9j\u00e0 o\u00f9 on en est en regardant le classement. Je ne pense pas qu\u2019on ait besoin du podium de Honda. Et je pense que c\u2019est bien pour le championnat de voir diff\u00e9rents constructeurs sur le podium. Oui, on doit juste faire des progr\u00e8s. \u00bb<\/p>\n<p><strong>\u00c0 LIRE AUSSI &gt;\u00a0<a href=\"https:\/\/www.autohebdo.fr\/actualites\/motogp\/classement-motogp-2025-le-championnat-apres-le-sprint-du-gp-du-japon.html\" rel=\"nofollow noopener\" target=\"_blank\">Classement MotoGP 2025 \u2013 Le championnat apr\u00e8s le GP du Japon<\/a><\/strong><\/p>\n","protected":false},"excerpt":{"rendered":"Fabio Quartararo a maximis\u00e9 le potentiel de sa Yamaha durant tout le week-end du Grand Prix du Japon&hellip;\n","protected":false},"author":2,"featured_media":423622,"comment_status":"","ping_status":"","sticky":false,"template":"","format":"standard","meta":{"footnotes":""},"categories":[1413],"tags":[1011,27,1457,1456,60],"class_list":{"0":"post-424234","1":"post","2":"type-post","3":"status-publish","4":"format-standard","5":"has-post-thumbnail","7":"category-moto","8":"tag-fr","9":"tag-france","10":"tag-moto","11":"tag-motocycle","12":"tag-sports"},"share_on_mastodon":{"url":"https:\/\/pubeurope.com\/@fr\/115283126161462887","error":""},"_links":{"self":[{"href":"https:\/\/www.europesays.com\/fr\/wp-json\/wp\/v2\/posts\/424234","targetHints":{"allow":["GET"]}}],"collection":[{"href":"https:\/\/www.europesays.com\/fr\/wp-json\/wp\/v2\/posts"}],"about":[{"href":"https:\/\/www.europesays.com\/fr\/wp-json\/wp\/v2\/types\/post"}],"author":[{"embeddable":true,"href":"https:\/\/www.europesays.com\/fr\/wp-json\/wp\/v2\/users\/2"}],"replies":[{"embeddable":true,"href":"https:\/\/www.europesays.com\/fr\/wp-json\/wp\/v2\/comments?post=424234"}],"version-history":[{"count":0,"href":"https:\/\/www.europesays.com\/fr\/wp-json\/wp\/v2\/posts\/424234\/revisions"}],"wp:featuredmedia":[{"embeddable":true,"href":"https:\/\/www.europesays.com\/fr\/wp-json\/wp\/v2\/media\/423622"}],"wp:attachment":[{"href":"https:\/\/www.europesays.com\/fr\/wp-json\/wp\/v2\/media?parent=424234"}],"wp:term":[{"taxonomy":"category","embeddable":true,"href":"https:\/\/www.europesays.com\/fr\/wp-json\/wp\/v2\/categories?post=424234"},{"taxonomy":"post_tag","embeddable":true,"href":"https:\/\/www.europesays.com\/fr\/wp-json\/wp\/v2\/tags?post=424234"}],"curies":[{"name":"wp","href":"https:\/\/api.w.org\/{rel}","templated":true}]}}