{"id":424235,"date":"2025-09-28T17:34:11","date_gmt":"2025-09-28T17:34:11","guid":{"rendered":"https:\/\/www.europesays.com\/fr\/424235\/"},"modified":"2025-09-28T17:34:11","modified_gmt":"2025-09-28T17:34:11","slug":"direct-ryder-cup-2025-les-simples-sont-lances-les-europeens-prennent-les-commandes-dentree-golf-lequipe","status":"publish","type":"post","link":"https:\/\/www.europesays.com\/fr\/424235\/","title":{"rendered":"DIRECT. Ryder Cup 2025 : Les simples sont lanc\u00e9s, les Europ\u00e9ens prennent les commandes d&#039;entr\u00e9e ! (Golf) &#8211; L&#039;\u00c9quipe"},"content":{"rendered":"<ol>\n<li><a href=\"https:\/\/news.google.com\/rss\/articles\/CBMid0FVX3lxTFBhcHg5VkF3TXlsLTVoUlc2b3BybU5fbHVaUVdiNm56M01Xblg0YVB4V1ZxZTBvQUZQQ29RMFNnNGs5NjVmWF93cHhUTk1tQ3J5SUVfVElmVktOb3lyYVNfNmE5TFdzUTFZWjJDSnhoc3ZCXzB5dXdV?oc=5\" target=\"_blank\" rel=\"noopener\">DIRECT. Ryder Cup 2025 : Les simples sont lanc\u00e9s, les Europ\u00e9ens prennent les commandes d&rsquo;entr\u00e9e ! (Golf)<\/a>&nbsp;&nbsp;L&rsquo;\u00c9quipe<\/li>\n<li><a href=\"https:\/\/news.google.com\/rss\/articles\/CBMi9AFBVV95cUxPYnVGY3ljRDNXNzV5NHczbXJLYUVYVkhxaXBMdGZ2TDZVMUVuS3Bnd0VBYWVzVXdUMWtFeWRtVlNYbEt3XzlYazNTQU5lcmgyeWNZWHh1X1RWWmV4RDFRbUttSWZsbGYweVpENzVmTHNxSEZ0b2dScS1SQTAybmM0NXVJdjZxY2xwMk9nQ1IxbkFyNEdUejdWT3dLaWtEUDhNNlZKa3dhVzNjU1ZvUWk4Ri1YRUxuVml6TXJsd1lJTFpYeXMtRWs4eTlJeDNOUXhXODg2aER4d0dDUHM2cXNGMEx2LUdVYjJJRkJfclNWSVlHX2Vl?oc=5\" target=\"_blank\" rel=\"noopener\">VIDEO. La femme d\u2019un golfeur star en larmes, cible de jet de bi\u00e8re et d\u2019insultes : nouveaux d\u00e9bordements \u00e0 la Ryder Cup<\/a>&nbsp;&nbsp;ladepeche.fr<\/li>\n<li><a href=\"https:\/\/news.google.com\/rss\/articles\/CBMihwJBVV95cUxPNzQ4R3FMbUNtc0VMeFNQaU4tV1BmdjlhLV9BY1hCMldPRmRBTE1PTzNQUG5mNUt4bFU0dktXMHBqU0pRQlBha1Rpd3lVN0Q5bVZoVmczci1HeFRSblJMem5qUkpKTElnQVFxaWZGNWJZTXVCTnlISXhsdmtaRE5yXzdBUGtQSFUxRFNOSkxqVzY4M2c3R1B1VnJaRHEyZjVqcTl6YmFBNFI3ZW01VlNPeEltN0JlenIwT3dscEVmZUh6VTZnSnVndi1JRzRHeEJzN25WLWRMSDhwalhkMnY5bmV1a2dxMmhWTzFMRXJaQW5TUlRrLVlyX1RXcl92Rm5raHVrQVVDWQ?oc=5\" target=\"_blank\" rel=\"noopener\">Golf : l\u2019Europe creuse l\u2019\u00e9cart face aux Etats-Unis et vise un triomphe historique \u00e0 la Ryder Cup<\/a>&nbsp;&nbsp;Le Monde.fr<\/li>\n<li><a href=\"https:\/\/news.google.com\/rss\/articles\/CBMi3AFBVV95cUxPTDhlSUpQcDAwSlJKRzZycHdER2pWa1JWVHV5MEhQY0VRN081UWZfSklKa3dzSUNlUTBnMW5ueWRXclVOOFhMQVdjOEN0ckg0anpja0ZqVlY1QXR4NWVHWDU1RzllRkhtc243YlVyTUMtX3MxUVZfNEIwaGRzMVd2bXdtZFJkRks4ZEZvMEh4YXJxcXBKVmNGaGRQMmRtb0FxczA0anNCbmZLdzdhQ3BpZTZqV0xBMGtneTZvM1FjZkROSTVZaExFQ25oa25vZmxTbmwxdGYxTUZpNXc0?oc=5\" target=\"_blank\" rel=\"noopener\">\u00c0 la Ryder Cup, des fans am\u00e9ricains \u201cgrotesques\u201d d\u00e9cha\u00een\u00e9s contre les golfeurs europ\u00e9ens<\/a>&nbsp;&nbsp;Courrier international<\/li>\n<li><a href=\"https:\/\/news.google.com\/rss\/articles\/CBMi7wFBVV95cUxPb0NLOG9MMGFiaDVIaGc1c0htd25GcFVJUGlLUHRHMEtZUk50Tk5rRk5pOExMNENOd0tfQnI0Q2J2WW9HX2QyYThRMzVvajV4S2MxYXhUYmstRjEwazJLUExZRERmZkEwQUNVaTFJU01TUDJRRHVJN2ttekE0VEtNQXNuU0JYLTZCUnlpb1Z4YzNMbVlyMHF6c1NzVEdiX29IS1oxbnhfOGU5ZENUcFZleERYV2RQRzc5cjFkSWNPRDhFLWdIZ2RjVkQ1dWttWkYtVFVyR2FoS2RMWk9adVo1NWlqYmJ0MW5uejBFcEN4SQ?oc=5\" target=\"_blank\" rel=\"noopener\">Ryder Cup 2025: insultes, hu\u00e9es et jets de bi\u00e8re&#8230; Rory McIlroy et sa femme malmen\u00e9s par le public am\u00e9ricain<\/a>&nbsp;&nbsp;RMC Sport<\/li>\n<\/ol>\n","protected":false},"excerpt":{"rendered":"DIRECT. Ryder Cup 2025 : Les simples sont lanc\u00e9s, les Europ\u00e9ens prennent les commandes d&rsquo;entr\u00e9e ! (Golf)&nbsp;&nbsp;L&rsquo;\u00c9quipe VIDEO.&hellip;\n","protected":false},"author":2,"featured_media":424236,"comment_status":"","ping_status":"","sticky":false,"template":"","format":"standard","meta":{"footnotes":""},"categories":[1412],"tags":[1451,1452,1453,1454,1455,1011,27,60],"class_list":{"0":"post-424235","1":"post","2":"type-post","3":"status-publish","4":"format-standard","5":"has-post-thumbnail","7":"category-f1","8":"tag-f1","9":"tag-formula-1","10":"tag-formula1","11":"tag-formule-1","12":"tag-formule1","13":"tag-fr","14":"tag-france","15":"tag-sports"},"share_on_mastodon":{"url":"https:\/\/pubeurope.com\/@fr\/115283130076569526","error":""},"_links":{"self":[{"href":"https:\/\/www.europesays.com\/fr\/wp-json\/wp\/v2\/posts\/424235","targetHints":{"allow":["GET"]}}],"collection":[{"href":"https:\/\/www.europesays.com\/fr\/wp-json\/wp\/v2\/posts"}],"about":[{"href":"https:\/\/www.europesays.com\/fr\/wp-json\/wp\/v2\/types\/post"}],"author":[{"embeddable":true,"href":"https:\/\/www.europesays.com\/fr\/wp-json\/wp\/v2\/users\/2"}],"replies":[{"embeddable":true,"href":"https:\/\/www.europesays.com\/fr\/wp-json\/wp\/v2\/comments?post=424235"}],"version-history":[{"count":0,"href":"https:\/\/www.europesays.com\/fr\/wp-json\/wp\/v2\/posts\/424235\/revisions"}],"wp:featuredmedia":[{"embeddable":true,"href":"https:\/\/www.europesays.com\/fr\/wp-json\/wp\/v2\/media\/424236"}],"wp:attachment":[{"href":"https:\/\/www.europesays.com\/fr\/wp-json\/wp\/v2\/media?parent=424235"}],"wp:term":[{"taxonomy":"category","embeddable":true,"href":"https:\/\/www.europesays.com\/fr\/wp-json\/wp\/v2\/categories?post=424235"},{"taxonomy":"post_tag","embeddable":true,"href":"https:\/\/www.europesays.com\/fr\/wp-json\/wp\/v2\/tags?post=424235"}],"curies":[{"name":"wp","href":"https:\/\/api.w.org\/{rel}","templated":true}]}}