{"id":424259,"date":"2025-09-28T17:47:10","date_gmt":"2025-09-28T17:47:10","guid":{"rendered":"https:\/\/www.europesays.com\/fr\/424259\/"},"modified":"2025-09-28T17:47:10","modified_gmt":"2025-09-28T17:47:10","slug":"ce-que-jai-compris-trop-tard-sur-le-masque-barriere","status":"publish","type":"post","link":"https:\/\/www.europesays.com\/fr\/424259\/","title":{"rendered":"Ce que j\u2019ai compris trop tard sur le masque barri\u00e8re"},"content":{"rendered":"<p>M\u00e9tro bond\u00e9 aux portes de l&rsquo;automne, \u00e9ternuement inattendu sur la ligne 1, regards inquiets ou exasp\u00e9r\u00e9s : le retour des rhumes saisonniers en septembre 2025 relance une vieille controverse dans les couloirs et les caf\u00e9s. Le masque barri\u00e8re, devenu objet du quotidien lors des premiers mois de la pand\u00e9mie, continue de diviser. Utilit\u00e9 indiscutable pour certains, symbole d&rsquo;un pass\u00e9 r\u00e9cent que d&rsquo;autres veulent oublier, il ne laisse personne indiff\u00e9rent. Que nous disent vraiment les connaissances actuelles \u2013 et nos habitudes \u2013 sur l&rsquo;int\u00e9r\u00eat de garder ce r\u00e9flexe, \u00e0 l&rsquo;heure o\u00f9 le COVID-19 s&rsquo;est fait plus discret, mais pas totalement oubli\u00e9 ?<\/p>\n<p>Le masque en 2025 : symbole de pr\u00e9caution ou d&rsquo;angoisse ?<\/p>\n<p><strong>Le masque barri\u00e8re, longtemps per\u00e7u comme geste citoyen, s&rsquo;est transform\u00e9 au fil des ans.<\/strong> Aujourd&rsquo;hui, il incarne autant la vigilance face aux virus que la lassitude apr\u00e8s des mois de contraintes sanitaires. Dans de nombreux lieux publics en France, le port du masque divise : certains l&rsquo;arborent encore sans faillir dans les transports ou chez le m\u00e9decin, tandis que d&rsquo;autres le rejettent d\u00e9lib\u00e9r\u00e9ment. Les diff\u00e9rences r\u00e9gionales et g\u00e9n\u00e9rationnelles s&rsquo;accentuent et t\u00e9moignent d&rsquo;un rapport nuanc\u00e9 \u00e0 la pr\u00e9vention.<\/p>\n<p>Le paysage social refl\u00e8te cette dualit\u00e9. \u00c0 Paris, dans les m\u00e9tros ou les mus\u00e9es, la cohabitation entre masques et visages d\u00e9couverts se lit au quotidien. En province ou dans les petites communes, la normalisation d&rsquo;un \u00ab retour \u00e0 la vie \u00bb tend \u00e0 rel\u00e9guer le masque au rang d&rsquo;accessoire optionnel.<\/p>\n<p>Masque et efficacit\u00e9 : ce que disent les \u00e9tudes r\u00e9centes<\/p>\n<p><strong>Masques chirurgicaux, FFP2, tissus lavables\u2026 Tous les masques ne se valent pas face aux virus.<\/strong> Les mod\u00e8les \u00e0 haute filtration, correctement ajust\u00e9s, restent les plus efficaces pour limiter la diffusion des particules a\u00e9roport\u00e9es, notamment dans les espaces clos ou mal ventil\u00e9s.<\/p>\n<p>Mais l&rsquo;efficacit\u00e9 ne d\u00e9pend pas que du mat\u00e9riau : un masque mal port\u00e9, d\u00e9plac\u00e9 sous le nez ou r\u00e9utilis\u00e9 apr\u00e8s plusieurs heures d&rsquo;usage perd consid\u00e9rablement de son utilit\u00e9. Les recommandations des autorit\u00e9s sanitaires \u2013 changer de masque r\u00e9guli\u00e8rement, le positionner correctement, l&rsquo;adapter \u00e0 la morphologie \u2013 sont aujourd&rsquo;hui bien connues, mais parfois n\u00e9glig\u00e9es par confort ou simple lassitude.<\/p>\n<p>Contextes \u00e0 risque : le masque, un r\u00e9flexe encore pertinent ?<\/p>\n<p>L&rsquo;automne marque traditionnellement le retour des infections respiratoires. <strong>Dans certains contextes, le port du masque demeure judicieux pour limiter la transmission du COVID-19, mais aussi d&rsquo;autres virus saisonniers.<\/strong> Les transports en commun, les cabinets m\u00e9dicaux ou les grandes manifestations constituent des lieux propices aux contaminations, particuli\u00e8rement pendant les pics \u00e9pid\u00e9miques.<\/p>\n<p>Pour les personnes vuln\u00e9rables, \u00e2g\u00e9es ou immunod\u00e9prim\u00e9es, la vigilance reste de mise. Porter le masque dans des environnements \u00e0 risque, notamment lors de rassemblements en int\u00e9rieur, peut s&rsquo;av\u00e9rer une pr\u00e9caution intelligente et rassurante pour r\u00e9duire l&rsquo;exposition aux agents pathog\u00e8nes.<\/p>\n<p>Les limites du masque : ce qu&rsquo;il ne peut pas (ou plus) faire<\/p>\n<p><strong>Le masque barri\u00e8re n&rsquo;est pas une solution miracle<\/strong>. S&rsquo;il ralentit la diffusion du COVID-19 et de nombreux virus respiratoires, il ne prot\u00e8ge pas contre toutes les maladies, ni contre les \u00e9motions n\u00e9gatives que sa simple vue peut susciter. Les gestes barri\u00e8res, l&rsquo;a\u00e9ration r\u00e9guli\u00e8re et l&rsquo;hygi\u00e8ne des mains viennent n\u00e9cessairement compl\u00e9ter cette protection.<\/p>\n<p>La fatigue li\u00e9e au port du masque \u2013 inconfort, sensation d&rsquo;\u00e9touffement, difficult\u00e9s de communication \u2013 explique aussi une partie du rejet actuel. Le respect du port reste tr\u00e8s variable et tend \u00e0 diminuer en dehors des p\u00e9riodes de crise aigu\u00eb, jusque dans les h\u00f4pitaux o\u00f9 la lev\u00e9e de l&rsquo;obligation a parfois laiss\u00e9 place \u00e0 la pratique du \u00ab port au cas par cas \u00bb.<\/p>\n<p>L&rsquo;argumentaire des \u00ab\u00a0anti-masques\u00a0\u00bb : entre scepticisme et fatigue sanitaire<\/p>\n<p>Depuis deux ans, le discours des personnes oppos\u00e9es au port du masque s&rsquo;est diversifi\u00e9. Parmi les arguments les plus cit\u00e9s : inefficacit\u00e9 suppos\u00e9e dans la vie courante, g\u00eane respiratoire, isolement social ou impact psychologique. Si certains points refl\u00e8tent de r\u00e9elles difficult\u00e9s (notamment chez les enfants, les malentendants ou les personnes souffrant d&rsquo;anxi\u00e9t\u00e9), d&rsquo;autres rel\u00e8vent davantage de la perception que de la r\u00e9alit\u00e9 scientifique.<\/p>\n<p>Les effets secondaires du masque \u2013 irritations cutan\u00e9es, inconfort \u2013 existent mais restent g\u00e9n\u00e9ralement limit\u00e9s chez l&rsquo;adulte en bonne sant\u00e9. <strong>La grande fatigue ressentie tient surtout \u00e0 la dur\u00e9e du port prolong\u00e9 dans certaines situations, ainsi qu&rsquo;\u00e0 l&rsquo;\u00e9puisement face \u00e0 des recommandations \u00e9volutives et parfois contradictoires<\/strong>.<\/p>\n<p> Vers un masque intelligent ? Innovations et nouvelles habitudes<\/p>\n<p>Derri\u00e8re les d\u00e9bats, l&rsquo;industrie du masque innove : filtration accrue, technologies anti-bu\u00e9e, capteurs int\u00e9gr\u00e9s, et m\u00eame masques \u00ab connect\u00e9s \u00bb. Ces nouveaux mod\u00e8les visent \u00e0 concilier <strong>protection efficace<\/strong> et confort d&rsquo;usage, tout en s&rsquo;int\u00e9grant aux besoins actuels \u2013 compacit\u00e9, r\u00e9utilisabilit\u00e9, design discret.<\/p>\n<p>Dans ce contexte, bien choisir son masque revient \u00e0 privil\u00e9gier le mod\u00e8le adapt\u00e9 \u00e0 la situation (masque FFP2 dans les transports, mod\u00e8le chirurgical lors de visites m\u00e9dicales, masque en tissu pour des d\u00e9placements brefs) et \u00e0 adopter les bonnes pratiques : lavage des mains avant et apr\u00e8s, changement r\u00e9gulier, stockage appropri\u00e9. Un r\u00e9flexe simple, mais encore trop souvent n\u00e9glig\u00e9.<\/p>\n<p>Bilan et perspectives : s&rsquo;adapter dans un monde incertain<\/p>\n<p>Le d\u00e9bat autour du masque barri\u00e8re en 2025 r\u00e9v\u00e8le notre rapport complexe au risque sanitaire : entre vigilance n\u00e9cessaire et d\u00e9sir de normalit\u00e9, l&rsquo;\u00e9quilibre reste d\u00e9licat. <strong>Le masque demeure un outil pertinent dans certains contextes sp\u00e9cifiques, mais son efficacit\u00e9 d\u00e9pend fortement des conditions concr\u00e8tes d&rsquo;utilisation et d&rsquo;adaptation \u00e0 chaque situation individuelle.<\/strong><\/p>\n<p>Pour celles et ceux qui souhaitent continuer \u00e0 se prot\u00e9ger \u2013 ou prot\u00e9ger leurs proches vuln\u00e9rables \u2013 il est fondamental de privil\u00e9gier la qualit\u00e9 du masque, son ajustement optimal, et de rester attentif aux recommandations sanitaires, particuli\u00e8rement durant les p\u00e9riodes de recrudescence virale. Ainsi, chacun peut adopter une posture \u00e9clair\u00e9e, adapt\u00e9e \u00e0 ses besoins r\u00e9els, sans c\u00e9der \u00e0 la lassitude ou aux id\u00e9es re\u00e7ues.<\/p>\n<p>L&rsquo;automne 2025 marque une nouvelle \u00e9tape dans notre apprentissage collectif du \u00ab\u00a0vivre avec\u00a0\u00bb, o\u00f9 chaque geste barri\u00e8re, masque inclus, retrouve sa pertinence lorsque la prudence s&rsquo;impose. Alors, la prochaine fois qu&rsquo;une toux retentit dans votre wagon, rappelez-vous que le masque, bien choisi et correctement port\u00e9, reste un alli\u00e9 pr\u00e9cieux \u2013 imparfait certes, mais efficace \u2013 pour traverser sereinement la saison des virus.<\/p>\n","protected":false},"excerpt":{"rendered":"M\u00e9tro bond\u00e9 aux portes de l&rsquo;automne, \u00e9ternuement inattendu sur la ligne 1, regards inquiets ou exasp\u00e9r\u00e9s : le&hellip;\n","protected":false},"author":2,"featured_media":424260,"comment_status":"","ping_status":"","sticky":false,"template":"","format":"standard","meta":{"footnotes":""},"categories":[7],"tags":[1011,27,56,43,40,41,39,42,44],"class_list":{"0":"post-424259","1":"post","2":"type-post","3":"status-publish","4":"format-standard","5":"has-post-thumbnail","7":"category-sciences-et-technologies","8":"tag-fr","9":"tag-france","10":"tag-push","11":"tag-science","12":"tag-science-and-technology","13":"tag-sciences","14":"tag-sciences-et-technologies","15":"tag-technologies","16":"tag-technology"},"share_on_mastodon":{"url":"https:\/\/pubeurope.com\/@fr\/115283181208379986","error":""},"_links":{"self":[{"href":"https:\/\/www.europesays.com\/fr\/wp-json\/wp\/v2\/posts\/424259","targetHints":{"allow":["GET"]}}],"collection":[{"href":"https:\/\/www.europesays.com\/fr\/wp-json\/wp\/v2\/posts"}],"about":[{"href":"https:\/\/www.europesays.com\/fr\/wp-json\/wp\/v2\/types\/post"}],"author":[{"embeddable":true,"href":"https:\/\/www.europesays.com\/fr\/wp-json\/wp\/v2\/users\/2"}],"replies":[{"embeddable":true,"href":"https:\/\/www.europesays.com\/fr\/wp-json\/wp\/v2\/comments?post=424259"}],"version-history":[{"count":0,"href":"https:\/\/www.europesays.com\/fr\/wp-json\/wp\/v2\/posts\/424259\/revisions"}],"wp:featuredmedia":[{"embeddable":true,"href":"https:\/\/www.europesays.com\/fr\/wp-json\/wp\/v2\/media\/424260"}],"wp:attachment":[{"href":"https:\/\/www.europesays.com\/fr\/wp-json\/wp\/v2\/media?parent=424259"}],"wp:term":[{"taxonomy":"category","embeddable":true,"href":"https:\/\/www.europesays.com\/fr\/wp-json\/wp\/v2\/categories?post=424259"},{"taxonomy":"post_tag","embeddable":true,"href":"https:\/\/www.europesays.com\/fr\/wp-json\/wp\/v2\/tags?post=424259"}],"curies":[{"name":"wp","href":"https:\/\/api.w.org\/{rel}","templated":true}]}}