{"id":424265,"date":"2025-09-28T17:50:12","date_gmt":"2025-09-28T17:50:12","guid":{"rendered":"https:\/\/www.europesays.com\/fr\/424265\/"},"modified":"2025-09-28T17:50:12","modified_gmt":"2025-09-28T17:50:12","slug":"paris-lyon-bordeaux-des-milliers-de-personnes-dans-la-rue-dans-tout-le-pays-pour-le-climat-et-la-justice-sociale","status":"publish","type":"post","link":"https:\/\/www.europesays.com\/fr\/424265\/","title":{"rendered":"Paris, Lyon, Bordeaux\u2026 Des milliers de personnes dans la rue dans tout le pays pour le climat et la justice sociale"},"content":{"rendered":"<p>Ils \u00e9taient partout en France. Quelques milliers de personnes \u2013 700 \u00e0 <a href=\"https:\/\/www.20minutes.fr\/lyon\/\" target=\"_blank\" class=\"c-link c-link--is-underlined\" rel=\"noopener\">Lyon<\/a>, 300 \u00e0 <a href=\"https:\/\/www.20minutes.fr\/strasbourg\/\" target=\"_blank\" class=\"c-link c-link--is-underlined\" rel=\"noopener\">Strasbourg<\/a>, plusieurs centaines \u00e0 <a href=\"https:\/\/www.20minutes.fr\/paris\/\" target=\"_blank\" class=\"c-link c-link--is-underlined\" rel=\"noopener\">Paris<\/a> \u2013 ont d\u00e9fil\u00e9 ce dimanche \u00e0 l\u2019appel notamment d\u2019associations de d\u00e9fense de l\u2019environnement, au nom du <a href=\"https:\/\/www.20minutes.fr\/planete\/climat\/\" target=\"_blank\" class=\"c-link c-link--is-underlined\" rel=\"noopener\">climat<\/a> ou de la justice sociale. \u00ab\u00a0Justice sociale et climatique, m\u00eame combat\u00a0\u00bb, \u00ab\u00a0on veut une m\u00e9gabassine de droits\u00a0\u00bb, \u00ab\u00a0manger les riches\u00a0\u00bb\u2026 A travers le pays, les slogans \u00e9taient aussi divers que les revendications des diff\u00e9rentes associations ayant appel\u00e9 \u00e0 manifester\u00a0: <a href=\"https:\/\/www.20minutes.fr\/dossier\/greenpeace\" target=\"_blank\" class=\"c-link c-link--is-underlined\" rel=\"noopener\">Greenpeace<\/a>, Alternatiba, Action Justice Climat, Attac\u2026<\/p>\n<\/p>\n<p>Les organisateurs ont annonc\u00e9 70 rassemblements dans toute la France \u00ab\u00a0pour affirmer qu\u2019un autre avenir est possible face aux crises \u00e9cologique, sociale et d\u00e9mocratique\u00a0\u00bb. Le tout \u00e0 l\u2019approche, notamment, de la conf\u00e9rence de Bel\u00e9m de\u00a02025 sur les changements climatiques, ou COP30, organis\u00e9e par les <a href=\"https:\/\/www.20minutes.fr\/monde\/onu\/\" target=\"_blank\" class=\"c-link c-link--is-underlined\" rel=\"noopener\">Nations unies<\/a>.<\/p>\n<p>\u00ab\u00a0Un vrai projet de soci\u00e9t\u00e9\u00a0\u00bb alternatif<\/p>\n<p>Dans le cort\u00e8ge parisien, Maya a \u00ab\u00a0l\u2019impression qu\u2019il n\u2019y a pas grand monde\u00a0\u00bb. La retrait\u00e9e se demande \u00ab\u00a0s\u2019il y a encore une conscience, un esprit critique sur notre <a href=\"https:\/\/www.20minutes.fr\/economie\/\" target=\"_blank\" class=\"c-link c-link--is-underlined\" rel=\"noopener\">\u00e9conomie<\/a> et ce qui se passe autour de nous\u00a0\u00bb. La diversit\u00e9 des revendications enthousiasme n\u00e9anmoins son amie B\u00e9a, qui y voit \u00ab\u00a0un vrai projet de soci\u00e9t\u00e9\u00a0\u00bb alternatif. Plusieurs partis politiques de gauche, <a href=\"https:\/\/www.20minutes.fr\/politique\/france-insoumise\/\" target=\"_blank\" class=\"c-link c-link--is-underlined\" rel=\"noopener\">France insoumise<\/a>, <a href=\"https:\/\/www.20minutes.fr\/politique\/ps\/\" target=\"_blank\" class=\"c-link c-link--is-underlined\" rel=\"noopener\">Parti socialiste<\/a>, <a href=\"https:\/\/www.20minutes.fr\/politique\/place-publique-parti-politique\/\" target=\"_blank\" class=\"c-link c-link--is-underlined\" rel=\"noopener\">Place publique<\/a> ou <a href=\"https:\/\/www.20minutes.fr\/politique\/eelv\/\" target=\"_blank\" class=\"c-link c-link--is-underlined\" rel=\"noopener\">\u00e9cologistes<\/a> \u00e9taient repr\u00e9sent\u00e9s.<\/p>\n<p>A Strasbourg, Louve Laval, membre de Greenpeace de 23 ans, entendait marquer les 10 ans de l\u2019<a href=\"https:\/\/www.20minutes.fr\/dossier\/accord-paris\" target=\"_blank\" class=\"c-link c-link--is-underlined\" rel=\"noopener\">accord de Paris<\/a> sur le climat et d\u00e9nonce \u00ab\u00a0l\u2019inaction des Etats en mati\u00e8re de droits humains, d\u2019<a href=\"https:\/\/www.20minutes.fr\/planete\/environnement\/\" target=\"_blank\" class=\"c-link c-link--is-underlined\" rel=\"noopener\">environnement<\/a>, de climat\u00a0\u00bb.<\/p>\n<p>Un appel aux politiques<\/p>\n<p>A <a href=\"https:\/\/www.20minutes.fr\/bordeaux\/\" target=\"_blank\" class=\"c-link c-link--is-underlined\" rel=\"noopener\">Bordeaux<\/a>, une soixantaine de personnes se sont \u00e9lanc\u00e9es, derri\u00e8re un groupe de percussions qui rythmait la marche. \u00ab\u00a0Voir aussi peu de monde et surtout peu de jeunes, c\u2019est attristant\u00a0\u00bb, a regrett\u00e9 Dania Benazet, retrait\u00e9e du social de 76 ans et \u00ab\u00a0\u00e9colo depuis les ann\u00e9es\u00a01970\u00a0\u00bb. \u00ab\u00a0On ne veut pas entendre\u00a0\u00bb parler que des propos de \u00ab\u00a0<a href=\"https:\/\/www.20minutes.fr\/dossier\/donald_trump\" target=\"_blank\" class=\"c-link c-link--is-underlined\" rel=\"noopener\">Trump<\/a> et ses acolytes, l\u2019<a href=\"https:\/\/www.20minutes.fr\/dossier\/extreme_droite\" target=\"_blank\" class=\"c-link c-link--is-underlined\" rel=\"noopener\">extr\u00eame droite<\/a>\u00a0\u00bb, poursuit-elle. \u00ab\u00a0Il faut que les politiques r\u00e9concilient les classes populaires, les ruraux avec l\u2019\u00e9cologie et avec des discours plus positifs sinon oui, ce sera trop tard\u00a0\u00bb.<\/p>\n<p><a href=\"https:\/\/www.20minutes.fr\/planete\/climat\/\" target=\"_blank\" class=\"c-link c-btn c-btn--primary\" rel=\"noopener\">Notre dossier sur le climat<\/a><\/p>\n<p>A <a href=\"https:\/\/www.20minutes.fr\/nantes\/\" target=\"_blank\" class=\"c-link c-link--is-underlined\" rel=\"noopener\">Nantes<\/a>, les manifestants s\u2019\u00e9taient \u00e9lanc\u00e9s peu avant midi en musique et derri\u00e8re des banderoles marqu\u00e9es \u00ab\u00a0Justice climatique et sociale, m\u00eame combat\u00a0\u00bb et \u00ab\u00a0Climat, justice, libert\u00e9, ils d\u00e9truisent, on s\u2019organise\u00a0\u00bb. A Lyon, le rassemblement organis\u00e9 dans la matin\u00e9e a r\u00e9uni 700 personnes, selon la pr\u00e9fecture.<\/p>\n","protected":false},"excerpt":{"rendered":"Ils \u00e9taient partout en France. Quelques milliers de personnes \u2013 700 \u00e0 Lyon, 300 \u00e0 Strasbourg, plusieurs centaines&hellip;\n","protected":false},"author":2,"featured_media":424266,"comment_status":"","ping_status":"","sticky":false,"template":"","format":"standard","meta":{"footnotes":""},"categories":[4],"tags":[47,11,2389,3177,2430,2649,1997,1129,436,1011,27,2905,775,662,3047,2428,1272,766,12,2219,626,25,2429,2431,104,640],"class_list":{"0":"post-424265","1":"post","2":"type-post","3":"status-publish","4":"format-standard","5":"has-post-thumbnail","7":"category-france","8":"tag-actualite","9":"tag-actualites","10":"tag-alsace","11":"tag-aquitaine","12":"tag-auvergne-rhone-alpes","13":"tag-bas-rhin","14":"tag-bordeaux","15":"tag-climat","16":"tag-environnement","17":"tag-fr","18":"tag-france","19":"tag-gironde","20":"tag-grand-est","21":"tag-ile-de-france","22":"tag-loire-atlantique","23":"tag-lyon","24":"tag-manifestations","25":"tag-nantes","26":"tag-news","27":"tag-nouvelle-aquitaine","28":"tag-paris","29":"tag-republique-francaise","30":"tag-rhone","31":"tag-rhone-alpes","32":"tag-societe","33":"tag-strasbourg"},"share_on_mastodon":{"url":"https:\/\/pubeurope.com\/@fr\/115283193007114649","error":""},"_links":{"self":[{"href":"https:\/\/www.europesays.com\/fr\/wp-json\/wp\/v2\/posts\/424265","targetHints":{"allow":["GET"]}}],"collection":[{"href":"https:\/\/www.europesays.com\/fr\/wp-json\/wp\/v2\/posts"}],"about":[{"href":"https:\/\/www.europesays.com\/fr\/wp-json\/wp\/v2\/types\/post"}],"author":[{"embeddable":true,"href":"https:\/\/www.europesays.com\/fr\/wp-json\/wp\/v2\/users\/2"}],"replies":[{"embeddable":true,"href":"https:\/\/www.europesays.com\/fr\/wp-json\/wp\/v2\/comments?post=424265"}],"version-history":[{"count":0,"href":"https:\/\/www.europesays.com\/fr\/wp-json\/wp\/v2\/posts\/424265\/revisions"}],"wp:featuredmedia":[{"embeddable":true,"href":"https:\/\/www.europesays.com\/fr\/wp-json\/wp\/v2\/media\/424266"}],"wp:attachment":[{"href":"https:\/\/www.europesays.com\/fr\/wp-json\/wp\/v2\/media?parent=424265"}],"wp:term":[{"taxonomy":"category","embeddable":true,"href":"https:\/\/www.europesays.com\/fr\/wp-json\/wp\/v2\/categories?post=424265"},{"taxonomy":"post_tag","embeddable":true,"href":"https:\/\/www.europesays.com\/fr\/wp-json\/wp\/v2\/tags?post=424265"}],"curies":[{"name":"wp","href":"https:\/\/api.w.org\/{rel}","templated":true}]}}