{"id":424357,"date":"2025-09-28T18:46:17","date_gmt":"2025-09-28T18:46:17","guid":{"rendered":"https:\/\/www.europesays.com\/fr\/424357\/"},"modified":"2025-09-28T18:46:17","modified_gmt":"2025-09-28T18:46:17","slug":"jai-reussi-a-faire-quelques-beaux-depassements","status":"publish","type":"post","link":"https:\/\/www.europesays.com\/fr\/424357\/","title":{"rendered":"\u00ab J\u2019ai r\u00e9ussi \u00e0 faire quelques beaux d\u00e9passements \u00bb"},"content":{"rendered":"<p>&#13;<\/p>\n<p><strong>Neuvi\u00e8me du Grand Prix du Japon, Johann Zarco a renou\u00e9 avec les points qu&rsquo;il n&rsquo;avait plus inscrit le dimanche depuis l&rsquo;Autriche.<\/strong><\/p>\n<p>Ce week-end, Johann Zarco disposait d&rsquo;un nouveau package de la part de Honda et le Fran\u00e7ais salue les progr\u00e8s r\u00e9alis\u00e9s, en particulier en acc\u00e9l\u00e9ration. \u00ab Je suis content, a-t-il d\u00e9clar\u00e9. Le d\u00e9part \u00e9tait plut\u00f4t correct mais en partant 11e, au premier virage tu ne peux ni faire l\u2019int\u00e9rieur ni l\u2019ext\u00e9rieur, donc tu restes coinc\u00e9. Apr\u00e8s, je n\u2019avais pas encore assez de confiance pour doubler au freinage d\u00e8s le virage n\u00b03, mais j\u2019ai r\u00e9ussi \u00e0 garder ma position et \u00e0 placer quelques beaux d\u00e9passements. C\u2019est un signe : hier je n\u2019\u00e9tais pas capable de le faire. \u00bb<\/p>\n<p>Zarco a ensuite roul\u00e9 dans le sillage de Fabio Quartararo, sans r\u00e9ussir \u00e0 trouver l\u2019ouverture : \u00ab J\u2019ai essay\u00e9 de rester proche pour profiter d\u2019une \u00e9ventuelle usure de son pneu, mais nos gommes se sont d\u00e9grad\u00e9es au m\u00eame moment. J\u2019ai tout donn\u00e9 jusqu\u2019\u00e0 la fin, mais je ne pouvais pas l\u2019attaquer. \u00bb<\/p>\n<p>Et d&rsquo;ajouter : \u00ab Reprendre des points, avancer dans le championnat, c&rsquo;est super important pour moi. Mais il y avait cette tension de ne plus terminer les courses, de chuter. Il y a une confiance qui se perd et il faut la regagner. \u00bb<\/p>\n<p>Au-del\u00e0 du r\u00e9sultat, l&rsquo;Azur\u00e9en retient surtout le potentiel de cette nouvelle moto : \u00ab On ne peut plus se plaindre du d\u00e9ficit \u00e0 l&rsquo;acc\u00e9l\u00e9ration, il y a eu de vrais progr\u00e8s, a-t-il confi\u00e9. M\u00eame sans \u00eatre totalement \u00e0 l\u2019aise, il y a eu un beau Top 10, au niveau de Fabio qui fait de belles courses ces derniers temps. La moto semble avoir combl\u00e9 ce gros d\u00e9ficit et le moteur marche mieux. Maintenant il faut trouver les bons r\u00e9glages, mais avec Mir, Marini et moi, on peut viser r\u00e9guli\u00e8rement le Top 10. \u00bb<\/p>\n<p>&#13;<br \/>\n           &#13;<br \/>\n&#13;<br \/>\n    &#13;<br \/>\n    &#13;<\/p>\n","protected":false},"excerpt":{"rendered":"&#13; Neuvi\u00e8me du Grand Prix du Japon, Johann Zarco a renou\u00e9 avec les points qu&rsquo;il n&rsquo;avait plus inscrit&hellip;\n","protected":false},"author":2,"featured_media":424358,"comment_status":"","ping_status":"","sticky":false,"template":"","format":"standard","meta":{"footnotes":""},"categories":[1413],"tags":[1011,27,1457,1456,60],"class_list":{"0":"post-424357","1":"post","2":"type-post","3":"status-publish","4":"format-standard","5":"has-post-thumbnail","7":"category-moto","8":"tag-fr","9":"tag-france","10":"tag-moto","11":"tag-motocycle","12":"tag-sports"},"share_on_mastodon":{"url":"https:\/\/pubeurope.com\/@fr\/115283413360403848","error":""},"_links":{"self":[{"href":"https:\/\/www.europesays.com\/fr\/wp-json\/wp\/v2\/posts\/424357","targetHints":{"allow":["GET"]}}],"collection":[{"href":"https:\/\/www.europesays.com\/fr\/wp-json\/wp\/v2\/posts"}],"about":[{"href":"https:\/\/www.europesays.com\/fr\/wp-json\/wp\/v2\/types\/post"}],"author":[{"embeddable":true,"href":"https:\/\/www.europesays.com\/fr\/wp-json\/wp\/v2\/users\/2"}],"replies":[{"embeddable":true,"href":"https:\/\/www.europesays.com\/fr\/wp-json\/wp\/v2\/comments?post=424357"}],"version-history":[{"count":0,"href":"https:\/\/www.europesays.com\/fr\/wp-json\/wp\/v2\/posts\/424357\/revisions"}],"wp:featuredmedia":[{"embeddable":true,"href":"https:\/\/www.europesays.com\/fr\/wp-json\/wp\/v2\/media\/424358"}],"wp:attachment":[{"href":"https:\/\/www.europesays.com\/fr\/wp-json\/wp\/v2\/media?parent=424357"}],"wp:term":[{"taxonomy":"category","embeddable":true,"href":"https:\/\/www.europesays.com\/fr\/wp-json\/wp\/v2\/categories?post=424357"},{"taxonomy":"post_tag","embeddable":true,"href":"https:\/\/www.europesays.com\/fr\/wp-json\/wp\/v2\/tags?post=424357"}],"curies":[{"name":"wp","href":"https:\/\/api.w.org\/{rel}","templated":true}]}}