{"id":424383,"date":"2025-09-28T19:00:12","date_gmt":"2025-09-28T19:00:12","guid":{"rendered":"https:\/\/www.europesays.com\/fr\/424383\/"},"modified":"2025-09-28T19:00:12","modified_gmt":"2025-09-28T19:00:12","slug":"donald-trump-poste-un-dessin-moqueur-contre-le-president-de-la-fed","status":"publish","type":"post","link":"https:\/\/www.europesays.com\/fr\/424383\/","title":{"rendered":"Donald Trump poste un dessin moqueur contre le pr\u00e9sident de la Fed"},"content":{"rendered":"<p>Depuis plusieurs mois, le pr\u00e9sident am\u00e9ricain multiplie les attaques \u00e0 l\u2019encontre de J\u00e9r\u00f4me Powell qui refuse de baisser ses taux d\u2019int\u00e9r\u00eat, malgr\u00e9 la pression de Donald Trump.<\/p>\n<p class=\"fig-paragraph\">Faut-il y voir une nouvelle menace pour le \u00absouffre-douleur\u00bb pr\u00e9f\u00e9r\u00e9 de Donald Trump\u00a0? Le pr\u00e9sident des \u00c9tats-Unis a post\u00e9, sur son r\u00e9seau social, un dessin o\u00f9 on le voit limoger le pr\u00e9sident de la Banque centrale am\u00e9ricaine. Carton \u00e0 la main,\u00a0<a href=\"http:\/\/www.lefigaro.fr\/conjoncture\/j-aimerais-qu-il-demissionne-jerome-powell-le-patron-de-la-fed-devenu-souffre-douleur-de-donald-trump-20250702\" data-fig-type=\"Article\" data-gtm-custom-categorie=\"navigation\" data-gtm-custom-action=\"crossclick\" data-gtm-custom-label=\"Contextuel\" data-gtm-event=\"customEventSPE\" data-fig-domain=\"LEFIGARO\" rel=\"nofollow noopener\" target=\"_blank\">Jerome Powell<\/a>\u00a0se dirige vers la sortie. Dans la r\u00e9alit\u00e9, le mandat du patron de la Fed, \u00e2g\u00e9 de 72 ans, prend fin en mai 2026 mais\u00a0<a href=\"https:\/\/video.lefigaro.fr\/figaro\/international\/donald-trump-souhaite-mettre-fin-au-mandat-du-president-de-la-fed-20250417\" target=\"_blank\" data-fig-type=\"Video\" rel=\"sponsored noopener nofollow\" data-gtm-custom-categorie=\"navigation\" data-gtm-custom-action=\"crossclick\" data-gtm-custom-label=\"Contextuel\" data-gtm-event=\"customEventSPE\" data-fig-domain=\"LEFIGARO\">Donald Trump souhaite y mettre fin avant<\/a>. Ou qu\u2019il d\u00e9missionne de lui-m\u00eame. Avec son slogan favori, bien connu des adeptes de l\u2019\u00e9mission de t\u00e9l\u00e9-r\u00e9alit\u00e9 \u00abThe Apprentice\u00bb qui a r\u00e9v\u00e9l\u00e9 Donald Trump au grand public\u00a0: \u00abYou are fired\u00a0!\u00bb Comprenez\u00a0: \u00ab<a href=\"http:\/\/www.lefigaro.fr\/conjoncture\/vous-etes-vires-avant-lisa-cook-a-la-fed-ces-autres-tetes-coupees-par-donald-trump-20250826\" data-fig-type=\"Article\" data-gtm-custom-categorie=\"navigation\" data-gtm-custom-action=\"crossclick\" data-gtm-custom-label=\"Contextuel\" data-gtm-event=\"customEventSPE\" data-fig-domain=\"LEFIGARO\" rel=\"nofollow noopener\" target=\"_blank\">Vous \u00eates vir\u00e9\u00a0!\u00bb<\/a>.<\/p>\n<p class=\"fig-paragraph\">Depuis plusieurs mois, le pr\u00e9sident des \u00c9tats-Unis multiplie les attaques contre le patron de la Fed, surnomm\u00e9 \u00abToo late\u00bb (\u00abTrop tard\u00bb) par Donald Trump, qui refuse de baisser ses taux d\u2019int\u00e9r\u00eat, malgr\u00e9 la pression de Donald Trump. Fin ao\u00fbt, Jerome Powell, qualifi\u00e9 tour \u00e0 tour d\u2019\u00ab<a href=\"https:\/\/video.lefigaro.fr\/figaro\/donald-trump-sen-prend-de-nouveau-au-patron-de-la-fed-quil-qualifie-dimbecile-20250508\" target=\"_blank\" data-fig-type=\"Video\" rel=\"sponsored noopener nofollow\" data-gtm-custom-categorie=\"navigation\" data-gtm-custom-action=\"crossclick\" data-gtm-custom-label=\"Contextuel\" data-gtm-event=\"customEventSPE\" data-fig-domain=\"LEFIGARO\">imb\u00e9cile<\/a>\u00bb, de \u00ab<a href=\"http:\/\/www.lefigaro.fr\/conjoncture\/il-est-trop-stupide-donald-trump-insulte-a-nouveau-le-patron-de-la-fed-jerome-powell-20250731\" data-fig-type=\"NewsFlash\" data-gtm-custom-categorie=\"navigation\" data-gtm-custom-action=\"crossclick\" data-gtm-custom-label=\"Contextuel\" data-gtm-event=\"customEventSPE\" data-fig-domain=\"LEFIGARO\" rel=\"nofollow noopener\" target=\"_blank\">stupide<\/a>\u00bb ou de personne qui \u00ab<a href=\"https:\/\/video.lefigaro.fr\/figaro\/international\/trump-estime-que-powell-fait-du-mauvais-boulot-mais-ne-parle-pas-de-le-licencier-20250716\" target=\"_blank\" data-fig-type=\"Video\" rel=\"sponsored noopener nofollow\" data-gtm-custom-categorie=\"navigation\" data-gtm-custom-action=\"crossclick\" data-gtm-custom-label=\"Contextuel\" data-gtm-event=\"customEventSPE\" data-fig-domain=\"LEFIGARO\">fait du mauvais boulot<\/a>\u00bb, a toutefois\u00a0<a href=\"http:\/\/www.lefigaro.fr\/conjoncture\/le-president-de-la-fed-laisse-la-porte-ouverte-a-des-baisses-de-taux-pour-soutenir-l-emploi-aux-etats-unis-20250822\" data-fig-type=\"NewsFlash\" data-gtm-custom-categorie=\"navigation\" data-gtm-custom-action=\"crossclick\" data-gtm-custom-label=\"Contextuel\" data-gtm-event=\"customEventSPE\" data-fig-domain=\"LEFIGARO\" rel=\"nofollow noopener\" target=\"_blank\">laiss\u00e9 la porte ouverte \u00e0 cette perspective<\/a>, jugeant le risque pesant sur l\u2019emploi plus important que l\u2019inflation.<\/p>\n<p>    Dans une caricature post\u00e9e sur son r\u00e9seau social, Donald Trump licencie le pr\u00e9sident de la Banque centrale am\u00e9ricaine.<br \/>\n                Truth Social<\/p>\n<p>                                    <a class=\"fig-a11y-skip a11y-hidden\" href=\"#fig-a11y-skip-main-inarticle\"><br \/>\n        Passer la publicit\u00e9<br \/>\n    <\/a><\/p>\n<p class=\"fig-paragraph\">Le pic de leur bras de fer a sans doute eu lieu le 25 juillet,\u00a0<a href=\"http:\/\/www.lefigaro.fr\/conjoncture\/casque-de-chantier-desaccord-sur-les-chiffres-la-drole-de-visite-de-donald-trump-aupres-du-patron-decrie-de-la-fed-20250725\" data-fig-type=\"NewsFlash\" data-gtm-custom-categorie=\"navigation\" data-gtm-custom-action=\"crossclick\" data-gtm-custom-label=\"Contextuel\" data-gtm-event=\"customEventSPE\" data-fig-domain=\"LEFIGARO\" rel=\"nofollow noopener\" target=\"_blank\">lors d\u2019une visite surprise de Donald Trump<\/a>, venu inspecter la Fed. Le R\u00e9publicain de 79 ans en a profit\u00e9 pour demander \u00e0 nouveau au patron de la Banque centrale am\u00e9ricaine de baisser ses taux d\u2019int\u00e9r\u00eat. La presse, pr\u00e9sente ce jour-l\u00e0, a \u00e9galement eu droit \u00e0 un \u00e9change tendu entre les deux hommes au sujet du co\u00fbt des travaux de l\u2019imposant b\u00e2timent \u00e0 Washington. Le banquier central a contest\u00e9, en secouant vigoureusement la t\u00eate, le chiffrage de 3,1 milliards de dollars avanc\u00e9 par le pr\u00e9sident am\u00e9ricain, au lieu de 2,7 milliards au d\u00e9part.<\/p>\n","protected":false},"excerpt":{"rendered":"Depuis plusieurs mois, le pr\u00e9sident am\u00e9ricain multiplie les attaques \u00e0 l\u2019encontre de J\u00e9r\u00f4me Powell qui refuse de baisser&hellip;\n","protected":false},"author":2,"featured_media":424384,"comment_status":"","ping_status":"","sticky":false,"template":"","format":"standard","meta":{"footnotes":""},"categories":[6],"tags":[35,75,33,34,1011,27,10797],"class_list":{"0":"post-424383","1":"post","2":"type-post","3":"status-publish","4":"format-standard","5":"has-post-thumbnail","7":"category-economie","8":"tag-business","9":"tag-donald-trump","10":"tag-economie","11":"tag-economy","12":"tag-fr","13":"tag-france","14":"tag-jerome-powell"},"share_on_mastodon":{"url":"https:\/\/pubeurope.com\/@fr\/115283468312675399","error":""},"_links":{"self":[{"href":"https:\/\/www.europesays.com\/fr\/wp-json\/wp\/v2\/posts\/424383","targetHints":{"allow":["GET"]}}],"collection":[{"href":"https:\/\/www.europesays.com\/fr\/wp-json\/wp\/v2\/posts"}],"about":[{"href":"https:\/\/www.europesays.com\/fr\/wp-json\/wp\/v2\/types\/post"}],"author":[{"embeddable":true,"href":"https:\/\/www.europesays.com\/fr\/wp-json\/wp\/v2\/users\/2"}],"replies":[{"embeddable":true,"href":"https:\/\/www.europesays.com\/fr\/wp-json\/wp\/v2\/comments?post=424383"}],"version-history":[{"count":0,"href":"https:\/\/www.europesays.com\/fr\/wp-json\/wp\/v2\/posts\/424383\/revisions"}],"wp:featuredmedia":[{"embeddable":true,"href":"https:\/\/www.europesays.com\/fr\/wp-json\/wp\/v2\/media\/424384"}],"wp:attachment":[{"href":"https:\/\/www.europesays.com\/fr\/wp-json\/wp\/v2\/media?parent=424383"}],"wp:term":[{"taxonomy":"category","embeddable":true,"href":"https:\/\/www.europesays.com\/fr\/wp-json\/wp\/v2\/categories?post=424383"},{"taxonomy":"post_tag","embeddable":true,"href":"https:\/\/www.europesays.com\/fr\/wp-json\/wp\/v2\/tags?post=424383"}],"curies":[{"name":"wp","href":"https:\/\/api.w.org\/{rel}","templated":true}]}}