{"id":424391,"date":"2025-09-28T19:04:17","date_gmt":"2025-09-28T19:04:17","guid":{"rendered":"https:\/\/www.europesays.com\/fr\/424391\/"},"modified":"2025-09-28T19:04:17","modified_gmt":"2025-09-28T19:04:17","slug":"ce-gardien-de-prison-a-ete-victime-dun-guet-apens","status":"publish","type":"post","link":"https:\/\/www.europesays.com\/fr\/424391\/","title":{"rendered":"ce gardien de prison a \u00e9t\u00e9 victime d\u2019un guet-apens"},"content":{"rendered":"<p>Il se tient fi\u00e8rement dans son fauteuil roulant aux c\u00f4t\u00e9s de son \u00e9pouse pendant que la directrice de la prison de La Talaudi\u00e8re lit, ce lundi 21\u00a0septembre, le message de <a href=\"https:\/\/www.leprogres.fr\/p\/gerald-darmanin\" target=\"_blank\" rel=\"noopener\">G\u00e9rald Darmanin<\/a>, le ministre d\u00e9missionnaire de la Justice.<\/p>\n<p>\u00c0 l\u2019occasion de la Journ\u00e9e nationale d\u00e9di\u00e9e aux personnels de l\u2019administration p\u00e9nitentiaire morts ou bless\u00e9s en service, la directrice de la maison d\u2019arr\u00eat de La Talaudi\u00e8re, C\u00e9cile Rodde, organise une c\u00e9r\u00e9monie solennelle en pr\u00e9sence des repr\u00e9sentants de diff\u00e9rentes institutions et d\u2019un certain nombre d\u2019employ\u00e9s du centre de d\u00e9tention.<\/p>\n<p>\u00ab\u00a0Ma voiture a \u00e9t\u00e9 bloqu\u00e9e&#8230;                        <\/p>\n","protected":false},"excerpt":{"rendered":"Il se tient fi\u00e8rement dans son fauteuil roulant aux c\u00f4t\u00e9s de son \u00e9pouse pendant que la directrice de&hellip;\n","protected":false},"author":2,"featured_media":424392,"comment_status":"","ping_status":"","sticky":false,"template":"","format":"standard","meta":{"footnotes":""},"categories":[9653],"tags":[1111,11,2430,271,272,7539,1777,674,274,107,1011,27,12053,3367,12,316,25,4001,9664,104],"class_list":{"0":"post-424391","1":"post","2":"type-post","3":"status-publish","4":"format-standard","5":"has-post-thumbnail","7":"category-saint-etienne","8":"tag-actu","9":"tag-actualites","10":"tag-auvergne-rhone-alpes","11":"tag-crime","12":"tag-delit-et-contravention","13":"tag-edition-loire-sud","14":"tag-eu","15":"tag-europe","16":"tag-faits-divers-justice","17":"tag-fil-info","18":"tag-fr","19":"tag-france","20":"tag-la-talaudiere","21":"tag-loire","22":"tag-news","23":"tag-politique","24":"tag-republique-francaise","25":"tag-saint-etienne","26":"tag-saint-etienne-bassin","27":"tag-societe"},"share_on_mastodon":{"url":"https:\/\/pubeurope.com\/@fr\/115283484133661144","error":""},"_links":{"self":[{"href":"https:\/\/www.europesays.com\/fr\/wp-json\/wp\/v2\/posts\/424391","targetHints":{"allow":["GET"]}}],"collection":[{"href":"https:\/\/www.europesays.com\/fr\/wp-json\/wp\/v2\/posts"}],"about":[{"href":"https:\/\/www.europesays.com\/fr\/wp-json\/wp\/v2\/types\/post"}],"author":[{"embeddable":true,"href":"https:\/\/www.europesays.com\/fr\/wp-json\/wp\/v2\/users\/2"}],"replies":[{"embeddable":true,"href":"https:\/\/www.europesays.com\/fr\/wp-json\/wp\/v2\/comments?post=424391"}],"version-history":[{"count":0,"href":"https:\/\/www.europesays.com\/fr\/wp-json\/wp\/v2\/posts\/424391\/revisions"}],"wp:featuredmedia":[{"embeddable":true,"href":"https:\/\/www.europesays.com\/fr\/wp-json\/wp\/v2\/media\/424392"}],"wp:attachment":[{"href":"https:\/\/www.europesays.com\/fr\/wp-json\/wp\/v2\/media?parent=424391"}],"wp:term":[{"taxonomy":"category","embeddable":true,"href":"https:\/\/www.europesays.com\/fr\/wp-json\/wp\/v2\/categories?post=424391"},{"taxonomy":"post_tag","embeddable":true,"href":"https:\/\/www.europesays.com\/fr\/wp-json\/wp\/v2\/tags?post=424391"}],"curies":[{"name":"wp","href":"https:\/\/api.w.org\/{rel}","templated":true}]}}