{"id":424406,"date":"2025-09-28T19:15:06","date_gmt":"2025-09-28T19:15:06","guid":{"rendered":"https:\/\/www.europesays.com\/fr\/424406\/"},"modified":"2025-09-28T19:15:06","modified_gmt":"2025-09-28T19:15:06","slug":"les-abrasives-un-festival-deducation-populaire","status":"publish","type":"post","link":"https:\/\/www.europesays.com\/fr\/424406\/","title":{"rendered":"\u00ab\u00a0Les Abrasives\u00a0\u00bb, un festival d&rsquo;\u00e9ducation populaire"},"content":{"rendered":"\n<p>         Publi\u00e9 le\u00a0:\u00a0       <\/p>\n<p>Mercredi 24 septembre 2025 &#8211; 06h30<\/p>\n<p>         Th\u00e8me d\u2019actualit\u00e9\u00a0:\u00a0       <\/p>\n<p>                            <img loading=\"lazy\" decoding=\"async\" typeof=\"foaf:Image\" src=\"https:\/\/www.europesays.com\/fr\/wp-content\/uploads\/2025\/09\/lesabrasives.png\" width=\"640\" height=\"481\" alt=\"\"\/>                          <\/p>\n<p>Les Gesticulations Normandes et Alchimie pr\u00e9sentent \u00ab\u00a0Les Abrasives\u00a0\u00bb, un festival d&rsquo;\u00e9ducation populaire qui se d\u00e9roule au 128 Bis, du jeudi 25 au dimanche 28 septembre 2025.<\/p>\n<p>Apr\u00e8s le succ\u00e8s de la premi\u00e8re \u00e9dition en 2024, le festival Les Abrasives est de retour. Au programme des quatre journ\u00e9es, des conf\u00e9rences gesticul\u00e9es, des ateliers et des rencontres propos\u00e9s \u00e0 prix libre (et conscient).<\/p>\n<p>Jeudi 25 septembre<\/p>\n<ul>\n<li>19h-21h : \u00ab\u00a0De la fourche \u00e0 la fourchette\u2026 Non ! L\u2019inverse !!!\u00a0\u00bb. Pour une s\u00e9curit\u00e9 sociale de l\u2019alimentation, de Mathieu Dalmais \u2013 suivi d\u2019un d\u00e9bat.<\/li>\n<\/ul>\n<p>Vendredi 26 septembre<\/p>\n<ul>\n<li>14h-17h : Atelier d\u2019initiation \u00e0 l\u2019entra\u00eenement mental : r\u00e9solution collective de probl\u00e8me.<\/li>\n<li>19h-20h45 : \u00ab\u00a0Faut que je vous raconte !\u00a0\u00bb Des liens interg\u00e9n\u00e9rationnels au pouvoir collectif de Awa Camara.<\/li>\n<\/ul>\n<p>Samedi 27 septembre<\/p>\n<ul>\n<li>10h30-12h30 : Atelier Petites et grandes histoires, Construire du commun \u00e0 travers nos r\u00e9cits de vies et apprendre de nos histoires\u00a0\u00bb.<\/li>\n<li>14h-16h : \u00ab\u00a0Une cassos\u2019 \u00e0 l\u2019affiche : sois b\u00eate et tais-toi !\u00a0\u00bb de Laetitia Pietka.<\/li>\n<li>16h30-17h15 : Atelier \u00ab\u00a0Marche des privil\u00e8ges\u00a0\u00bb : en partant d\u2019anecdotes de personnes concern\u00e9es, l\u2019atelier a pour but de prendre conscience des rapports de pouvoir et des situations de dominations (race, genre et classe) afin de les penser collectivement.<\/li>\n<li>19h-22h : \u00ab\u00a0Je veux d\u00e9cider du travail jusqu\u2019\u00e0 ma mort\u00a0\u00bb, de Bernard Friot.<\/li>\n<\/ul>\n<p>Dimanche 28 septembre<\/p>\n<ul>\n<li>12h-13h : gesti\u2019quizz avec brunch partag\u00e9 \u2013 rencontre d\u00e9cal\u00e9e entre un gesticulant-\u00e9conomiste et un auteur de science-fiction. Invit\u00e9s : Bernard Friot et Camille Leboulanger.<\/li>\n<li>14h-15h30 : \u00ab\u00a0Parce que toi, Marx, t\u2019y crois encore ?\u00a0\u00bb, de Claire Hofer.<\/li>\n<li>15h30-16h15 : D\u00e9bat mouvant.<\/li>\n<\/ul>\n<p>Informations pratiquesLes Abrasives<\/p>\n<p>Du jeudi 25 au dimanche 29 septembre<\/p>\n<p>128 Bis<\/p>\n<p>Prix libre<\/p>\n<p>Plus d&rsquo;informations et r\u00e9servations sur <a href=\"https:\/\/www.helloasso.com\/associations\/les-gesticulations-normandes-upg-de-rouen\/evenements\/les-abrasives-2025\" target=\"_blank\" class=\"elf-external elf-icon\" rel=\"nofollow noopener\">helloasso.com<\/a><\/p>\n","protected":false},"excerpt":{"rendered":"Publi\u00e9 le\u00a0:\u00a0 Mercredi 24 septembre 2025 &#8211; 06h30 Th\u00e8me d\u2019actualit\u00e9\u00a0:\u00a0 Les Gesticulations Normandes et Alchimie pr\u00e9sentent \u00ab\u00a0Les Abrasives\u00a0\u00bb,&hellip;\n","protected":false},"author":2,"featured_media":424407,"comment_status":"","ping_status":"","sticky":false,"template":"","format":"standard","meta":{"footnotes":""},"categories":[9587],"tags":[1111,11,1777,674,1011,27,12,5161,25,9590],"class_list":{"0":"post-424406","1":"post","2":"type-post","3":"status-publish","4":"format-standard","5":"has-post-thumbnail","7":"category-rouen","8":"tag-actu","9":"tag-actualites","10":"tag-eu","11":"tag-europe","12":"tag-fr","13":"tag-france","14":"tag-news","15":"tag-normandie","16":"tag-republique-francaise","17":"tag-rouen"},"share_on_mastodon":{"url":"https:\/\/pubeurope.com\/@fr\/115283527619868953","error":""},"_links":{"self":[{"href":"https:\/\/www.europesays.com\/fr\/wp-json\/wp\/v2\/posts\/424406","targetHints":{"allow":["GET"]}}],"collection":[{"href":"https:\/\/www.europesays.com\/fr\/wp-json\/wp\/v2\/posts"}],"about":[{"href":"https:\/\/www.europesays.com\/fr\/wp-json\/wp\/v2\/types\/post"}],"author":[{"embeddable":true,"href":"https:\/\/www.europesays.com\/fr\/wp-json\/wp\/v2\/users\/2"}],"replies":[{"embeddable":true,"href":"https:\/\/www.europesays.com\/fr\/wp-json\/wp\/v2\/comments?post=424406"}],"version-history":[{"count":0,"href":"https:\/\/www.europesays.com\/fr\/wp-json\/wp\/v2\/posts\/424406\/revisions"}],"wp:featuredmedia":[{"embeddable":true,"href":"https:\/\/www.europesays.com\/fr\/wp-json\/wp\/v2\/media\/424407"}],"wp:attachment":[{"href":"https:\/\/www.europesays.com\/fr\/wp-json\/wp\/v2\/media?parent=424406"}],"wp:term":[{"taxonomy":"category","embeddable":true,"href":"https:\/\/www.europesays.com\/fr\/wp-json\/wp\/v2\/categories?post=424406"},{"taxonomy":"post_tag","embeddable":true,"href":"https:\/\/www.europesays.com\/fr\/wp-json\/wp\/v2\/tags?post=424406"}],"curies":[{"name":"wp","href":"https:\/\/api.w.org\/{rel}","templated":true}]}}