{"id":424428,"date":"2025-09-28T19:26:14","date_gmt":"2025-09-28T19:26:14","guid":{"rendered":"https:\/\/www.europesays.com\/fr\/424428\/"},"modified":"2025-09-28T19:26:14","modified_gmt":"2025-09-28T19:26:14","slug":"que-faire-a-bordeaux-cette-semaine-du-29-septembre-2025","status":"publish","type":"post","link":"https:\/\/www.europesays.com\/fr\/424428\/","title":{"rendered":"Que faire \u00e0 Bordeaux cette semaine du 29 septembre 2025 ?"},"content":{"rendered":"\n<p><strong>Que faire \u00e0 Bordeaux cette semaine ? Un agenda, des bons plans et sorties immanquables. Lisez cet article pour pimenter vos journ\u00e9es !<\/strong><\/p>\n<p> Lundi 29 septembre au Palais de la Bourse Le Salon des Entrepreneurs pose ses valises en ville <img fetchpriority=\"high\" width=\"700\" height=\"467\" alt=\"Conf\u00e9rences et conseils sur l'entrepreneuriat\" title=\"Quoi faire \u00e0 Bordeaux cette semaine du 29 septembre ? 1\"  nitro-lazy- nitro-lazy-src=\"https:\/\/cdn-ilbobfj.nitrocdn.com\/LLQyioEDmPooSUeshdcABKPnDEWJyTwh\/assets\/images\/optimized\/rev-fefab80\/quoifaireabordeaux.com\/wp-content\/uploads\/2025\/08\/conferences-entrepreneuriat.jpg\" class=\"wp-image-18810824 nitro-lazy\" decoding=\"async\" nitro-lazy-empty=\"\" id=\"NDg0OjU5Nw==-1\" src=\"data:image\/svg+xml;nitro-empty-id=NDg0OjU5Nw==-1;base64,PHN2ZyB2aWV3Qm94PSIwIDAgNzAwIDQ2NyIgd2lkdGg9IjcwMCIgaGVpZ2h0PSI0NjciIHhtbG5zPSJodHRwOi8vd3d3LnczLm9yZy8yMDAwL3N2ZyI+PC9zdmc+\"\/> <\/p>\n<p>Du 29 septembre au 2 octobre 2025, le <strong>Salon des Entrepreneurs<\/strong> fait escale en Gironde avec des rendez-vous taill\u00e9s pour les cr\u00e9ateurs et dirigeants. Bordeaux, Bazas et Libourne accueillent des journ\u00e9es rythm\u00e9es par des <strong>conf\u00e9rences cibl\u00e9es<\/strong>, des <strong>ateliers pratiques<\/strong>, et surtout des <strong>conseils personnalis\u00e9s<\/strong> pour booster vos projets. L\u2019occasion parfaite pour rencontrer des experts, \u00e9largir son <strong>r\u00e9seau<\/strong> et repartir avec des solutions concr\u00e8tes.<\/p>\n<p><strong>Adresse Bordeaux :<\/strong> Palais de la Bourse, 19 Place de la Bourse, 33000 Bordeaux<br \/><strong>Date Bordeaux :<\/strong> 29 septembre 2025, 9h30 \u2013 17h30<br \/><strong>Date Bazas :<\/strong> 1er octobre 2025, 14h \u2013 17h30<br \/><strong>Date Libourne :<\/strong> 2 octobre 2025, 9h \u2013 12h30<br \/><strong>Tarifs :<\/strong> Acc\u00e8s <strong>gratuit<\/strong>, inscription conseill\u00e9e pour ateliers et conf\u00e9rences<br \/><strong>Infos et inscription :<\/strong> <strong><a href=\"https:\/\/quoifaireabordeaux.com\/salon-des-entrepreneurs-2025\/\" target=\"_blank\" rel=\"noreferrer noopener nofollow\">ICI<\/a><\/strong><\/p>\n<p>Sponsoris\u00e9<\/p>\n<p> Lundi 29 septembre au Jardin Public D\u00e9couvrez cette nouvelle exposition gratuite <img loading=\"lazy\" width=\"700\" height=\"467\" alt=\"Expositions \u00e0 Bordeaux 2025\" title=\"Quoi faire \u00e0 Bordeaux cette semaine du 29 septembre ? 2\"  nitro-lazy- nitro-lazy-src=\"https:\/\/cdn-ilbobfj.nitrocdn.com\/LLQyioEDmPooSUeshdcABKPnDEWJyTwh\/assets\/images\/optimized\/rev-fefab80\/quoifaireabordeaux.com\/wp-content\/uploads\/2025\/09\/exposition-jardin-public.jpg\" class=\"wp-image-18812733 nitro-lazy\" decoding=\"async\" nitro-lazy-empty=\"\" id=\"NTA4OjU0OQ==-1\" src=\"data:image\/svg+xml;nitro-empty-id=NTA4OjU0OQ==-1;base64,PHN2ZyB2aWV3Qm94PSIwIDAgNzAwIDQ2NyIgd2lkdGg9IjcwMCIgaGVpZ2h0PSI0NjciIHhtbG5zPSJodHRwOi8vd3d3LnczLm9yZy8yMDAwL3N2ZyI+PC9zdmc+\"\/> <\/p>\n<p>Du mercredi 26 septembre au mercredi 26 novembre 2025, d\u00e9couvrez l\u2019univers fascinant de Pierre Planchenault \u00e0 travers <strong>20 tirages grand format<\/strong> qui capturent une d\u00e9cennie de moments uniques au FAB. Entre <strong>art public, rencontres surprenantes et performances spectaculaires<\/strong>, chaque image r\u00e9v\u00e8le le <strong>regard sensible et libre<\/strong> du photographe, de Theo Jansen poussant ses Strandbeests au Piano Vertical suspendu \u00e0 Brazza. <\/p>\n<p><strong>Sur les grilles du Jardin Public, Bordeaux<\/strong><\/p>\n<p> Mardi 30 septembre \u00e0 Saint-Michel Une jam session en live par des chanteurs de jazz <img loading=\"lazy\" width=\"699\" height=\"349\" alt=\"Jam jazz \u00e0 l'Opus 34\" title=\"Quoi faire \u00e0 Bordeaux cette semaine du 29 septembre ? 3\"  nitro-lazy- nitro-lazy-src=\"https:\/\/cdn-ilbobfj.nitrocdn.com\/LLQyioEDmPooSUeshdcABKPnDEWJyTwh\/assets\/images\/optimized\/rev-fefab80\/quoifaireabordeaux.com\/wp-content\/uploads\/2025\/09\/jam-session-jazz.jpg\" class=\"wp-image-18812734 nitro-lazy\" decoding=\"async\" nitro-lazy-empty=\"\" id=\"NTI4OjUxOA==-1\" src=\"data:image\/svg+xml;nitro-empty-id=NTI4OjUxOA==-1;base64,PHN2ZyB2aWV3Qm94PSIwIDAgNjk5IDM0OSIgd2lkdGg9IjY5OSIgaGVpZ2h0PSIzNDkiIHhtbG5zPSJodHRwOi8vd3d3LnczLm9yZy8yMDAwL3N2ZyI+PC9zdmc+\"\/> <\/p>\n<p><strong>Opus 34<\/strong> accueille sa toute premi\u00e8re <strong>Jam Session Vocale<\/strong>, anim\u00e9e par le talentueux chanteur de jazz <strong>St\u00e9phane S\u00e9va<\/strong>. Apr\u00e8s un premier set assur\u00e9 par le <strong>trio Bordeaux Swing And Wine<\/strong>, la sc\u00e8ne s\u2019ouvre aux chanteurs d\u00e9sireux de partager leur voix. Chaque participant guide les musiciens pour son morceau, explorant <strong>Jazz, Blues et Bossa Nova<\/strong> dans une ambiance intimiste et inspirante, o\u00f9 l\u2019improvisation devient reine.<\/p>\n<p><strong>Adresse :<\/strong> 3 Place Renaudel, Bordeaux<\/p>\n<p>\u00c0 partir de 22h<\/p>\n<p>Plus d\u2019infos <strong><a href=\"https:\/\/www.facebook.com\/events\/1782560822377789\/?acontext=%7B%22ref%22%3A%2252%22%2C%22action_history%22%3A%22[%7B%5C%22surface%5C%22%3A%5C%22share_link%5C%22%2C%5C%22mechanism%5C%22%3A%5C%22share_link%5C%22%2C%5C%22extra_data%5C%22%3A%7B%5C%22invite_link_id%5C%22%3A1841752369880870%7D%7D]%22%7D\" target=\"_blank\" rel=\"noreferrer noopener nofollow\">ICI<\/a><\/strong><\/p>\n<p> Mercredi 1er octobre \u00e0 Bordeaux centre  Une boutique \u00e9ph\u00e9m\u00e8re avec 3500 maillots vintage s\u2019installe pour 4 jours <img loading=\"lazy\" width=\"1024\" height=\"535\" alt=\"Boutique \u00e9ph\u00e9m\u00e8re de maillots vintage \u00e0 Bordeaux\" style=\"width:734px;height:auto;\" title=\"Quoi faire \u00e0 Bordeaux cette semaine du 29 septembre ? 4\"  nitro-lazy- nitro-lazy-src=\"https:\/\/cdn-ilbobfj.nitrocdn.com\/LLQyioEDmPooSUeshdcABKPnDEWJyTwh\/assets\/images\/optimized\/rev-fefab80\/quoifaireabordeaux.com\/wp-content\/uploads\/2025\/09\/football-shirt-vintage-bordeaux-1024x535.jpg\" class=\"wp-image-18812450 nitro-lazy\" decoding=\"async\" nitro-lazy-empty=\"\" id=\"NTU2Ojk5Mg==-1\" src=\"data:image\/svg+xml;nitro-empty-id=NTU2Ojk5Mg==-1;base64,PHN2ZyB2aWV3Qm94PSIwIDAgMTAyNCA1MzUiIHdpZHRoPSIxMDI0IiBoZWlnaHQ9IjUzNSIgeG1sbnM9Imh0dHA6Ly93d3cudzMub3JnLzIwMDAvc3ZnIj48L3N2Zz4=\"\/> <\/p>\n<p>Pendant quatre jours seulement, les amateurs de <strong>maillots vintage<\/strong> vont \u00eatre servis ! Football Shirt Vintage d\u00e9barque avec plus de <strong>3500 pi\u00e8ces uniques<\/strong> de foot, de basket et de rugby. Des clubs mythiques, des s\u00e9lections nationales, des jerseys NBA cultes\u2026 Chaque maillot a son histoire et son style. Et le meilleur ? De <strong>nouvelles trouvailles<\/strong> seront ajout\u00e9es chaque jour, pour une chasse au tr\u00e9sor sportive et urbaine.<\/p>\n<p><strong>30 rue du Canc\u00e9ra, Bordeaux centre<\/strong><br \/>10h \u00e0 19h<br \/>Du mercredi 1er au samedi 4 octobre 2025<br \/><strong>Entr\u00e9e gratuite<\/strong><\/p>\n<p>Plus d\u2019infos <strong><a href=\"https:\/\/quoifaireabordeaux.com\/boutique-maillots-vintage-bordeaux\/\" target=\"_blank\" rel=\"noreferrer noopener nofollow\">ICI<\/a><\/strong><\/p>\n<p> Mercredi 1er octobre \u00e0 Lormont Faire ses courses \u00e0 la ferme <img loading=\"lazy\" width=\"700\" height=\"525\" alt=\"Faire ses courses \u00e0 la ferme\" title=\"Quoi faire \u00e0 Bordeaux cette semaine du 29 septembre ? 5\"  nitro-lazy- nitro-lazy-src=\"https:\/\/cdn-ilbobfj.nitrocdn.com\/LLQyioEDmPooSUeshdcABKPnDEWJyTwh\/assets\/images\/optimized\/rev-fefab80\/quoifaireabordeaux.com\/wp-content\/uploads\/2025\/09\/ferme-terres-coteaux.jpg\" class=\"wp-image-18812732 nitro-lazy\" decoding=\"async\" nitro-lazy-empty=\"\" id=\"NTgwOjU1Mw==-1\" src=\"data:image\/svg+xml;nitro-empty-id=NTgwOjU1Mw==-1;base64,PHN2ZyB2aWV3Qm94PSIwIDAgNzAwIDUyNSIgd2lkdGg9IjcwMCIgaGVpZ2h0PSI1MjUiIHhtbG5zPSJodHRwOi8vd3d3LnczLm9yZy8yMDAwL3N2ZyI+PC9zdmc+\"\/> <\/p>\n<p>La ferme <strong>Terres des Coteaux<\/strong> ouvre exceptionnellement ses portes pour une vente qui met \u00e0 l\u2019honneur des l\u00e9gumes <strong>frais, locaux et bio<\/strong>. Profitez d\u2019une s\u00e9lection de <strong>tomates anciennes, courgettes, concombres et aubergines<\/strong> directement du producteur, le tout dans une ambiance conviviale et solidaire. Les quantit\u00e9s sont limit\u00e9es, alors arrivez t\u00f4t pour repartir avec le meilleur de la r\u00e9colte !<\/p>\n<p><strong>Adresse :<\/strong> 30 Rue Alain Resnais, 33310 Lormont<br \/><strong>Date et horaires :<\/strong> Mercredi 1 octobre, de 9h \u00e0 13h<\/p>\n<p> Jeudi 2 octobre \u00e0 Villenave d\u2019Ornon V\u00eatements, bijoux, accessoires neufs\u2026 \u00e0 partir de 5\u20ac <img loading=\"lazy\" width=\"1024\" height=\"683\" alt=\"Que faire \u00e0 bordeaux cette semaine ? Aller au d\u00e9stockage de pr\u00eat-\u00e0-porter\" style=\"width:674px;height:auto;\" title=\"Quoi faire \u00e0 Bordeaux cette semaine du 29 septembre ? 6\"  nitro-lazy- nitro-lazy-src=\"https:\/\/cdn-ilbobfj.nitrocdn.com\/LLQyioEDmPooSUeshdcABKPnDEWJyTwh\/assets\/images\/optimized\/rev-fefab80\/quoifaireabordeaux.com\/wp-content\/uploads\/2024\/08\/destockage-vetement-villenave-dornon-674x.jpg\" class=\"wp-image-18714030 nitro-lazy\" decoding=\"async\" nitro-lazy-empty=\"\" id=\"NjAwOjkyMg==-1\" src=\"data:image\/svg+xml;nitro-empty-id=NjAwOjkyMg==-1;base64,PHN2ZyB2aWV3Qm94PSIwIDAgMTAyNCA2ODMiIHdpZHRoPSIxMDI0IiBoZWlnaHQ9IjY4MyIgeG1sbnM9Imh0dHA6Ly93d3cudzMub3JnLzIwMDAvc3ZnIj48L3N2Zz4=\"\/> <\/p>\n<p>Pendant quatre jours, du <strong>1er au 4 octobre 2025<\/strong>, Villenave d\u2019Ornon devient le repaire des fashionistas malignes. Le Comptoir des Quartiers ouvre ses portes pour un <strong>grand d\u00e9stockage<\/strong> o\u00f9 tout est <strong>neuf<\/strong>, styl\u00e9 et brad\u00e9 entre <strong>5 \u20ac et 50 \u20ac<\/strong>. Robes chic, sacs tendance, chaussures, bijoux\u2026 c\u2019est le moment de refaire son dressing \u00e0 prix doux, \u00e0 deux pas de Bordeaux.<\/p>\n<p><strong>Adresse :<\/strong> Le Comptoir des Quartiers \u2013 1 rue Marc Gauthier, PORTE N\u00b012 \u2013 33140 Villenave d\u2019Ornon<\/p>\n<p>Plus d\u2019infos <strong><a href=\"https:\/\/quoifaireabordeaux.com\/destockage-a-villenave-dornon\/\" target=\"_blank\" rel=\"noreferrer noopener nofollow\">ICI<\/a><\/strong><\/p>\n<p>Sponsoris\u00e9<\/p>\n<p> Jeudi 2 octobre, quartier Saint-Jean D\u00e9veloppez votre r\u00e9seau professionnel en compagnie d\u2019un membre du jury de Qui veut \u00eatre mon associ\u00e9 ? <img loading=\"lazy\" width=\"700\" height=\"875\" alt=\"Jost Talk 2025\" style=\"width:674px;height:auto;\" title=\"Quoi faire \u00e0 Bordeaux cette semaine du 29 septembre ? 7\"  nitro-lazy- nitro-lazy-src=\"https:\/\/cdn-ilbobfj.nitrocdn.com\/LLQyioEDmPooSUeshdcABKPnDEWJyTwh\/assets\/images\/optimized\/rev-fefab80\/quoifaireabordeaux.com\/wp-content\/uploads\/2025\/09\/jost-tak-nadir-674x.jpg\" class=\"wp-image-18812744 nitro-lazy\" decoding=\"async\" nitro-lazy-empty=\"\" id=\"NjI4OjU2Mw==-1\" src=\"data:image\/svg+xml;nitro-empty-id=NjI4OjU2Mw==-1;base64,PHN2ZyB2aWV3Qm94PSIwIDAgNzAwIDg3NSIgd2lkdGg9IjcwMCIgaGVpZ2h0PSI4NzUiIHhtbG5zPSJodHRwOi8vd3d3LnczLm9yZy8yMDAwL3N2ZyI+PC9zdmc+\"\/> <\/p>\n<p>Le <strong>Networking chez Jost Bordeaux<\/strong> revient avec une soir\u00e9e pens\u00e9e pour les esprits curieux et les app\u00e9tits gourmands. D\u2019abord un <strong>talk exclusif<\/strong> avec Jean-Pierre Nadir, figure inspirante de l\u2019entrepreneuriat, suivi d\u2019un <strong>d\u00eener italien<\/strong> au Nonna, \u00e0 d\u00e9guster debout pour faciliter les \u00e9changes. Entre <strong>rencontres stimulantes<\/strong>, partage d\u2019id\u00e9es et bonne cuisine, cette soir\u00e9e s\u2019annonce comme un moment fort pour \u00e9largir votre r\u00e9seau tout en passant un bon moment.<\/p>\n<p><strong>Adresse : Jost H\u00f4tel, 18 Rue des Ateliers, 33800 Bordeaux<\/strong><\/p>\n<p>Plus d\u2019infos et billetterie <strong><a href=\"https:\/\/link.dice.fm\/Gbe708bdd92a\" target=\"_blank\" rel=\"noreferrer noopener nofollow\">ICI<\/a><\/strong><\/p>\n<p>Sponsoris\u00e9<\/p>\n<p> Vendredi 3 octobre \u00e0 la Promenade Sainte-Catherine L\u2019\u00e9v\u00e9nement GRATUIT \u00e0 ne pas manquer : La Promenade Sainte-Catherine f\u00eate ses 10 ans ! <img loading=\"lazy\" width=\"1024\" height=\"535\" alt=\"Promenade en F\u00eate : 10 ans de la Promenade Sainte-Catherine\" style=\"width:721px;height:auto;\" title=\"Quoi faire \u00e0 Bordeaux cette semaine du 29 septembre ? 8\"  nitro-lazy- nitro-lazy-src=\"https:\/\/cdn-ilbobfj.nitrocdn.com\/LLQyioEDmPooSUeshdcABKPnDEWJyTwh\/assets\/images\/optimized\/rev-fefab80\/quoifaireabordeaux.com\/wp-content\/uploads\/2025\/09\/promenade-en-fete-anniv-1024x535.jpg\" class=\"wp-image-18811873 nitro-lazy\" decoding=\"async\" nitro-lazy-empty=\"\" id=\"NjU2Ojk1Mg==-1\" src=\"data:image\/svg+xml;nitro-empty-id=NjU2Ojk1Mg==-1;base64,PHN2ZyB2aWV3Qm94PSIwIDAgMTAyNCA1MzUiIHdpZHRoPSIxMDI0IiBoZWlnaHQ9IjUzNSIgeG1sbnM9Imh0dHA6Ly93d3cudzMub3JnLzIwMDAvc3ZnIj48L3N2Zz4=\"\/> <\/p>\n<p>Deux jours de f\u00eate, de musique et de spectacles gratuits vous attendent pour c\u00e9l\u00e9brer les <strong>10 ans de la Promenade Sainte-Catherine<\/strong>. Entre concerts <strong>groovy<\/strong>, performances <strong>a\u00e9riennes spectaculaires<\/strong>, danse <strong>urbaine survitamin\u00e9e<\/strong>, ateliers et surprises pour toute la famille, le centre se transforme en v\u00e9ritable sc\u00e8ne \u00e0 ciel ouvert.<\/p>\n<p><strong>Dates :<\/strong> vendredi 3 octobre 2025 et samedi 4 octobre 2025<br \/><strong>Adresse :<\/strong> Promenade Sainte-Catherine, rue Sainte-Catherine, 33000 Bordeaux<\/p>\n<p>Plus d\u2019infos <strong><a href=\"https:\/\/quoifaireabordeaux.com\/10-ans-de-la-promenade-sainte-catherine\/\" target=\"_blank\" rel=\"noreferrer noopener nofollow\">ICI<\/a><\/strong><\/p>\n<p> Vendredi 3 octobre au Grand Parc DUENDE : 15 ans de musica libre \u00e0 c\u00e9l\u00e9brer en rythme et saveurs <\/p>\n<p>Le 3 octobre, <strong>DUENDE<\/strong> c\u00e9l\u00e8bre 15 ans de <strong>musica libre<\/strong> avec un concert unique \u00e0 Bordeaux. Attendez-vous \u00e0 une soir\u00e9e rythm\u00e9e et pleine de <strong>surprises<\/strong>, o\u00f9 musiciens, chanteurs et danseurs qui ont marqu\u00e9 leur parcours se retrouvent pour un <strong>\u00e9v\u00e9nement m\u00e9morable<\/strong>. Apr\u00e8s le concert, la piste s\u2019enflammera avec DJ BEN pour une <strong>soir\u00e9e salsa<\/strong> conviviale, le tout accompagn\u00e9 des saveurs authentiques de la cuisine dominicaine de La 42 Truck. <\/p>\n<p><strong>Adresse :<\/strong> Salle des F\u00eates du Grand Parc, 39 Cours de Luze, 33300 Bordeaux<br \/><strong>Horaires :<\/strong> Ouverture des portes 19h30 \u2013 20h Alex Carrasco \u2013 21h DUENDE + invit\u00e9s \u2013 23h DJ BEN (Freesalsa)<br \/><strong>Entr\u00e9e :<\/strong> 10 euros<br \/><strong>Billetterie en ligne :<\/strong> <a href=\"https:\/\/www.helloasso.com\/associations\/ariane-productions\/evenements\/duende-15-anos-de-musica-libre\" target=\"_blank\" rel=\"noreferrer noopener nofollow\">R\u00e9servez ici<\/a><\/p>\n<p> Vendredi 3 octobre \u00e0 M\u00e9rignac Danse et musique devant le chantier du Krakatoa <img loading=\"lazy\" width=\"700\" height=\"394\" alt=\"\u00c9v\u00e9nement au Krakatoa\" title=\"Quoi faire \u00e0 Bordeaux cette semaine du 29 septembre ? 9\"  nitro-lazy- nitro-lazy-src=\"https:\/\/cdn-ilbobfj.nitrocdn.com\/LLQyioEDmPooSUeshdcABKPnDEWJyTwh\/assets\/images\/optimized\/rev-fefab80\/quoifaireabordeaux.com\/wp-content\/uploads\/2025\/09\/evenement-krakatoa.jpg\" class=\"wp-image-18812731 nitro-lazy\" decoding=\"async\" nitro-lazy-empty=\"\" id=\"Njk2OjYzNg==-1\" src=\"data:image\/svg+xml;nitro-empty-id=Njk2OjYzNg==-1;base64,PHN2ZyB2aWV3Qm94PSIwIDAgNzAwIDM5NCIgd2lkdGg9IjcwMCIgaGVpZ2h0PSIzOTQiIHhtbG5zPSJodHRwOi8vd3d3LnczLm9yZy8yMDAwL3N2ZyI+PC9zdmc+\"\/> <\/p>\n<p>Apr\u00e8s le succ\u00e8s du concert \u00e0 ciel ouvert en avril, un <strong>deuxi\u00e8me temps fort<\/strong> s\u2019installe sur l\u2019avenue Victor Hugo devant le chantier du <strong>Krakatoa<\/strong>. L\u2019\u00e9v\u00e9nement combine <strong>danse contemporaine<\/strong> et <strong>musique \u00e9lectronique<\/strong>, avec la performance exceptionnelle d\u2019<strong>Olga Dukhovnaya<\/strong>, qui revisite le <strong>Lac des Cygnes<\/strong> en solo. La soir\u00e9e se termine sur un <strong>DJ set \u00e9nergique<\/strong> de Will Diggs et Attalea, accompagn\u00e9 de <strong>projections visuelles immersives<\/strong> sur la fa\u00e7ade du Krakatoa, offrant un spectacle <strong>unique et captivant<\/strong>.<\/p>\n<p>Devant le Krakatoa, avenue Victor Hugo, M\u00e9rignac<br \/>19h30 \u2013 22h30<br \/>Entr\u00e9e gratuit, tous publics<\/p>\n<p><strong>Bar et restauration sur place<\/strong><\/p>\n<p>Plus d\u2019infos <strong><a href=\"https:\/\/krakatoa.org\/agenda\/temps-fort-ndeg2-soiree-devant-le-chantier?\" target=\"_blank\" rel=\"noreferrer noopener nofollow\">ICI<\/a><\/strong><\/p>\n<p>Recevez l\u2019agenda de la semaine et du week-end + nos bons plans directement par mail en vous inscrivant gratuitement \u00e0 notre newsletter\u00a0<strong><a href=\"https:\/\/quoifaireabordeaux.com\/newsletter\/\" target=\"_blank\" rel=\"noreferrer noopener nofollow\">ICI<\/a><\/strong>\u00a0!<\/p>\n","protected":false},"excerpt":{"rendered":"Que faire \u00e0 Bordeaux cette semaine ? Un agenda, des bons plans et sorties immanquables. Lisez cet article&hellip;\n","protected":false},"author":2,"featured_media":400972,"comment_status":"","ping_status":"","sticky":false,"template":"","format":"standard","meta":{"footnotes":""},"categories":[2817],"tags":[1111,11,1997,1777,674,1011,27,12,2219,25],"class_list":{"0":"post-424428","1":"post","2":"type-post","3":"status-publish","4":"format-standard","5":"has-post-thumbnail","7":"category-bordeaux","8":"tag-actu","9":"tag-actualites","10":"tag-bordeaux","11":"tag-eu","12":"tag-europe","13":"tag-fr","14":"tag-france","15":"tag-news","16":"tag-nouvelle-aquitaine","17":"tag-republique-francaise"},"share_on_mastodon":{"url":"https:\/\/pubeurope.com\/@fr\/115283570444081085","error":""},"_links":{"self":[{"href":"https:\/\/www.europesays.com\/fr\/wp-json\/wp\/v2\/posts\/424428","targetHints":{"allow":["GET"]}}],"collection":[{"href":"https:\/\/www.europesays.com\/fr\/wp-json\/wp\/v2\/posts"}],"about":[{"href":"https:\/\/www.europesays.com\/fr\/wp-json\/wp\/v2\/types\/post"}],"author":[{"embeddable":true,"href":"https:\/\/www.europesays.com\/fr\/wp-json\/wp\/v2\/users\/2"}],"replies":[{"embeddable":true,"href":"https:\/\/www.europesays.com\/fr\/wp-json\/wp\/v2\/comments?post=424428"}],"version-history":[{"count":0,"href":"https:\/\/www.europesays.com\/fr\/wp-json\/wp\/v2\/posts\/424428\/revisions"}],"wp:featuredmedia":[{"embeddable":true,"href":"https:\/\/www.europesays.com\/fr\/wp-json\/wp\/v2\/media\/400972"}],"wp:attachment":[{"href":"https:\/\/www.europesays.com\/fr\/wp-json\/wp\/v2\/media?parent=424428"}],"wp:term":[{"taxonomy":"category","embeddable":true,"href":"https:\/\/www.europesays.com\/fr\/wp-json\/wp\/v2\/categories?post=424428"},{"taxonomy":"post_tag","embeddable":true,"href":"https:\/\/www.europesays.com\/fr\/wp-json\/wp\/v2\/tags?post=424428"}],"curies":[{"name":"wp","href":"https:\/\/api.w.org\/{rel}","templated":true}]}}