{"id":424429,"date":"2025-09-28T19:27:11","date_gmt":"2025-09-28T19:27:11","guid":{"rendered":"https:\/\/www.europesays.com\/fr\/424429\/"},"modified":"2025-09-28T19:27:11","modified_gmt":"2025-09-28T19:27:11","slug":"un-projet-de-rehabilitation-au-stade-embryonnaire","status":"publish","type":"post","link":"https:\/\/www.europesays.com\/fr\/424429\/","title":{"rendered":"un projet de r\u00e9habilitation au stade embryonnaire"},"content":{"rendered":"<p>\u00ab\u00a0Nous n\u2019en sommes pas encore \u00e0 d\u00e9finir le mod\u00e8le \u00e9conomique\u00a0\u00bb, d\u00e9fend St\u00e9phane Delpeyrat-Vincent, vice-pr\u00e9sident en charge du d\u00e9veloppement \u00e9conomique. Le projet en est en fait au stade embryonnaire, avec le d\u00e9frichage des 460 avis recueillis au cours d\u2019une r\u00e9union publique et de divers \u00e9v\u00e9nements organis\u00e9s au Parc des expos. Si \u00ab\u00a091\u00a0%\u00a0\u00bb des visiteurs ou congressistes interrog\u00e9s se montrent satisfaits de l\u2019\u00e9quipement, il y a consensus sur le caract\u00e8re v\u00e9tuste du hall 1, construit en 1969, et la n\u00e9cessit\u00e9 d\u2019am\u00e9liorer la luminosit\u00e9 et le confort thermique.<\/p>\n<p>\u00ab\u00a0Questionnements\u00a0\u00bb<\/p>\n<p>\u00ab\u00a0Les objectifs sont ambitieux, mais il reste des sujets qui peuvent pr\u00e9occuper\u00a0\u00bb, convient St\u00e9phane Delpeyrat-Vincent, \u00e9voquant la non-communication des \u00e9tudes structurelles, \u00ab\u00a0non pas par manque de transparence mais parce qu\u2019elles pourraient causer un probl\u00e8me de concurrence entre les entreprises\u00a0\u00bb lors d\u2019un futur appel d\u2019offres, et le sort de la frise. Si la \u00ab\u00a0pr\u00e9occupation architecturale a \u00e9t\u00e9 prise en consid\u00e9ration\u00a0\u00bb, L\u2019\u00e9lu rel\u00e8ve \u00ab\u00a0assez peu d\u2019interventions sur ce point\u00a0\u00bb au cours de la concertation.<\/p>\n<p>\u00ab\u00a0On est pass\u00e9s \u00e0 c\u00f4t\u00e9 de cette concertation\u00a0\u00bb, regrette Anne Fahmy, d\u00e9l\u00e9gu\u00e9e d\u2019opposition bordelaise du groupe macroniste. \u00ab\u00a0Vous dites que les commentaires sont peu nombreux, mais il y a beaucoup de questionnements sur le devenir du hall\u00a01.\u00a0\u00bb Et de souligner que le seul chiffre pour l\u2019heure avanc\u00e9 reste celui de la r\u00e9habilitation dudit hall pour 100\u00a0millions d\u2019euros.<\/p>\n<p>Logements \u00ab\u00a0incongrus\u00a0\u00bb\u00a0?<\/p>\n<p>Dans la balance, les 250\u00a0millions d\u2019euros de retomb\u00e9es annuelles du site pour 3\u00a0200 emplois directs et indirects. Le Parc des expos reste un cr\u00e9ateur de richesse incontest\u00e9, souligne Patrick Bobet, maire LR du Bouscat, qui retient la n\u00e9cessit\u00e9 de conserver la \u00ab\u00a0dimension patrimoniale du site\u00a0\u00bb et regrette l\u2019absence de visibilit\u00e9 sur les 100\u00a0millions d\u2019euros avanc\u00e9s. Il juge \u00ab\u00a0incongrue\u00a0\u00bb la possibilit\u00e9 de voir s\u2019y \u00e9lever des logements.<\/p>\n<p>Pour Pierre Hurmic, le projet de renouvellement sonne comme une \u00ab\u00a0\u00e9vidence\u00a0\u00bb qui passe par \u00ab\u00a0l\u2019optimisation\u00a0\u00bb et la \u00ab\u00a0d\u00e9simperm\u00e9abilisation\u00a0\u00bb des lieux. Le maire \u00e9cologiste de Bordeaux se veut rassurant, lui aussi \u00ab\u00a0r\u00e9affirme [son] souhait que le geste architectural initial soit pr\u00e9serv\u00e9\u00a0\u00bb. Si la continuit\u00e9 d\u2019exploitation s\u2019impose, \u00e0 l\u2019heure des premiers coups de pioche, possiblement \u00e0 travers la construction d\u2019un nouveau hall voisin de l\u2019actuel, \u00ab\u00a0nous n\u2019avons pas tranch\u00e9\u00a0\u00bb, r\u00e9p\u00e8te St\u00e9phane Delpeyrat-Vincent.<\/p>\n","protected":false},"excerpt":{"rendered":"\u00ab\u00a0Nous n\u2019en sommes pas encore \u00e0 d\u00e9finir le mod\u00e8le \u00e9conomique\u00a0\u00bb, d\u00e9fend St\u00e9phane Delpeyrat-Vincent, vice-pr\u00e9sident en charge du d\u00e9veloppement&hellip;\n","protected":false},"author":2,"featured_media":424430,"comment_status":"","ping_status":"","sticky":false,"template":"","format":"standard","meta":{"footnotes":""},"categories":[2817],"tags":[1111,11,1997,1777,674,1011,27,12,2219,25],"class_list":{"0":"post-424429","1":"post","2":"type-post","3":"status-publish","4":"format-standard","5":"has-post-thumbnail","7":"category-bordeaux","8":"tag-actu","9":"tag-actualites","10":"tag-bordeaux","11":"tag-eu","12":"tag-europe","13":"tag-fr","14":"tag-france","15":"tag-news","16":"tag-nouvelle-aquitaine","17":"tag-republique-francaise"},"share_on_mastodon":{"url":"https:\/\/pubeurope.com\/@fr\/115283574429177897","error":""},"_links":{"self":[{"href":"https:\/\/www.europesays.com\/fr\/wp-json\/wp\/v2\/posts\/424429","targetHints":{"allow":["GET"]}}],"collection":[{"href":"https:\/\/www.europesays.com\/fr\/wp-json\/wp\/v2\/posts"}],"about":[{"href":"https:\/\/www.europesays.com\/fr\/wp-json\/wp\/v2\/types\/post"}],"author":[{"embeddable":true,"href":"https:\/\/www.europesays.com\/fr\/wp-json\/wp\/v2\/users\/2"}],"replies":[{"embeddable":true,"href":"https:\/\/www.europesays.com\/fr\/wp-json\/wp\/v2\/comments?post=424429"}],"version-history":[{"count":0,"href":"https:\/\/www.europesays.com\/fr\/wp-json\/wp\/v2\/posts\/424429\/revisions"}],"wp:featuredmedia":[{"embeddable":true,"href":"https:\/\/www.europesays.com\/fr\/wp-json\/wp\/v2\/media\/424430"}],"wp:attachment":[{"href":"https:\/\/www.europesays.com\/fr\/wp-json\/wp\/v2\/media?parent=424429"}],"wp:term":[{"taxonomy":"category","embeddable":true,"href":"https:\/\/www.europesays.com\/fr\/wp-json\/wp\/v2\/categories?post=424429"},{"taxonomy":"post_tag","embeddable":true,"href":"https:\/\/www.europesays.com\/fr\/wp-json\/wp\/v2\/tags?post=424429"}],"curies":[{"name":"wp","href":"https:\/\/api.w.org\/{rel}","templated":true}]}}