{"id":424437,"date":"2025-09-28T19:32:11","date_gmt":"2025-09-28T19:32:11","guid":{"rendered":"https:\/\/www.europesays.com\/fr\/424437\/"},"modified":"2025-09-28T19:32:11","modified_gmt":"2025-09-28T19:32:11","slug":"a50-l2-a51-a7-une-semaine-chargee-en-fermetures-dautoroutes-du-29-septembre-au-3-octobre","status":"publish","type":"post","link":"https:\/\/www.europesays.com\/fr\/424437\/","title":{"rendered":"A50, L2, A51, A7&#8230; Une semaine charg\u00e9e en fermetures d&rsquo;autoroutes du 29 septembre au 3 octobre"},"content":{"rendered":"<p>Apr\u00e8s une semaine de r\u00e9pit, les <a href=\"https:\/\/www.laprovence.com\/article\/region\/1020860973825514\/c-est-un-parcours-du-combattant-ces-automobilistes-irrites-par-les-fermetures-d-autoroutes-autour-de-marseille\" target=\"_blank\" rel=\"noopener\">fermetures d&rsquo;autoroutes<\/a> reprennent de plus belle, dans les Bouches-du-Rh\u00f4ne. Selon son planning hebdomadaire, la Direction d\u00e9partementale des routes M\u00e9diterran\u00e9e (<a href=\"https:\/\/www.laprovence.com\/article\/region\/2295799866146215\/video-autoroutes-a-marseille-des-oeuvres-pour-limiter-la-profusion-des-tags-et-promouvoir-les-artistes-locaux\" target=\"_blank\" rel=\"noopener\">Dirmed<\/a>) pr\u00e9voit la mise en place de nombreuses restrictions de circulation, du lundi 29 septembre au vendredi 3 octobre, sur certains grands axes autoroutiers autour de Marseille.<\/p>\n<p>L&rsquo;A50, la rocade L2, l&rsquo;A55 ou encore l&rsquo;A51 vont notamment \u00eatre concern\u00e9es par ces coupures, qui ont pour but de laisser les agents de la Dirmed r\u00e9aliser des travaux de maintenance. Sur le r\u00e9seau conc\u00e9d\u00e9 au priv\u00e9, <a href=\"https:\/\/www.laprovence.com\/article\/region\/1275909485811914\/bientot-moins-d-embouteillages-a-salon-la-bifurcation-a7-a54-operationnelle\" target=\"_blank\" rel=\"noopener\">Vinci Autoroutes<\/a> ne pr\u00e9voit pas de fermetures cette semaine. Aucun <a href=\"https:\/\/www.laprovence.com\/article\/societe\/7691268866318714\/video-immersion-dans-les-travaux-des-tunnels-a-marseille-on-ferme-la-nuit-pour-eviter-de-fermer-le-jour\" target=\"_blank\" rel=\"noopener\">tunnel marseillais<\/a> ne devrait par ailleurs fermer la nuit.<\/p>\n<p>Voici <strong>le d\u00e9tail des fermetures d&rsquo;autoroutes dans les Bouches-du-Rh\u00f4ne<\/strong>, pour la semaine du 29 septembre au 3 octobre.<\/p>\n<p>Autoroutes<\/p>\n<p><strong>Nuit du lundi 29 au mardi 30 septembre<\/strong><\/p>\n<ul>&#13;<\/p>\n<li><strong>A507 (rocade L2) :<\/strong> coupure totale de la circulation de la bretelle de sortie n\u00b0 6 (Centre Ville) \u00e0 l&rsquo;A50, dans le sens Aix-en-Provence-Aubagne, de 21 h \u00e0 6 h<\/li>\n<p>&#13;<\/p>\n<li><strong>A50 : <\/strong>coupure totale de la circulation de la bretelle de sortie n\u00b0 3 (Florian) \u00e0 la bretelle d&rsquo;entr\u00e9e n\u00b0 4 (La Valentine), dans le sens Marseille-Aubagne, de 21 h \u00e0 6 h<\/li>\n<p>&#13;<\/p>\n<li><strong>A50 : <\/strong>coupure totale de la circulation de la bretelle de sortie n\u00b0 5 (La Penne-sur-Huveaune) \u00e0 la bretelle d&rsquo;entr\u00e9e n\u00b0 3 (Florian), dans le sens Aubagne-Marseille, de 21 h \u00e0 6 h<\/li>\n<p>&#13;<\/p>\n<li><strong>A51 : <\/strong>coupure totale de la circulation au niveau de l&rsquo;\u00e9changeur avec l&rsquo;autoroute A8, dans le sens Marseille-Aix-en-Provence, de 21 h \u00e0 6 h<\/li>\n<p>&#13;<\/p>\n<li><strong>A51 : <\/strong>fermeture des bretelles d&rsquo;entr\u00e9e et de sortie n\u00b0 7 (Jas de Bouffan), puis au niveau de la RN 2516, dans le sens Aix-en-Provence-Marseille, de 21 h \u00e0 6 h<\/li>\n<p>&#13;<\/p>\n<li><strong>A7 : <\/strong>fermeture de la bretelle de sortie n\u00b0 30 (Marignane A\u00e9roport), dans le sens Lyon-Marseille, de 21 h \u00e0 6 h<\/li>\n<p>&#13;\n<\/ul>\n<p><strong>Nuit du mardi 30 septembre au mercredi 1er octobre<\/strong><\/p>\n<ul>&#13;<\/p>\n<li><strong>A507 (rocade L2) : <\/strong>coupure totale de la circulation de la bretelle de sortie n\u00b0 6 (Centre Ville) \u00e0 l&rsquo;A50, dans le sens Aix-en-Provence-Aubagne, de 21 h \u00e0 6 h<\/li>\n<p>&#13;<\/p>\n<li><strong>A50 : <\/strong>coupure totale de la circulation de la bretelle de sortie n\u00b0 3 (Florian) \u00e0 la bretelle d&rsquo;entr\u00e9e n\u00b0 4 (La Valentine), dans le sens Marseille-Aubagne, de 21 h \u00e0 6 h<\/li>\n<p>&#13;<\/p>\n<li><strong>A50 : <\/strong>coupure totale de la circulation de la bretelle de sortie n\u00b0 5 (La Penne-sur-Huveaune) \u00e0 la bretelle d&rsquo;entr\u00e9e n\u00b0 3 (Florian), dans le sens Aubagne-Marseille, de 21 h \u00e0 6 h<\/li>\n<p>&#13;<\/p>\n<li><strong>A51 : <\/strong>coupure totale de la circulation au niveau de l&rsquo;\u00e9changeur avec l&rsquo;autoroute A8, dans le sens Marseille-Aix-en-Provence, de 21 h \u00e0 6 h<\/li>\n<p>&#13;<\/p>\n<li><strong>A51 : <\/strong>fermeture des bretelles d&rsquo;entr\u00e9e et de sortie n\u00b0 7 (Jas de Bouffan), puis au niveau de la RN 2516, dans le sens Aix-en-Provence-Marseille, de 21 h \u00e0 6 h<\/li>\n<p>&#13;<\/p>\n<li><strong>A55 : <\/strong>coupure totale de la circulation de la bretelle de sortie n\u00b0 7 (Les Pi\u00e9lettes) \u00e0 la bretelle de sortie n\u00b0 6 (Verduron), dans le sens Fos-sur-Mer-Marseille, de 21 h \u00e0 6 h<\/li>\n<p>&#13;<\/p>\n<li><strong>A552 : <\/strong>coupure totale de la circulation dans le sens Fos-sur-Mer-Marseille, de 21 h \u00e0 6 h<\/li>\n<p>&#13;\n<\/ul>\n<p><strong>Nuit du mercredi 1er au jeudi 2 octobre<\/strong><\/p>\n<ul>&#13;<\/p>\n<li><strong>A507 (rocade L2) :<\/strong> coupure totale de la circulation de la bretelle de sortie n\u00b0 3 (Centre Ville-La Rose) \u00e0 la bretelle d&rsquo;entr\u00e9e n\u00b0 2 (Saint-J\u00e9r\u00f4me), dans le sens Aubagne-Aix-en-Provence, de 21 h \u00e0 6 h<\/li>\n<p>&#13;<\/p>\n<li><strong>A507 (rocade L2) :<\/strong> coupure totale de la circulation de la bretelle de sortie n\u00b0 2 (Le Merlan) \u00e0 la bretelle d&rsquo;entr\u00e9e n\u00b0 3 (Centre Ville-La Rose), dans le sens Aix-en-Provence-Aubagne, de 21 h \u00e0 6 h<\/li>\n<p>&#13;<\/p>\n<li><strong>A507 (rocade L2) :<\/strong> coupure totale de la circulation de la bretelle de sortie n\u00b0 6 (Centre Ville) \u00e0 l&rsquo;A50, dans le sens Aix-en-Provence-Aubagne, de 21 h \u00e0 6 h<\/li>\n<p>&#13;<\/p>\n<li><strong>A7 : <\/strong>coupure totale de la circulation de la bretelle de sortie n\u00b0 29 (Vitrolles Centre) \u00e0 Rognac, dans le sens Marseille-Lyon, de 21 h \u00e0 6 h<\/li>\n<p>&#13;<\/p>\n<li><strong>A50 : <\/strong>coupure totale de la circulation de la bretelle de sortie n\u00b0 3 (Florian) \u00e0 la bretelle d&rsquo;entr\u00e9e n\u00b0 4 (La Valentine), dans le sens Marseille-Aubagne, de 21 h \u00e0 6 h<\/li>\n<p>&#13;<\/p>\n<li><strong>A50 : <\/strong>coupure totale de la circulation de la bretelle de sortie n\u00b0 5 (La Penne-sur-Huveaune) \u00e0 la bretelle d&rsquo;entr\u00e9e n\u00b0 3 (Florian), dans le sens Aubagne-Marseille, de 21 h \u00e0 6 h<\/li>\n<p>&#13;<\/p>\n<li><strong>A51 :<\/strong> coupure totale de la circulation au niveau de l&rsquo;\u00e9changeur avec l&rsquo;autoroute A8, dans le sens Marseille-Aix-en-Provence, de 21 h \u00e0 6 h<\/li>\n<p>&#13;<\/p>\n<li><strong>A51 : <\/strong>fermeture des bretelles d&rsquo;entr\u00e9e et de sortie n\u00b0 7 (Jas de Bouffan), puis au niveau de la RN 2516, dans le sens Aix-en-Provence-Marseille, de 21 h \u00e0 6 h<\/li>\n<p>&#13;<\/p>\n<li><strong>A55 :<\/strong> coupure totale de la circulation de la bretelle de sortie n\u00b0 8 (Pas de la Fosse) \u00e0 la bretelle d&rsquo;entr\u00e9e n\u00b0 7 (Les Pi\u00e9lettes), dans le sens Fos-sur-Mer-Marseille, de 21 h \u00e0 6 h<\/li>\n<p>&#13;\n<\/ul>\n<p><strong>Nuit du jeudi 2 au vendredi 3 octobre<\/strong><\/p>\n<ul>&#13;<\/p>\n<li><strong>A507 (rocade L2) : <\/strong>coupure totale de la circulation de la bretelle de sortie n\u00b0 6 (Centre Ville) \u00e0 l&rsquo;A50, dans le sens Aix-en-Provence-Aubagne, de 21 h \u00e0 6 h<\/li>\n<p>&#13;<\/p>\n<li><strong>A7 : <\/strong>coupure totale de la circulation de la bretelle de sortie n\u00b0 29 (Vitrolles Centre) \u00e0 Rognac, dans le sens Marseille-Lyon, de 21 h \u00e0 6 h<\/li>\n<p>&#13;<\/p>\n<li><strong>A50 : <\/strong>coupure totale de la circulation de la bretelle de sortie n\u00b0 3 (Florian) \u00e0 la bretelle d&rsquo;entr\u00e9e n\u00b0 4 (La Valentine), dans le sens Marseille-Aubagne, de 21 h \u00e0 6 h<\/li>\n<p>&#13;<\/p>\n<li><strong>A50 : <\/strong>coupure totale de la circulation de la bretelle de sortie n\u00b0 5 (La Penne-sur-Huveaune) \u00e0 la bretelle d&rsquo;entr\u00e9e n\u00b0 3 (Florian), dans le sens Aubagne-Marseille, de 21 h \u00e0 6 h<\/li>\n<p>&#13;<\/p>\n<li><strong>A55 :<\/strong> coupure totale de la circulation de la bretelle de sortie n\u00b0 10 (Les 3 Fr\u00e8res) \u00e0 la bretelle d&rsquo;entr\u00e9e n\u00b0 8 (Pas de la Fosse), dans le sens Fos-sur-Mer-Marseille, de 21 h \u00e0 6 h<\/li>\n<p>&#13;<\/p>\n<li><strong>A51 : <\/strong>coupure totale de la circulation au niveau de l&rsquo;\u00e9changeur avec l&rsquo;autoroute A8, dans le sens Marseille-Aix-en-Provence, de 21 h \u00e0 6 h<\/li>\n<p>&#13;<\/p>\n<li><strong>A51 :<\/strong> fermeture des bretelles d&rsquo;entr\u00e9e et de sortie n\u00b0 7 (Jas de Bouffan), puis au niveau de la RN 2516, dans le sens Aix-en-Provence-Marseille, de 21 h \u00e0 6 h<\/li>\n<p>&#13;\n<\/ul>\n","protected":false},"excerpt":{"rendered":"Apr\u00e8s une semaine de r\u00e9pit, les fermetures d&rsquo;autoroutes reprennent de plus belle, dans les Bouches-du-Rh\u00f4ne. Selon son planning&hellip;\n","protected":false},"author":2,"featured_media":424438,"comment_status":"","ping_status":"","sticky":false,"template":"","format":"standard","meta":{"footnotes":""},"categories":[2814],"tags":[17,13344,55339,13343,1111,11,885,1777,674,1011,27,6201,884,12,882,16,25,5572,96],"class_list":{"0":"post-424437","1":"post","2":"type-post","3":"status-publish","4":"format-standard","5":"has-post-thumbnail","7":"category-marseille","8":"tag-17","9":"tag-a50","10":"tag-a51","11":"tag-a7","12":"tag-actu","13":"tag-actualites","14":"tag-bouches-du-rhone","15":"tag-eu","16":"tag-europe","17":"tag-fr","18":"tag-france","19":"tag-l2","20":"tag-marseille","21":"tag-news","22":"tag-provence-alpes-cote-dazur","23":"tag-region","24":"tag-republique-francaise","25":"tag-semaine","26":"tag-une"},"share_on_mastodon":{"url":"https:\/\/pubeurope.com\/@fr\/115283594062167720","error":""},"_links":{"self":[{"href":"https:\/\/www.europesays.com\/fr\/wp-json\/wp\/v2\/posts\/424437","targetHints":{"allow":["GET"]}}],"collection":[{"href":"https:\/\/www.europesays.com\/fr\/wp-json\/wp\/v2\/posts"}],"about":[{"href":"https:\/\/www.europesays.com\/fr\/wp-json\/wp\/v2\/types\/post"}],"author":[{"embeddable":true,"href":"https:\/\/www.europesays.com\/fr\/wp-json\/wp\/v2\/users\/2"}],"replies":[{"embeddable":true,"href":"https:\/\/www.europesays.com\/fr\/wp-json\/wp\/v2\/comments?post=424437"}],"version-history":[{"count":0,"href":"https:\/\/www.europesays.com\/fr\/wp-json\/wp\/v2\/posts\/424437\/revisions"}],"wp:featuredmedia":[{"embeddable":true,"href":"https:\/\/www.europesays.com\/fr\/wp-json\/wp\/v2\/media\/424438"}],"wp:attachment":[{"href":"https:\/\/www.europesays.com\/fr\/wp-json\/wp\/v2\/media?parent=424437"}],"wp:term":[{"taxonomy":"category","embeddable":true,"href":"https:\/\/www.europesays.com\/fr\/wp-json\/wp\/v2\/categories?post=424437"},{"taxonomy":"post_tag","embeddable":true,"href":"https:\/\/www.europesays.com\/fr\/wp-json\/wp\/v2\/tags?post=424437"}],"curies":[{"name":"wp","href":"https:\/\/api.w.org\/{rel}","templated":true}]}}