{"id":424485,"date":"2025-09-28T20:02:12","date_gmt":"2025-09-28T20:02:12","guid":{"rendered":"https:\/\/www.europesays.com\/fr\/424485\/"},"modified":"2025-09-28T20:02:12","modified_gmt":"2025-09-28T20:02:12","slug":"nicolas-canteloup-se-confie-sur-son-retour-demain-a-la-radio","status":"publish","type":"post","link":"https:\/\/www.europesays.com\/fr\/424485\/","title":{"rendered":"Nicolas Canteloup se confie sur son retour, demain, \u00e0 la radio"},"content":{"rendered":"<p>    Nicolas Canteloup, d\u00e8s demain, \u00e0 8H50, dans la foul\u00e9e de la matinale de Pauline de Malherbe, sur RMC.<br \/>\n                Berzane Nasser\/ABACA<\/p>\n<p>Quatre ans apr\u00e8s son \u00e9viction d\u2019Europe 1, Le c\u00e9l\u00e8bre imitateur reprend du service ce lundi 29 septembre sur RMC. Un retour qui l\u2019enthousiasme autant qu\u2019il l\u2019impressionne.<\/p>\n<p class=\"fig-paragraph\">\u00abJ\u2019avais rang\u00e9 mon casque et mon micro, j\u2019\u00e9tais tr\u00e8s bien avec mon \u00e9mission\u00a0<a href=\"http:\/\/tvmag.lefigaro.fr\/programme-tv\/actu-tele\/il-a-bien-fait-de-ne-pas-y-aller-nicolas-canteloup-et-helene-mannarino-tournent-en-derision-cyril-hanouna-20250501\" target=\"_blank\" data-fig-type=\"Article\" rel=\"noopener\" data-gtm-custom-categorie=\"navigation\" data-gtm-custom-action=\"crossclick\" data-gtm-custom-label=\"Contextuel\" data-gtm-event=\"customEventSPE\" data-fig-domain=\"TVMAG\">C\u2019est Canteloup<\/a>\u00a0sur TF1. Mais au fond de moi, \u00e7a me titillait. \u00c0 la veille de cette premi\u00e8re, j\u2019ai l\u2019enthousiasme d\u2019un jeune chien qui a envie de batifoler dans les locaux de RMC\u00bb, confie l\u2019imitateur et humoriste de 61 ans.<\/p>\n<p class=\"fig-paragraph\">Quatre ans apr\u00e8s son \u00e9viction d\u2019<a href=\"http:\/\/tvmag.lefigaro.fr\/programme-tv\/people\/caroline-ithurbide-annonce-sa-grossesse-en-direct-sur-europe-1-20250925\" target=\"_blank\" data-fig-type=\"Article\" rel=\"noopener\" data-gtm-custom-categorie=\"navigation\" data-gtm-custom-action=\"crossclick\" data-gtm-custom-label=\"Contextuel\" data-gtm-event=\"customEventSPE\" data-fig-domain=\"TVMAG\">Europe 1<\/a>, Nicolas Canteloup revient sur RMC ce lundi 29 septembre et se dit \u00abgourmand\u00bb avant ce retour sur les ondes, se r\u00e9jouissant de faire \u00abdu trap\u00e8ze sans filet\u00bb en improvisant des imitations de personnalit\u00e9s politiques, dit-il \u00e0 l\u2019AFP.<\/p>\n<p class=\"fig-body-link\">\n            \u00c0 lire aussi<br \/>\n        <a class=\"fig-body-link__link\" href=\"http:\/\/tvmag.lefigaro.fr\/programme-tv\/actu-tele\/nicolas-canteloup-signe-son-grand-retour-en-radio-et-rejoint-la-matinale-d-apolline-de-malherbe-sur-rmc-20250829\" data-fig-type=\"NewsFlash\" data-gtm-custom-categorie=\"navigation\" data-gtm-custom-action=\"crossclick\" data-gtm-custom-label=\"Contextuel\" data-gtm-event=\"customEventSPE\" data-fig-domain=\"TVMAG\" target=\"_blank\" rel=\"noopener\">Nicolas Canteloup signe son grand retour en radio et rejoint la matinale d\u2019Apolline de Malherbe sur RMC<br \/>\n    <\/a>\n<\/p>\n<p>                                    <a class=\"fig-a11y-skip a11y-hidden\" href=\"#fig-a11y-skip-main-inarticle\"><br \/>\n        Passer la publicit\u00e9<br \/>\n    <\/a><\/p>\n<p>Une chronique quasi instantan\u00e9e<\/p>\n<p class=\"fig-paragraph\">Et d\u2019ajouter\u00a0: \u00abCes quatre ans d\u2019arr\u00eat ont finalement \u00e9t\u00e9 assez positifs\u00a0: cette petite jach\u00e8re a entra\u00een\u00e9 beaucoup d\u2019envie. Quand mon producteur m\u2019a appel\u00e9 pour me dire que RMC avait envie que je vienne, je l\u2019ai rappel\u00e9 au bout de 48 heures pour lui dire que cette id\u00e9e me plaisait bien\u00bb. Baptis\u00e9e \u00abFace \u00e0 Canteloup\u00bb, l\u2019\u00e9mission consiste en une chronique de 7 minutes compos\u00e9e des commentaires et t\u00e9moignages fictifs dits par les voix qu\u2019il imite des personnalit\u00e9s qu\u2019il a choisi de parodier.<\/p>\n<p class=\"fig-paragraph\">Une pastille diffus\u00e9e chaque jour \u00e0 8H50, con\u00e7ue peu ou prou dans les conditions du direct. \u00abLe petit plus, c\u2019est d\u2019essayer de pasticher, de parodier l\u2019interview men\u00e9e par\u00a0<a href=\"http:\/\/tvmag.lefigaro.fr\/programme-tv\/actu-tele\/francois-bayrou-invite-exceptionnel-d-apolline-de-malherbe-sur-bfmtv-ce-mardi-20250526\" target=\"_blank\" data-fig-type=\"NewsFlash\" rel=\"noopener\" data-gtm-custom-categorie=\"navigation\" data-gtm-custom-action=\"crossclick\" data-gtm-custom-label=\"Contextuel\" data-gtm-event=\"customEventSPE\" data-fig-domain=\"TVMAG\">Apolline de\u00a0Malherbe<\/a> , qui se sera d\u00e9roul\u00e9e juste avant. Je l\u2019ai d\u00e9j\u00e0 fait sur Europe 1, et c\u2019est du trap\u00e8ze sans filet\u00a0: il y aura trois minutes de pub entre la fin de l\u2019interview et mon intervention, et c\u2019est le temps que j\u2019aurai pour trouver un angle, une parodie\u00bb.<\/p>\n<p class=\"fig-body-link\">\n            \u00c0 lire aussi<br \/>\n        <a class=\"fig-body-link__link\" href=\"http:\/\/tvmag.lefigaro.fr\/programme-tv\/actu-tele\/il-a-bien-fait-de-ne-pas-y-aller-nicolas-canteloup-et-helene-mannarino-tournent-en-derision-cyril-hanouna-20250501\" data-fig-type=\"Article\" data-gtm-custom-categorie=\"navigation\" data-gtm-custom-action=\"crossclick\" data-gtm-custom-label=\"Contextuel\" data-gtm-event=\"customEventSPE\" data-fig-domain=\"TVMAG\" target=\"_blank\" rel=\"noopener\">\u00abIl a bien fait de ne pas y aller\u00bb\u00a0: Nicolas Canteloup et H\u00e9l\u00e8ne Mannarino tournent en d\u00e9rision Cyril Hanouna<br \/>\n    <\/a>\n<\/p>\n<p class=\"fig-paragraph\">De l\u2019improvisation presque pure, donc. Mais le bonhomme est rompu \u00e0 l\u2019exercice. Actualit\u00e9 oblige, il travaille aussi intens\u00e9ment \u00e0 peaufiner de nouvelles voix. Fran\u00e7ois Ruffin (d\u00e9put\u00e9 ex-LFI), Olivier Faure (premier secr\u00e9taire du Parti socialiste), Jordan Bardella (pr\u00e9sident du RN) et bien d\u2019autres encore. La raison de son recrutement par RMC?<\/p>\n<p class=\"fig-paragraph\">Sans doute les \u00e9lections qui se profilent. Les municipales en 2026 et la pr\u00e9sidentielle, l\u2019ann\u00e9e d\u2019apr\u00e8s. Selon l\u2019int\u00e9ress\u00e9, \u00abon a beau dire que les gens s\u2019\u00e9loignent de la politique, \u00e7a les passionne quand m\u00eame. C\u2019est s\u00fbr que c\u2019est un terrain de jeu sur lequel la mati\u00e8re premi\u00e8re va \u00eatre tr\u00e8s forte\u00bb.<\/p>\n<p class=\"fig-paragraph\">Aupr\u00e8s du journaliste de l\u2019AFP, l\u2019ancienne star d\u2019Europe 1 revient aussi bri\u00e8vement sur son \u00e9viction de la radio rachet\u00e9e par\u00a0<a href=\"http:\/\/www.lefigaro.fr\/medias\/c-est-la-guerre-qui-est-declaree-entre-l-audiovisuel-public-et-les-medias-de-vincent-bollore-rien-ne-va-plus-20250917\" target=\"_blank\" data-fig-type=\"NewsFlash\" rel=\"noopener\" data-gtm-custom-categorie=\"navigation\" data-gtm-custom-action=\"crossclick\" data-gtm-custom-label=\"Contextuel\" data-gtm-event=\"customEventSPE\" data-fig-domain=\"LEFIGARO\">Vincent Bollor\u00e9<\/a>\u00a0: \u00abC\u2019\u00e9tait une d\u00e9cision du nouveau propri\u00e9taire, c\u2019\u00e9tait effectivement Vincent Bollor\u00e9, le nouvel actionnaire. Mais si on est honn\u00eate, c\u2019est une d\u00e9cision l\u00e9gitime: il ach\u00e8te un m\u00e9dia, il y met ce qu\u2019il veut. Il ne souhaitait pas avoir d\u2019humoriste parce qu\u2019il voulait changer de ligne \u00e9ditoriale et ne pas avoir un trublion qui dit un peu ce qu\u2019il veut. C\u2019est respectable. La seule frustration, c\u2019est qu\u2019avec mon \u00e9quipe, on \u00e9tait pr\u00eat pour la pr\u00e9sidentielle et qu\u2019on s\u2019est arr\u00eat\u00e9 avant.\u00bb<\/p>\n","protected":false},"excerpt":{"rendered":"Nicolas Canteloup, d\u00e8s demain, \u00e0 8H50, dans la foul\u00e9e de la matinale de Pauline de Malherbe, sur RMC.&hellip;\n","protected":false},"author":2,"featured_media":424486,"comment_status":"","ping_status":"","sticky":false,"template":"","format":"standard","meta":{"footnotes":""},"categories":[1359],"tags":[10848,58,59,1011,27,5902,973,10319],"class_list":{"0":"post-424485","1":"post","2":"type-post","3":"status-publish","4":"format-standard","5":"has-post-thumbnail","7":"category-people","8":"tag-apolline-de-malherbe","9":"tag-divertissement","10":"tag-entertainment","11":"tag-fr","12":"tag-france","13":"tag-nicolas-canteloup","14":"tag-people","15":"tag-rmc"},"share_on_mastodon":{"url":"https:\/\/pubeurope.com\/@fr\/115283712071872428","error":""},"_links":{"self":[{"href":"https:\/\/www.europesays.com\/fr\/wp-json\/wp\/v2\/posts\/424485","targetHints":{"allow":["GET"]}}],"collection":[{"href":"https:\/\/www.europesays.com\/fr\/wp-json\/wp\/v2\/posts"}],"about":[{"href":"https:\/\/www.europesays.com\/fr\/wp-json\/wp\/v2\/types\/post"}],"author":[{"embeddable":true,"href":"https:\/\/www.europesays.com\/fr\/wp-json\/wp\/v2\/users\/2"}],"replies":[{"embeddable":true,"href":"https:\/\/www.europesays.com\/fr\/wp-json\/wp\/v2\/comments?post=424485"}],"version-history":[{"count":0,"href":"https:\/\/www.europesays.com\/fr\/wp-json\/wp\/v2\/posts\/424485\/revisions"}],"wp:featuredmedia":[{"embeddable":true,"href":"https:\/\/www.europesays.com\/fr\/wp-json\/wp\/v2\/media\/424486"}],"wp:attachment":[{"href":"https:\/\/www.europesays.com\/fr\/wp-json\/wp\/v2\/media?parent=424485"}],"wp:term":[{"taxonomy":"category","embeddable":true,"href":"https:\/\/www.europesays.com\/fr\/wp-json\/wp\/v2\/categories?post=424485"},{"taxonomy":"post_tag","embeddable":true,"href":"https:\/\/www.europesays.com\/fr\/wp-json\/wp\/v2\/tags?post=424485"}],"curies":[{"name":"wp","href":"https:\/\/api.w.org\/{rel}","templated":true}]}}