{"id":424497,"date":"2025-09-28T20:09:17","date_gmt":"2025-09-28T20:09:17","guid":{"rendered":"https:\/\/www.europesays.com\/fr\/424497\/"},"modified":"2025-09-28T20:09:17","modified_gmt":"2025-09-28T20:09:17","slug":"votre-groupe-sanguin-peut-il-influencer-votre-risque-de-cancer","status":"publish","type":"post","link":"https:\/\/www.europesays.com\/fr\/424497\/","title":{"rendered":"Votre groupe sanguin peut-il influencer votre risque de cancer ?"},"content":{"rendered":"<p>             <a href=\"https:\/\/ma-sante.news\/wp-content\/uploads\/2025\/09\/groupe-sanguin-prevalence-cancers-recherche-causes-Ma-Santejpeg.jpeg\" data-caption=\"En France, le groupe sanguin le plus fr\u00e9quent est le groupe A (environ 44 %), suivi du groupe O (42 %), puis B (10 %) et AB (4 %) selon l\u2019\u00c9tablissement Fran\u00e7ais du Sang (EFS). \u00a9 Adobe Stock \" rel=\"nofollow noopener\" target=\"_blank\"><img loading=\"lazy\" decoding=\"async\" width=\"696\" height=\"466\" class=\"entry-thumb td-modal-image ewww_webp_lazy_load\" src=\"data:image\/svg+xml,%3Csvg%20xmlns=\" http:=\"\" data-lazy- data-lazy- alt=\"Un homme qui participe aux recherches sur le lien entre groupe sanguin et cancers.\" title=\"groupe sanguin pre\u0301valence cancers recherche causes Ma Sante\u0301jpeg\" data-lazy-src=\"https:\/\/www.europesays.com\/fr\/wp-content\/uploads\/2025\/09\/groupe-sanguin-prevalence-cancers-recherche-causes-Ma-Santejpeg-696x466.jpeg\" data-lazy-src-webp=\"https:\/\/www.europesays.com\/fr\/wp-content\/uploads\/2025\/09\/groupe-sanguin-prevalence-cancers-recherche-causes-Ma-Santejpeg-696x466.jpeg.webp\" data-lazy-srcset-webp=\"https:\/\/www.europesays.com\/fr\/wp-content\/uploads\/2025\/09\/groupe-sanguin-prevalence-cancers-recherche-causes-Ma-Santejpeg-696x466.jpeg.webp 696w, https:\/\/ma-sante.news\/wp-content\/uploads\/2025\/09\/groupe-sanguin-prevalence-cancers-recherche-causes-Ma-Santejpeg-300x201.jpeg.webp 300w, https:\/\/ma-sante.news\/wp-content\/uploads\/2025\/09\/groupe-sanguin-prevalence-cancers-recherche-causes-Ma-Santejpeg-768x515.jpeg.webp 768w, https:\/\/ma-sante.news\/wp-content\/uploads\/2025\/09\/groupe-sanguin-prevalence-cancers-recherche-causes-Ma-Santejpeg-627x420.jpeg.webp 627w, https:\/\/ma-sante.news\/wp-content\/uploads\/2025\/09\/groupe-sanguin-prevalence-cancers-recherche-causes-Ma-Santejpeg.jpeg.webp 800w\"\/><\/a>En France, le groupe sanguin le plus fr\u00e9quent est le groupe A (environ 44 %), suivi du groupe O (42 %), puis B (10 %) et AB (4 %) selon l\u2019\u00c9tablissement Fran\u00e7ais du Sang (EFS). \u00a9 Adobe Stock                                     \t\t\t             <a class=\"gofollow\" data-track=\"MjgsMCw2MA==\" href=\"https:\/\/ma-sante.news\/inscrivez-vous-a-notre-newsletter\/\" rel=\"nofollow noopener\" target=\"_blank\"><img loading=\"lazy\" decoding=\"async\" width=\"1068\" height=\"131\" src=\"data:image\/svg+xml,%3Csvg%20xmlns=\" http:=\"\" data-lazy-src=\"https:\/\/www.europesays.com\/fr\/wp-content\/uploads\/2025\/03\/banniere-newsletter.png\"\/><\/a> <\/p>\n<p>Nous connaissons tous notre <a href=\"https:\/\/ma-sante.news\/connaitre-son-groupe-sanguin-pourquoi-cest-important\/\" rel=\"nofollow noopener\" target=\"_blank\">groupe sanguin : A, B, AB ou O<\/a>. Cette information est indispensable en cas de transfusion, mais pourrait-elle aussi en dire long sur notre sant\u00e9 \u00e0 long terme ? <\/p>\n<p>Depuis une dizaine d\u2019ann\u00e9es, plusieurs \u00e9tudes se sont pench\u00e9es sur le lien entre groupe sanguin et risque de cancer. En toile de fond, une id\u00e9e qui s\u00e9duit : certains groupes pourraient \u00eatre \u00ab prot\u00e9g\u00e9s \u00bb contre certaines tumeurs.<\/p>\n<p>        Groupe sanguin et cancer : que disent les \u00e9tudes ?    <\/p>\n<p>En France, environ 433 000 nouveaux cas de cancer ont \u00e9t\u00e9 diagnostiqu\u00e9s en 2023, selon Sant\u00e9 publique France et l\u2019Institut national du cancer. Face \u00e0 ce fl\u00e9au, toute piste de pr\u00e9vention attire l\u2019attention. Plusieurs recherches internationales ont observ\u00e9 une corr\u00e9lation entre le syst\u00e8me ABO et le risque de certains cancers.<\/p>\n<ul class=\"wp-block-list\">\n<li>Le groupe A semble associ\u00e9 \u00e0 un risque l\u00e9g\u00e8rement plus \u00e9lev\u00e9 de cancer de l\u2019estomac et du pancr\u00e9as. Une m\u00e9ta-analyse parue en 2014 dans l\u2019Asian Pacific Journal of Cancer Prevention a confirm\u00e9 cette tendance, sugg\u00e9rant une augmentation relative du risque de l\u2019ordre de 20 % pour certains cancers digestifs.<\/li>\n<li>Le groupe O, \u00e0 l\u2019inverse, appara\u00eet comme l\u00e9g\u00e8rement \u00ab protecteur \u00bb dans plusieurs \u00e9tudes, notamment contre le cancer gastrique et pancr\u00e9atique. Mais attention : il s\u2019agit d\u2019un risque relatif, pas d\u2019une immunit\u00e9 !<\/li>\n<li>Les groupes B et AB donnent des r\u00e9sultats plus variables selon les localisations tumorales. Le groupe AB, par exemple, a \u00e9t\u00e9 associ\u00e9 \u00e0 un risque accru de cancer du foie dans une \u00e9tude chinoise publi\u00e9e dans Oncotarget en 2017.<\/li>\n<\/ul>\n<p>Ces associations sont statistiquement significatives, mais les effets restent modestes. On parle de diff\u00e9rences de 10 \u00e0 25 % de risque relatif, bien loin d\u2019une garantie de protection ou de vuln\u00e9rabilit\u00e9.<\/p>\n<p>        Pourquoi de telles diff\u00e9rences ?    <\/p>\n<p>Les scientifiques avancent plusieurs hypoth\u00e8ses, sans certitude d\u00e9finitive :<\/p>\n<ul class=\"wp-block-list\">\n<li>Les antig\u00e8nes ABO (pr\u00e9sents \u00e0 la surface des globules rouges, mais aussi sur de nombreuses cellules) pourraient influencer les processus d\u2019inflammation, de coagulation et de r\u00e9ponse immunitaire.<\/li>\n<li>Certaines infections (comme Helicobacter pylori, facteur de risque du cancer de l\u2019estomac) semblent interagir diff\u00e9remment selon le groupe sanguin.<\/li>\n<li>La g\u00e9n\u00e9tique : les g\u00e8nes qui codent pour le groupe sanguin sont proches d\u2019autres g\u00e8nes impliqu\u00e9s dans l\u2019immunit\u00e9 et la prolif\u00e9ration cellulaire.<\/li>\n<\/ul>\n<p>Mais il reste difficile de d\u00e9m\u00ealer ce qui rel\u00e8ve du groupe sanguin lui-m\u00eame, et ce qui d\u00e9pend d\u2019autres facteurs associ\u00e9s (environnement, alimentation, mode de vie).<\/p>\n<p>        Prudence : le groupe sanguin n\u2019est pas une boule de cristal    <\/p>\n<p>Le groupe sanguin n\u2019est pas un facteur de risque majeur compar\u00e9 \u00e0 d\u2019autres comportements bien document\u00e9s :<\/p>\n<p>Autrement dit : savoir que l\u2019on est du groupe O ne doit en aucun cas \u00eatre interpr\u00e9t\u00e9 comme une \u00ab protection \u00bb. Inversement, \u00eatre du groupe A ne signifie pas qu\u2019un cancer est in\u00e9vitable.<\/p>\n<p>        Un champ de recherche toujours ouvert    <\/p>\n<p>De nouvelles \u00e9tudes continuent d\u2019explorer le lien entre groupes sanguins et maladies chroniques. En 2021, une recherche publi\u00e9e dans Scientific Reports a \u00e9voqu\u00e9 le r\u00f4le potentiel des antig\u00e8nes ABO dans l\u2019\u00e9volution de certains cancers et m\u00eame dans de futures strat\u00e9gies th\u00e9rapeutiques cibl\u00e9es. Mais il s\u2019agit avant tout de travaux exp\u00e9rimentaux et conceptuels, qui ne doivent pas \u00eatre interpr\u00e9t\u00e9s comme une preuve clinique de protection ou de risque.<\/p>\n<p>En France, l\u2019INSERM et plusieurs \u00e9quipes hospitali\u00e8res s\u2019int\u00e9ressent \u00e9galement aux interactions entre immunit\u00e9, g\u00e9n\u00e9tique et facteurs sanguins. L\u2019objectif est de mieux comprendre pourquoi certains patients d\u00e9veloppent un cancer alors que d\u2019autres, expos\u00e9s aux m\u00eames risques, y \u00e9chappent.<\/p>\n<blockquote class=\"wp-block-quote is-layout-flow wp-block-quote-is-layout-flow\">\n<p><strong>\u00c0 SAVOIR\u00a0<\/strong><\/p>\n<p>Selon l\u2019Institut national du cancer (INCa), le tabac reste de tr\u00e8s loin le premier facteur de risque de cancer en France : il est responsable d\u2019environ 20 % des nouveaux cas chaque ann\u00e9e.<\/p>\n<\/blockquote>\n<p>  <a class=\"gofollow\" data-track=\"MTIsMCw2MA==\" href=\"https:\/\/ma-sante.news\/annonceurs\/\" rel=\"nofollow noopener\" target=\"_blank\"><img loading=\"lazy\" decoding=\"async\" width=\"2560\" height=\"2133\" src=\"data:image\/svg+xml,%3Csvg%20xmlns=\" http:=\"\" data-lazy-src=\"https:\/\/www.europesays.com\/fr\/wp-content\/uploads\/2025\/03\/pub-annonceurs-4-scaled.jpg\"\/><\/a>    <img loading=\"lazy\" decoding=\"async\" width=\"755\" height=\"495\" src=\"data:image\/svg+xml,%3Csvg%20xmlns=\" http:=\"\" data-lazy-src=\"https:\/\/www.europesays.com\/fr\/wp-content\/uploads\/2025\/03\/Image1.jpg\" data-lazy-src-webp=\"https:\/\/www.europesays.com\/fr\/wp-content\/uploads\/2025\/03\/Image1.jpg.webp\" class=\"ewww_webp_lazy_load\"\/>Inscrivez-vous \u00e0 notre newsletter <br \/>Ma Sant\u00e9                      <\/p>\n","protected":false},"excerpt":{"rendered":"En France, le groupe sanguin le plus fr\u00e9quent est le groupe A (environ 44 %), suivi du groupe&hellip;\n","protected":false},"author":2,"featured_media":424498,"comment_status":"","ping_status":"","sticky":false,"template":"","format":"standard","meta":{"footnotes":""},"categories":[10],"tags":[20398,1011,27,72,7233,71],"class_list":{"0":"post-424497","1":"post","2":"type-post","3":"status-publish","4":"format-standard","5":"has-post-thumbnail","7":"category-sante","8":"tag-circulation-sanguine","9":"tag-fr","10":"tag-france","11":"tag-health","12":"tag-sang","13":"tag-sante"},"share_on_mastodon":{"url":"https:\/\/pubeurope.com\/@fr\/115283739552894918","error":""},"_links":{"self":[{"href":"https:\/\/www.europesays.com\/fr\/wp-json\/wp\/v2\/posts\/424497","targetHints":{"allow":["GET"]}}],"collection":[{"href":"https:\/\/www.europesays.com\/fr\/wp-json\/wp\/v2\/posts"}],"about":[{"href":"https:\/\/www.europesays.com\/fr\/wp-json\/wp\/v2\/types\/post"}],"author":[{"embeddable":true,"href":"https:\/\/www.europesays.com\/fr\/wp-json\/wp\/v2\/users\/2"}],"replies":[{"embeddable":true,"href":"https:\/\/www.europesays.com\/fr\/wp-json\/wp\/v2\/comments?post=424497"}],"version-history":[{"count":0,"href":"https:\/\/www.europesays.com\/fr\/wp-json\/wp\/v2\/posts\/424497\/revisions"}],"wp:featuredmedia":[{"embeddable":true,"href":"https:\/\/www.europesays.com\/fr\/wp-json\/wp\/v2\/media\/424498"}],"wp:attachment":[{"href":"https:\/\/www.europesays.com\/fr\/wp-json\/wp\/v2\/media?parent=424497"}],"wp:term":[{"taxonomy":"category","embeddable":true,"href":"https:\/\/www.europesays.com\/fr\/wp-json\/wp\/v2\/categories?post=424497"},{"taxonomy":"post_tag","embeddable":true,"href":"https:\/\/www.europesays.com\/fr\/wp-json\/wp\/v2\/tags?post=424497"}],"curies":[{"name":"wp","href":"https:\/\/api.w.org\/{rel}","templated":true}]}}