{"id":424505,"date":"2025-09-28T20:13:16","date_gmt":"2025-09-28T20:13:16","guid":{"rendered":"https:\/\/www.europesays.com\/fr\/424505\/"},"modified":"2025-09-28T20:13:16","modified_gmt":"2025-09-28T20:13:16","slug":"arbent-au-bord-de-la-faillite-lentreprise-cc-outillage-appelle-a-laide","status":"publish","type":"post","link":"https:\/\/www.europesays.com\/fr\/424505\/","title":{"rendered":"Arbent. Au bord de la faillite, l\u2019entreprise CC Outillage appelle \u00e0 l\u2019aide"},"content":{"rendered":"<p>Mi-septembre, Julie Poncet, g\u00e9rante de l\u2019entreprise familiale CC Outillage, lance une bouteille \u00e0 la mer sur les r\u00e9seaux sociaux. \u00ab\u00a0Notre soci\u00e9t\u00e9 traverse une p\u00e9riode tr\u00e8s difficile, relate-t-elle. Comme beaucoup de petites entreprises, nous faisons face \u00e0 un contexte \u00e9conomique tendu, et nous avons besoin de nouveaux clients pour continuer l\u2019aventure. Nous travaillons avec passion, rigueur et proximit\u00e9, et nous sommes pr\u00eats \u00e0 relever de nouveaux d\u00e9fis aux c\u00f4t\u00e9s de nos clients.\u00a0\u00bb Et de lancer un appel \u00e0 l\u2019aide\u00a0: \u00ab\u00a0Si vous connaissez une entreprise, un professionnel ou un contact qui&#8230;<\/p>\n","protected":false},"excerpt":{"rendered":"Mi-septembre, Julie Poncet, g\u00e9rante de l\u2019entreprise familiale CC Outillage, lance une bouteille \u00e0 la mer sur les r\u00e9seaux&hellip;\n","protected":false},"author":2,"featured_media":424506,"comment_status":"","ping_status":"","sticky":false,"template":"","format":"standard","meta":{"footnotes":""},"categories":[6],"tags":[2738,55340,646,35,33,34,3312,341,107,1011,27,5583,801,216],"class_list":{"0":"post-424505","1":"post","2":"type-post","3":"status-publish","4":"format-standard","5":"has-post-thumbnail","7":"category-economie","8":"tag-ain","9":"tag-arbent","10":"tag-automobile","11":"tag-business","12":"tag-economie","13":"tag-economy","14":"tag-edition-ain-est","15":"tag-emploi","16":"tag-fil-info","17":"tag-fr","18":"tag-france","19":"tag-oyonnax-bassin","20":"tag-social","21":"tag-vie-des-entreprises"},"share_on_mastodon":{"url":"https:\/\/pubeurope.com\/@fr\/115283755349052656","error":""},"_links":{"self":[{"href":"https:\/\/www.europesays.com\/fr\/wp-json\/wp\/v2\/posts\/424505","targetHints":{"allow":["GET"]}}],"collection":[{"href":"https:\/\/www.europesays.com\/fr\/wp-json\/wp\/v2\/posts"}],"about":[{"href":"https:\/\/www.europesays.com\/fr\/wp-json\/wp\/v2\/types\/post"}],"author":[{"embeddable":true,"href":"https:\/\/www.europesays.com\/fr\/wp-json\/wp\/v2\/users\/2"}],"replies":[{"embeddable":true,"href":"https:\/\/www.europesays.com\/fr\/wp-json\/wp\/v2\/comments?post=424505"}],"version-history":[{"count":0,"href":"https:\/\/www.europesays.com\/fr\/wp-json\/wp\/v2\/posts\/424505\/revisions"}],"wp:featuredmedia":[{"embeddable":true,"href":"https:\/\/www.europesays.com\/fr\/wp-json\/wp\/v2\/media\/424506"}],"wp:attachment":[{"href":"https:\/\/www.europesays.com\/fr\/wp-json\/wp\/v2\/media?parent=424505"}],"wp:term":[{"taxonomy":"category","embeddable":true,"href":"https:\/\/www.europesays.com\/fr\/wp-json\/wp\/v2\/categories?post=424505"},{"taxonomy":"post_tag","embeddable":true,"href":"https:\/\/www.europesays.com\/fr\/wp-json\/wp\/v2\/tags?post=424505"}],"curies":[{"name":"wp","href":"https:\/\/api.w.org\/{rel}","templated":true}]}}