{"id":424509,"date":"2025-09-28T20:15:13","date_gmt":"2025-09-28T20:15:13","guid":{"rendered":"https:\/\/www.europesays.com\/fr\/424509\/"},"modified":"2025-09-28T20:15:13","modified_gmt":"2025-09-28T20:15:13","slug":"michel-barnier-redevient-depute-32-ans-apres-avoir-quitte-les-bancs-de-lassemblee","status":"publish","type":"post","link":"https:\/\/www.europesays.com\/fr\/424509\/","title":{"rendered":"Michel Barnier redevient d\u00e9put\u00e9, 32 ans apr\u00e8s avoir quitt\u00e9 les bancs de l\u2019Assembl\u00e9e"},"content":{"rendered":"<p>Le premier ministre \u00e0 ce jour le plus \u00e9ph\u00e9m\u00e8re de la Ve R\u00e9publique devient le seul d\u00e9put\u00e9 LR de la capitale, partag\u00e9e depuis 2022 entre la gauche et les macronistes.<\/p>\n<p class=\"fig-paragraph\">C\u2019est officiel. Dix mois apr\u00e8s avoir \u00e9t\u00e9 renvers\u00e9, l\u2019ancien premier ministre <a href=\"http:\/\/www.lefigaro.fr\/politique\/legislative-partielle-entre-michel-barnier-et-frederique-bredin-comment-ont-vote-les-electeurs-de-la-2e-circonscription-de-paris-20250923\" data-fig-type=\"Article\" data-gtm-custom-categorie=\"navigation\" data-gtm-custom-action=\"crossclick\" data-gtm-custom-label=\"Contextuel\" data-gtm-event=\"customEventSPE\" data-fig-domain=\"LEFIGARO\" target=\"_blank\" rel=\"noopener\">Michel Barnier<\/a>\u00a0fera son grand retour \u00e0 l\u2019Assembl\u00e9e nationale dans les prochains jours, dans la foul\u00e9e de sa large victoire, ce dimanche, dans l\u2019\u00e9lection l\u00e9gislative partielle de la deuxi\u00e8me circonscription de Paris. Avec plus de 62% des voix, l\u2019ex-n\u00e9gociateur en chef du Brexit triomphe, \u00e0 l\u2019issue de ce second tour, de son adversaire socialiste\u00a0<a href=\"http:\/\/www.lefigaro.fr\/politique\/legislative-partielle-a-paris-la-mitterrandienne-frederique-bredin-signe-son-retour-en-politique-pour-defier-michel-barnier-20250919\" data-fig-type=\"Article\" data-gtm-custom-categorie=\"navigation\" data-gtm-custom-action=\"crossclick\" data-gtm-custom-label=\"Contextuel\" data-gtm-event=\"customEventSPE\" data-fig-domain=\"LEFIGARO\" target=\"_blank\" rel=\"noopener\">Fr\u00e9d\u00e9rique Bredin<\/a>, dont la d\u00e9faite semblait \u00e9crite d\u2019avance tant la sociologie \u00e9lectorale locale lui \u00e9tait d\u00e9favorable.<\/p>\n<p class=\"fig-paragraph\">32 ans apr\u00e8s avoir quitt\u00e9 les bancs du Palais Bourbon, le septuag\u00e9naire succ\u00e8de au macroniste Jean Laussucq &#8211; dont l\u2019\u00e9lection de juillet 2024 avait \u00e9t\u00e9 invalid\u00e9e par le\u00a0<a href=\"http:\/\/www.lefigaro.fr\/vox\/politique\/le-conseil-constitutionnel-prefere-proteger-la-liberte-d-etrangers-dangereux-a-celle-de-citoyens-innocents-20250811\" data-fig-type=\"Article\" data-gtm-custom-categorie=\"navigation\" data-gtm-custom-action=\"crossclick\" data-gtm-custom-label=\"Contextuel\" data-gtm-event=\"customEventSPE\" data-fig-domain=\"LEFIGARO\" target=\"_blank\" rel=\"noopener\">Conseil constitutionnel.\u00a0<\/a>Il peut se r\u00e9jouir de devenir, par la m\u00eame occasion, le seul d\u00e9put\u00e9 LR de la capitale, o\u00f9 les 18 circonscriptions sont, depuis 2022, partag\u00e9es entre la gauche et les macronistes. Lui qui avait fait de la Savoie son fief \u00e9lectoral pendant des ann\u00e9es &#8211; d\u00e9put\u00e9, s\u00e9nateur, pr\u00e9sident de l\u2019assembl\u00e9e d\u00e9partementale, affirme vivre \u00e0 Paris depuis une dizaine d\u2019ann\u00e9es, un argument avanc\u00e9 pour justifier sa candidature.<\/p>\n<p class=\"fig-body-link\">\n            \u00c0 lire aussi<br \/>\n        <a class=\"fig-body-link__link fig-premium-mark\" href=\"http:\/\/www.lefigaro.fr\/politique\/quand-michel-barnier-songeait-a-devenir-maire-de-paris-20250922\" data-fig-type=\"Article\" data-gtm-custom-categorie=\"navigation\" data-gtm-custom-action=\"crossclick\" data-gtm-custom-label=\"Contextuel\" data-gtm-event=\"customEventSPE\" data-fig-domain=\"LEFIGARO\" target=\"_blank\" rel=\"noopener\">Quand Michel Barnier songeait \u00e0 devenir maire de Paris<br \/>\n    <\/a>\n<\/p>\n<p>                                    <a class=\"fig-a11y-skip a11y-hidden\" href=\"#fig-a11y-skip-main-inarticle\"><br \/>\n        Passer la publicit\u00e9<br \/>\n    <\/a><\/p>\n<p class=\"fig-paragraph\">Seule ombre au tableau\u00a0: un taux de participation encore plus bas que celui de la semaine derni\u00e8re, d\u00e9passant \u00e0 peine les 23% des 75.000 \u00e9lecteurs inscrits dans cette circonscription, \u00e0 cheval sur les 5e, 6e et 7e arrondissements de Paris. D\u00e8s le premier tour, alors que l\u2019abstention franchissait d\u00e9j\u00e0 la barre des 76%, Michel Barnier y voyait l\u2019expression d\u2019\u00abun m\u00e9contentement, une lassitude, \u00e0 l\u2019\u00e9gard de la situation politique nationale actuelle\u00bb, son deuxi\u00e8me successeur, S\u00e9bastien Lecornu, \u00e9tant toujours sans gouvernement de plein exercice.<\/p>\n<p class=\"fig-paragraph\">Et les premi\u00e8res r\u00e9actions n\u2019ont pas tard\u00e9. Avant m\u00eame que les premi\u00e8res tendances ne soient confirm\u00e9es, le pr\u00e9sident de la r\u00e9gion des Hauts-de-France Xavier Bertrand a f\u00e9licit\u00e9 Michel Barnier sur le r\u00e9seau social X. \u00abLes Parisiens ont fait le choix d\u2019envoyer \u00e0 l\u2019Assembl\u00e9e Nationale une voix forte et d\u2019exp\u00e9rience\u00a0: dans ce contexte particulier, nous en avons plus que besoin\u00bb, a-t-il \u00e9crit, rejoint quelques minutes plus tard par la maire du 7e arrondissement, Rachida Dati.<\/p>\n<p class=\"fig-paragraph\">\u00abLa droite et le centre l\u2019emportent dans les 3 arrondissements, fruit du travail de terrain que nous menons sans rel\u00e2che depuis des ann\u00e9es\u00bb, a f\u00e9licit\u00e9 la ministre d\u00e9missionnaire de la Culture, qui avait menac\u00e9 au d\u00e9but de l\u2019\u00e9t\u00e9 de se pr\u00e9senter face \u00e0 Michel Barnier, avant de jeter l\u2019\u00e9ponge. \u00abLe Parlement gagne une voix forte pour d\u00e9fendre nos valeurs et l\u2019int\u00e9r\u00eat g\u00e9n\u00e9ral\u00bb, a ajout\u00e9 la pr\u00e9sidente de la r\u00e9gion francilienne Val\u00e9rie P\u00e9cresse.<\/p>\n<p class=\"fig-paragraph\">Des marques de respect qui s\u2019\u00e9tendent m\u00eame jusqu\u2019au sein du bloc central. \u00abCe fut un honneur de travailler \u00e0 tes c\u00f4t\u00e9s et ce sera un bonheur de te retrouver \u00e0 l\u2019Assembl\u00e9e\u00bb, a salu\u00e9 Maud Bregeon, ancienne porte-parole du gouvernement Barnier et d\u00e9put\u00e9e Renaissance des Hauts-de-Seine.<\/p>\n","protected":false},"excerpt":{"rendered":"Le premier ministre \u00e0 ce jour le plus \u00e9ph\u00e9m\u00e8re de la Ve R\u00e9publique devient le seul d\u00e9put\u00e9 LR&hellip;\n","protected":false},"author":2,"featured_media":424510,"comment_status":"","ping_status":"","sticky":false,"template":"","format":"standard","meta":{"footnotes":""},"categories":[4],"tags":[11,1011,27,6319,27636,12,626,25],"class_list":{"0":"post-424509","1":"post","2":"type-post","3":"status-publish","4":"format-standard","5":"has-post-thumbnail","7":"category-france","8":"tag-actualites","9":"tag-fr","10":"tag-france","11":"tag-les-republicains","12":"tag-michel-barnier","13":"tag-news","14":"tag-paris","15":"tag-republique-francaise"},"share_on_mastodon":{"url":"https:\/\/pubeurope.com\/@fr\/115283763219320508","error":""},"_links":{"self":[{"href":"https:\/\/www.europesays.com\/fr\/wp-json\/wp\/v2\/posts\/424509","targetHints":{"allow":["GET"]}}],"collection":[{"href":"https:\/\/www.europesays.com\/fr\/wp-json\/wp\/v2\/posts"}],"about":[{"href":"https:\/\/www.europesays.com\/fr\/wp-json\/wp\/v2\/types\/post"}],"author":[{"embeddable":true,"href":"https:\/\/www.europesays.com\/fr\/wp-json\/wp\/v2\/users\/2"}],"replies":[{"embeddable":true,"href":"https:\/\/www.europesays.com\/fr\/wp-json\/wp\/v2\/comments?post=424509"}],"version-history":[{"count":0,"href":"https:\/\/www.europesays.com\/fr\/wp-json\/wp\/v2\/posts\/424509\/revisions"}],"wp:featuredmedia":[{"embeddable":true,"href":"https:\/\/www.europesays.com\/fr\/wp-json\/wp\/v2\/media\/424510"}],"wp:attachment":[{"href":"https:\/\/www.europesays.com\/fr\/wp-json\/wp\/v2\/media?parent=424509"}],"wp:term":[{"taxonomy":"category","embeddable":true,"href":"https:\/\/www.europesays.com\/fr\/wp-json\/wp\/v2\/categories?post=424509"},{"taxonomy":"post_tag","embeddable":true,"href":"https:\/\/www.europesays.com\/fr\/wp-json\/wp\/v2\/tags?post=424509"}],"curies":[{"name":"wp","href":"https:\/\/api.w.org\/{rel}","templated":true}]}}