{"id":424517,"date":"2025-09-28T20:25:13","date_gmt":"2025-09-28T20:25:13","guid":{"rendered":"https:\/\/www.europesays.com\/fr\/424517\/"},"modified":"2025-09-28T20:25:13","modified_gmt":"2025-09-28T20:25:13","slug":"le-conseil-gagnant-du-staff-sur-le-premier-essai-bayonnais","status":"publish","type":"post","link":"https:\/\/www.europesays.com\/fr\/424517\/","title":{"rendered":"le conseil gagnant du staff sur le premier essai bayonnais"},"content":{"rendered":"<p>            Par<br \/>\n        <strong><br \/>\n            <a href=\"https:\/\/actu.fr\/auteur\/lucas-bertolotto\" title=\"Consulter tous les articles de Lucas Bertolotto\" target=\"_blank\" rel=\"noopener\">Lucas Bertolotto<\/a><br \/>\n        <\/strong><\/p>\n<p>        Publi\u00e9 le<\/p>\n<p>            28 sept. 2025 \u00e0 22h17        <\/p>\n<p>Personne ne saura si <strong>Tom Spring<\/strong> a \u00e9cout\u00e9 son staff ou s\u2019il a jou\u00e9 cette action \u00e0 l\u2019instinct. Ce qui est s\u00fbr, c\u2019est que cette action s\u2019est av\u00e9r\u00e9e gagnante pour l\u2019<strong>Aviron Bayonnais<\/strong> face au <strong>RC Toulon<\/strong> dimanche soir en cl\u00f4ture de la quatri\u00e8me journ\u00e9e du Top 14.<\/p>\n<p>\u00ab C\u2019est Ribbans en face \u00bb<\/p>\n<p class=\" wall-content\">Oppos\u00e9 \u00e0 <strong>Toulon<\/strong> dimanche soir pour le dernier match de la <a href=\"https:\/\/actu.fr\/sports\/rugby\/top-14\/un-changement-de-leader-l-usap-toujours-a-zero-ce-qu-il-faut-retenir-de-la-4eme-journee-de-top-14_63224492.html\" target=\"_blank\" rel=\"noopener\">quatri\u00e8me journ\u00e9e<\/a> de Top 14, l\u2019<strong>Aviron Bayonnais<\/strong> a ouvert le score d\u00e8s la onzi\u00e8me minute de jeu par l\u2019interm\u00e9diaire de <strong>Tom Spring<\/strong>. Un essai qu\u2019un membre du staff basque a provoqu\u00e9 gr\u00e2ce \u00e0 sa vision du jeu depuis le bord de la touche.\u00a0<\/p>\n<p class=\" wall-content\">\n<p class=\" wall-content\">Alors que les Basques b\u00e9n\u00e9ficiaient d\u2019une touche dans les 22 m\u00e8tres toulonnais, le ballon a circul\u00e9 jusqu\u2019\u00e0 l\u2019aile oppos\u00e9e. C\u2019est \u00e0 ce moment qu\u2019un membre du staff de <strong>Bayonne<\/strong> a cri\u00e9 \u00e0 ses joueurs : \u00ab C\u2019est <strong>Ribbans<\/strong> en face, c\u2019est Ribbans. Il faut aller l\u2019attaquer. \u00bb En effet, le deuxi\u00e8me ligne du RCT s\u2019\u00e9tait replac\u00e9 au milieu de ses trois-quarts sur le grand c\u00f4t\u00e9.\u00a0<\/p>\n<p>Ga\u00ebl Dr\u00e9an a r\u00e9duit l\u2019\u00e9cart<\/p>\n<p class=\" wall-content\">Ni une ni deux, les joueurs bayonnais se sont ex\u00e9cut\u00e9s. <strong>Joris Segonds<\/strong> a lanc\u00e9 Tom Spring d\u2019une passe saut\u00e9e pour l\u2019envoyer dans la zone du deuxi\u00e8me ligne anglais. Le jeune international fran\u00e7ais a fait parler ses qualit\u00e9s de vitesse pour prendre l\u2019intervalle entre <strong>David Ribbans<\/strong> et Ga\u00ebl Dr\u00e9an et filer dans l\u2019en-but varois.\u00a0<\/p>\n<p class=\" wall-content\">Un premier essai, suivi d\u2019un mouvement superbe de la premi\u00e8re ligne basque quelques minutes plus tard pour un second essai, qui a permis \u00e0 l\u2019<strong>Aviron<\/strong> de creuser l\u2019\u00e9cart et de virer en t\u00eate \u00e0 la pause contre <a href=\"https:\/\/actu.fr\/sports\/rugby\/top-14\/top-14-le-match-toulon-la-rochelle-reporte-de-15-a-30-minutes-en-raison-de-pluies-diluviennes-sur-le-var_63193859.html\" target=\"_blank\" rel=\"noopener\">Toulon<\/a> malgr\u00e9 la r\u00e9duction du score de <strong>Ga\u00ebl Dr\u00e9an<\/strong> (20-10).<\/p>\n<p class=\" wall-content\">Personnalisez votre actualit\u00e9 en ajoutant vos villes et m\u00e9dias en favori avec <a href=\"https:\/\/moncompte.actu.fr\" title=\"D\u00e9couvez Mon Actu\" rel=\"nofollow noopener\" data-trk=\"{&quot;cta&quot;:{&quot;action&quot;:&quot;https:\\\/\\\/moncompte.actu.fr&quot;,&quot;category&quot;:&quot;mon compte&quot;,&quot;from&quot;:&quot;article footer&quot;,&quot;name&quot;:&quot;Mon actu&quot;,&quot;type&quot;:&quot;cta&quot;}}\" target=\"_blank\">Mon Actu<\/a>.<\/p>\n","protected":false},"excerpt":{"rendered":"Par Lucas Bertolotto Publi\u00e9 le 28 sept. 2025 \u00e0 22h17 Personne ne saura si Tom Spring a \u00e9cout\u00e9&hellip;\n","protected":false},"author":2,"featured_media":424518,"comment_status":"","ping_status":"","sticky":false,"template":"","format":"standard","meta":{"footnotes":""},"categories":[9619],"tags":[1111,11,4736,1777,674,1011,27,12,882,6717,25,479,60,478,2310],"class_list":{"0":"post-424517","1":"post","2":"type-post","3":"status-publish","4":"format-standard","5":"has-post-thumbnail","7":"category-toulon","8":"tag-actu","9":"tag-actualites","10":"tag-aviron-bayonnais","11":"tag-eu","12":"tag-europe","13":"tag-fr","14":"tag-france","15":"tag-news","16":"tag-provence-alpes-cote-dazur","17":"tag-rct-rugby-club-toulonnais","18":"tag-republique-francaise","19":"tag-rugby","20":"tag-sports","21":"tag-top-14","22":"tag-toulon"},"share_on_mastodon":{"url":"https:\/\/pubeurope.com\/@fr\/115283802427811107","error":""},"_links":{"self":[{"href":"https:\/\/www.europesays.com\/fr\/wp-json\/wp\/v2\/posts\/424517","targetHints":{"allow":["GET"]}}],"collection":[{"href":"https:\/\/www.europesays.com\/fr\/wp-json\/wp\/v2\/posts"}],"about":[{"href":"https:\/\/www.europesays.com\/fr\/wp-json\/wp\/v2\/types\/post"}],"author":[{"embeddable":true,"href":"https:\/\/www.europesays.com\/fr\/wp-json\/wp\/v2\/users\/2"}],"replies":[{"embeddable":true,"href":"https:\/\/www.europesays.com\/fr\/wp-json\/wp\/v2\/comments?post=424517"}],"version-history":[{"count":0,"href":"https:\/\/www.europesays.com\/fr\/wp-json\/wp\/v2\/posts\/424517\/revisions"}],"wp:featuredmedia":[{"embeddable":true,"href":"https:\/\/www.europesays.com\/fr\/wp-json\/wp\/v2\/media\/424518"}],"wp:attachment":[{"href":"https:\/\/www.europesays.com\/fr\/wp-json\/wp\/v2\/media?parent=424517"}],"wp:term":[{"taxonomy":"category","embeddable":true,"href":"https:\/\/www.europesays.com\/fr\/wp-json\/wp\/v2\/categories?post=424517"},{"taxonomy":"post_tag","embeddable":true,"href":"https:\/\/www.europesays.com\/fr\/wp-json\/wp\/v2\/tags?post=424517"}],"curies":[{"name":"wp","href":"https:\/\/api.w.org\/{rel}","templated":true}]}}