{"id":424521,"date":"2025-09-28T20:27:14","date_gmt":"2025-09-28T20:27:14","guid":{"rendered":"https:\/\/www.europesays.com\/fr\/424521\/"},"modified":"2025-09-28T20:27:14","modified_gmt":"2025-09-28T20:27:14","slug":"montpellier-capitale-ecologiste-de-lentrisme-communautaire","status":"publish","type":"post","link":"https:\/\/www.europesays.com\/fr\/424521\/","title":{"rendered":"Montpellier, capitale \u00e9cologiste de l\u2019entrisme communautaire ?"},"content":{"rendered":"<p>            Par<br \/>\n        <strong><br \/>\n            <a href=\"https:\/\/actu.fr\/auteur\/c-nithard\" title=\"Consulter tous les articles de C\u00e9dric Nithard\" rel=\"nofollow noopener\" target=\"_blank\">C\u00e9dric Nithard<\/a><br \/>\n        <\/strong><\/p>\n<p>        Publi\u00e9 le<\/p>\n<p>            28 sept. 2025 \u00e0 17h31        <\/p>\n<p>Le torchon br\u00fble chez <strong>les \u00c9cologistes<\/strong> \u00e0 <strong>Montpellier<\/strong>. Ou plut\u00f4t entre <strong>les \u00e9lus de la majorit\u00e9 municipale<\/strong>, suspendus temporairement des Verts, et d\u00e9sormais les instances du parti avec en premier lieu sa secr\u00e9taire nationale. Justement pr\u00e9sente durant deux jours dans l\u2019H\u00e9rault pour les premi\u00e8res rencontres nationales des \u00e9cologistes et des quartiers populaires, <strong>Marine Tondelier<\/strong> en a profit\u00e9 pour clarifier la situation et apporter <strong>un soutien plein et entier \u00e0 Jean-Louis Roum\u00e9gas<\/strong> pour <strong>les municipales<\/strong>. Quant <strong>aux suspendus<\/strong>, il n\u2019y a pas de raison d\u2019en parler selon elle. De quoi mettre en col\u00e8re <strong>Manu Reynaud<\/strong> qui adresse <strong>une lettre ouverte particuli\u00e8rement virulente<\/strong> \u00e0 Marine Tondelier intitul\u00e9e \u00ab\u00a0Pourquoi choisir Montpellier, capitale \u00e9cologiste de l\u2019entrisme communautaire ?\u00a0\u00bb. O\u00f9 comment signer son exclusion d\u00e9finitive\u2026<\/p>\n<p>\u00ab\u00a0Quel fiasco !\u00a0\u00bb<\/p>\n<p class=\" wall-content\">\u00ab\u00a0Ch\u00e8re Marine, Qu\u2019es-tu venue faire dans le marigot des adh\u00e9sions de complaisance montpelli\u00e9raines d\u2019Europe \u00c9cologie-Les Verts ? Quel gage es-tu venue donner \u00e0 un candidat, investi depuis plus de 25 ans gr\u00e2ce \u00e0 des adh\u00e9rent\u00b7es de complaisance qui alimentent tous les deux ou trois ans les congr\u00e8s nationaux ? Quelle ironie, quand m\u00eame ! Adouber Jean-Louis Roum\u00e9gas, qui ne doit toutes ses investitures qu\u2019\u00e0 un entrisme communautaire affich\u00e9 et document\u00e9 par le parti lui-m\u00eame depuis plus de 25 ans\u00a0\u00bb attaque Manu Reynaud.<\/p>\n<p class=\" wall-content\">Quant \u00e0 l\u2019\u00e9v\u00e9nement du week-end, l\u2019\u00e9lue montpelli\u00e9rain note avec une pointe d\u2019aigreur : \u00ab\u00a0Il n\u2019y avait pas plus de 80 personnes ce samedi \u00e0 Montpellier pour ce forum national des quartiers populaires, et moins de 60 dimanche, en comptant plusieurs dizaines d\u2019\u00e9lu\u00b7es et de collaborateur\u00b7ices \u00e9colos ainsi que des repr\u00e9sentant\u00b7es d\u2019associations d\u2019un r\u00e9seau national. Il y a pourtant eu des affiches dans toute la ville, et les Verts revendiquent plus de 500 adh\u00e9rent\u00b7es \u00e0 Montpellier. Quel fiasco ! Quelle organisation locale d\u00e9faillante !\u00a0\u00bb.<\/p>\n<p>\u00ab\u00a0des adh\u00e9sions de complaisance communautaires\u00a0\u00bb<\/p>\n<p class=\" wall-content\">Manu Reynaud encha\u00eene ensuite sur un autre terrain ; beaucoup plus glissant. \u00ab\u00a0Montpellier est connue, chez les \u00e9cologistes, pour collectionner des centaines d\u2019adh\u00e9sions de complaisance communautaires \u00e0 un euro, o\u00f9 des familles enti\u00e8res adh\u00e8rent et viennent voter \u00e0 la veille des investitures ou des congr\u00e8s nationaux. Les Verts de Montpellier sont gangr\u00e9n\u00e9s par un entrisme communautaire depuis plus de 25 ans : un entrisme qui ne se cache m\u00eame plus. Adh\u00e9rer \u00e0 un euro et, c\u2019est la promesse, vous aurez des \u00e9lu\u00b7es, de pr\u00e9f\u00e9rence masculins. En r\u00e9alit\u00e9, cette greffe sous couvert de fausses cartes n\u2019a jamais pris, car elle est principalement bas\u00e9e sur un entrisme communautaire qui cherche une repr\u00e9sentation co\u00fbte que co\u00fbte et se travestit par de pseudo-discours \u00e9cologistes\u00a0\u00bb r\u00e9v\u00e8le-t-il en ayant lui-m\u00eame occup\u00e9 des responsabilit\u00e9s au sein du groupe local pendant plusieurs ann\u00e9es.<\/p>\n<p>Vid\u00e9os : en ce moment sur Actu<\/p>\n<p class=\" wall-content\">\u00ab\u00a0Jusqu\u2019\u00e0 ce jour, aucune greffe n\u2019a pris \u00e0 Montpellier. Tous les protagonistes successifs de ces strat\u00e9gies d\u2019entrisme communautaire \u2013 Olivier Taoumi, Mustapha Majdoul et Maffoud Benali \u2013 ont r\u00e9v\u00e9l\u00e9 la vraie nature de leur investissement : se faire \u00e9lire \u00e0 tout prix, sans aucun \u00e9gard pour l\u2019\u00e9cologie in fine. Certains d\u2019entre eux ont fini\u00a0 loin de la gauche, au point de rejoindre pour l\u2019un d\u2019entre eux le Rassemblement National\u00a0\u00bb ajoute Manu Reynaud qui compl\u00e8te : \u00ab\u00a0La greffe n\u2019a jamais pris, parce qu\u2019\u00e0 Montpellier, elle n\u2019\u00e9tait pas sinc\u00e8re. Et elle ne l\u2019est toujours pas pour les porteurs de cartes actuels. Le groupe local est m\u00eame l\u2019exemple de ce qu\u2019il ne faut pas faire !\u00a0\u00bb.<\/p>\n<p>\u00ab\u00a0Il faut l\u2019union de la gauche et des \u00e9cologistes\u00a0\u00bb<\/p>\n<p class=\" wall-content\">Et si le groupe des \u00e9lus, suspendus des Verts pour continuer une d\u00e9marche de rapprochement avec Micha\u00ebl Delafosse au sein des \u00c9cologistes pour Montpellier <a href=\"https:\/\/actu.fr\/occitanie\/montpellier_34172\/montpellier-les-ecologistes-partiront-aux-municipales-sans-michael-delafosse-et-le-parti-socialiste_62817815.html\" rel=\"nofollow noopener\" target=\"_blank\">contrairement \u00e0 la strat\u00e9gie adopt\u00e9e par le groupe local<\/a>, avait espoir de pouvoir \u00e9changer avec Marine Tondelier, ce ne fut pas le cas. \u00ab\u00a0Nous aurions pourtant \u00e9t\u00e9 ravi\u00b7es de te faire rencontrer les acteurs et actrices de terrain, les politiques publiques qui sont men\u00e9es et dont nous sommes fier\u00b7es localement. Ces politiques sont reconnues nationalement et changent la vie des gens\u00a0\u00bb regrette fortement Manu Reynaud en interrogeant : \u00ab\u00a0Pourquoi venir \u00e0 Montpellier sans rencontrer le maire ni les \u00e9lu\u00b7es \u00e9cologistes en responsabilit\u00e9, qui auraient pu \u00e9changer avec toi sur les politiques men\u00e9es \u00e0 Montpellier ? Si la gauche et les \u00e9cologistes doivent travailler ensemble pour gagner la pr\u00e9sidentielle de 2027, pourquoi ne pas commencer dans les villes de gauche et \u00e9cologistes ?\u00a0\u00bb.<\/p>\n<p>Votre r\u00e9gion, votre actu !<\/p>\n<p>Recevez chaque jour les infos qui comptent pour vous.<\/p>\n<p>\t<a href=\"https:\/\/actu.fr\/newsletter\" class=\"ac-btn ac-btn--corner ac-btn--medium ac-btn--blue800\" rel=\"nofollow noopener\" target=\"_blank\">S&rsquo;incrire<\/a><\/p>\n<p class=\" wall-content\">Ce dernier aurait ainsi aim\u00e9 d\u00e9fendre le bilan au sein de l\u2019ex\u00e9cutif. \u00ab\u00a0\u00c0 Montpellier, l\u2019immense majorit\u00e9 du contrat pass\u00e9 devant les \u00e9lecteurs en 2020, dans le cadre d\u2019une majorit\u00e9 de gauche et \u00e9cologiste, a \u00e9t\u00e9 remplie. Les Montpelli\u00e9rain\u00b7es le savent bien et le constatent tous les jours dans l\u2019espace public, dans leur pouvoir d\u2019achat, dans leur fa\u00e7on de se d\u00e9placer\u00a0\u00bb argumente-t-il en se projetant sur les \u00e9ch\u00e9ances \u00e0 venir : \u00ab\u00a0Il faut l\u2019union de la gauche et des \u00e9cologistes pour la pr\u00e9sidentielle : nous sommes d\u2019accord, et tu le portes et le d\u00e9montres tous les jours. Mais il faut aussi le porter et le d\u00e9montrer pour les \u00e9lections municipales.\u00a0 C\u2019est ce que les Fran\u00e7ais\u00b7es attendent, et ici, \u00e0 Montpellier, c\u2019est ce que les Montpelli\u00e9rain\u00b7es souhaitent\u00a0\u00bb.<\/p>\n<p>\u00ab\u00a0pr\u00e9sident du seul groupe d\u2019\u00e9lu-es \u00e9cologiste dans une majorit\u00e9 municipale de toute l\u2019Occitanie\u00a0\u00bb<\/p>\n<p class=\" wall-content\">Malgr\u00e9 les sanctions et d\u2019\u00eatre d\u00e9sormais \u00e0 la marge du parti, Manu Reynaud n\u2019en d\u00e9mord pas. \u00ab\u00a0S\u2019il faut garder le drapeau de l\u2019\u00e9cologie, nous continuerons \u00e0 le porter \u00e0 Montpellier. Nous n\u2019abandonnerons pas le combat. Je ne doute pas que des citoyen\u00b7nes r\u00e9ellement engag\u00e9\u00b7es sauront reconstruire un mouvement \u00e9cologiste sinc\u00e8re, unitaire et respectueux de la diversit\u00e9 et de l\u2019\u00e9galit\u00e9 femmes-hommes. C\u2019est ce que nous avons commenc\u00e9 avec \u00c9cologistes pour Montpellier devant la d\u00e9faillance du groupe local\u00a0\u00bb lance-t-il.<\/p>\n<p class=\" wall-content\">Et d\u2019adresser un dernier message \u00e0 Marine Tondelier tel un amoureux \u00e9conduit pour la \u00e9ni\u00e8me fois et gardant tout espoir : \u00ab\u00a0Le d\u00e9p\u00f4t des listes est possible jusqu\u2019au 26 f\u00e9vrier : nous avons cinq mois pour tenter de rassembler la gauche et les \u00e9cologistes sur un projet \u00e0 Montpellier. Tu peux compter sur les \u00c9cologistes pour Montpellier pour s\u2019y employer avec d\u00e9termination\u00a0\u00bb. En signant : \u00ab\u00a0Manu Reynaud, pr\u00e9sident du seul groupe d\u2019\u00e9lu-es \u00e9cologiste dans une majorit\u00e9 municipale de toute l\u2019Occitanie\u00a0\u00bb. Une signature comme un post-scriptum conservant le go\u00fbt de la victoire \u00e0 une lettre qui risque d\u2019acter pour le groupe son exclusion d\u00e9finitive des Verts en \u00e9tant bien d\u00e9termin\u00e9 \u00e0 se ranger derri\u00e8re Micha\u00ebl Delafosse. Quitte \u00e0 aller contre son propre parti.<\/p>\n<p class=\" wall-content\">Personnalisez votre actualit\u00e9 en ajoutant vos villes et m\u00e9dias en favori avec <a href=\"https:\/\/moncompte.actu.fr\" title=\"D\u00e9couvez Mon Actu\" rel=\"nofollow noopener\" data-trk=\"{&quot;cta&quot;:{&quot;action&quot;:&quot;https:\\\/\\\/moncompte.actu.fr&quot;,&quot;category&quot;:&quot;mon compte&quot;,&quot;from&quot;:&quot;article footer&quot;,&quot;name&quot;:&quot;Mon actu&quot;,&quot;type&quot;:&quot;cta&quot;}}\" target=\"_blank\">Mon Actu<\/a>.<\/p>\n","protected":false},"excerpt":{"rendered":"Par C\u00e9dric Nithard Publi\u00e9 le 28 sept. 2025 \u00e0 17h31 Le torchon br\u00fble chez les \u00c9cologistes \u00e0 Montpellier.&hellip;\n","protected":false},"author":2,"featured_media":424522,"comment_status":"","ping_status":"","sticky":false,"template":"","format":"standard","meta":{"footnotes":""},"categories":[9599],"tags":[1111,11,4188,1777,674,1011,27,2208,12,2680,316,25],"class_list":{"0":"post-424521","1":"post","2":"type-post","3":"status-publish","4":"format-standard","5":"has-post-thumbnail","7":"category-montpellier","8":"tag-actu","9":"tag-actualites","10":"tag-elections-municipales","11":"tag-eu","12":"tag-europe","13":"tag-fr","14":"tag-france","15":"tag-montpellier","16":"tag-news","17":"tag-occitanie","18":"tag-politique","19":"tag-republique-francaise"},"share_on_mastodon":{"url":"https:\/\/pubeurope.com\/@fr\/115283810223094671","error":""},"_links":{"self":[{"href":"https:\/\/www.europesays.com\/fr\/wp-json\/wp\/v2\/posts\/424521","targetHints":{"allow":["GET"]}}],"collection":[{"href":"https:\/\/www.europesays.com\/fr\/wp-json\/wp\/v2\/posts"}],"about":[{"href":"https:\/\/www.europesays.com\/fr\/wp-json\/wp\/v2\/types\/post"}],"author":[{"embeddable":true,"href":"https:\/\/www.europesays.com\/fr\/wp-json\/wp\/v2\/users\/2"}],"replies":[{"embeddable":true,"href":"https:\/\/www.europesays.com\/fr\/wp-json\/wp\/v2\/comments?post=424521"}],"version-history":[{"count":0,"href":"https:\/\/www.europesays.com\/fr\/wp-json\/wp\/v2\/posts\/424521\/revisions"}],"wp:featuredmedia":[{"embeddable":true,"href":"https:\/\/www.europesays.com\/fr\/wp-json\/wp\/v2\/media\/424522"}],"wp:attachment":[{"href":"https:\/\/www.europesays.com\/fr\/wp-json\/wp\/v2\/media?parent=424521"}],"wp:term":[{"taxonomy":"category","embeddable":true,"href":"https:\/\/www.europesays.com\/fr\/wp-json\/wp\/v2\/categories?post=424521"},{"taxonomy":"post_tag","embeddable":true,"href":"https:\/\/www.europesays.com\/fr\/wp-json\/wp\/v2\/tags?post=424521"}],"curies":[{"name":"wp","href":"https:\/\/api.w.org\/{rel}","templated":true}]}}