{"id":424523,"date":"2025-09-28T20:29:18","date_gmt":"2025-09-28T20:29:18","guid":{"rendered":"https:\/\/www.europesays.com\/fr\/424523\/"},"modified":"2025-09-28T20:29:18","modified_gmt":"2025-09-28T20:29:18","slug":"pres-de-rouen-cet-hopital-cree-une-salle-speciale-pour-reconforter-et-apaiser-les-enfants","status":"publish","type":"post","link":"https:\/\/www.europesays.com\/fr\/424523\/","title":{"rendered":"Pr\u00e8s de Rouen, cet h\u00f4pital cr\u00e9e une salle sp\u00e9ciale pour r\u00e9conforter et apaiser les enfants"},"content":{"rendered":"<p>            Par<br \/>\n        <strong><br \/>\n            <a href=\"https:\/\/actu.fr\/auteur\/emilien-jacques\" title=\"Consulter tous les articles de Emilien Jacques\" target=\"_blank\" rel=\"noopener\">Emilien Jacques<\/a><br \/>\n        <\/strong><\/p>\n<p>        Publi\u00e9 le<\/p>\n<p>            28 sept. 2025 \u00e0 21h15        <\/p>\n<p>Dans la salle Snoezelen, on ressent instantan\u00e9ment l\u2019ambiance apaisante et <b>r\u00e9confortante <\/b>dans laquelle seront immerg\u00e9s les <b>enfants hospitalis\u00e9s <\/b>aux Feugrais, \u00e0 <a href=\"https:\/\/actu.fr\/normandie\/saint-aubin-les-elbeuf_76561\" target=\"_blank\" rel=\"noopener\">Saint-Aubin-l\u00e8s-Elbeuf (Seine-Maritime)<\/a>. Un espace proposant une exp\u00e9rience relaxante et <b>multisensorielle<\/b>, bien nomm\u00e9 Lumin\u2019 et Sens.<\/p>\n<p>Exploration et relaxation<\/p>\n<p class=\" wall-content\">Isabelle Cr\u00e9pin, \u00e9ducatrice jeunes enfants dans le service <b>p\u00e9diatrie <\/b>de ce site du CHI Elbeuf \u2013 Louviers -Val-de-Reuil, pr\u00e9sente la salle Snoezelen comme \u00ab\u2009ax\u00e9e sur <b>l\u2019exploration <\/b>et la relaxation, et con\u00e7ue pour le multisensoriel\u2009\u00bb.<\/p>\n<p class=\" wall-content\">Mais concr\u00e8tement, \u00e0 quoi cela ressemble\u2009? Une pi\u00e8ce tamis\u00e9e, illumin\u00e9e par des colonnes de lumi\u00e8re color\u00e9es, jonch\u00e9e d\u2019objets d\u2019\u00e9veil et fluorescents en tout genre. La pi\u00e8ce<b> Lumin\u2019 et Sens<\/b> est pens\u00e9e pour permettre aux plus petits comme aux plus grands de s\u2019\u00e9panouir, d\u2019\u00e9vacuer <b>l\u2019angoisse <\/b>de l\u2019hospitalisation.<\/p>\n<p class=\" wall-content\">Pour <b>l\u2019\u00e9veil<\/b>, une piscine \u00e0 balle, un bateau \u00e0 bascule, des animaux lest\u00e9s. Pour l\u2019effet <b>relaxant<\/b>, un fond sonore diffusant des bruits naturels, des b\u00e2tons de pluie et des balles anti-stress. Ce moment pass\u00e9 dans cette bulle de r\u00e9confort s\u2019apparentera \u00e0 un v\u00e9ritable moment <b>d\u2019\u00e9vasion<\/b>.<\/p>\n<p>Une libert\u00e9 d\u2019action<\/p>\n<p class=\" wall-content\">Les jeunes pensionnaires du service p\u00e9diatrie auront acc\u00e8s \u00e0 cette salle sous forme de s\u00e9ances de 20 \u00e0 40\u00a0minutes, en fonction de l\u2019\u00e2ge, de 1 \u00e0 16\u00a0ans, et des besoins de l\u2019enfant.<\/p>\n<p class=\" wall-content\">Durant ce temps, ils seront encadr\u00e9s par une <b>psychomotricienne <\/b>et les quatre r\u00e9f\u00e9rentes de la salle Snoezelen, dont l\u2019auxiliaire <b>pu\u00e9ricultrice <\/b>C\u00e9line Sanchez, l\u2019agent de service hospitalier Jessica Dejonghas, l\u2019infirmi\u00e8re pu\u00e9ricultrice Franca Drouet et la pr\u00e9sidente de l\u2019association <b>Les P\u2019tits Doudous<\/b>, Laurence Campan, sans qui ce projet ne se serait pas concr\u00e9tis\u00e9.<\/p>\n<p>Les P\u2019tits Doudous<\/p>\n<p class=\" wall-content\">L\u2019association Les P\u2019tits Doudous de l\u2019h\u00f4pital a propos\u00e9 le projet Lumin\u2019 et Sens dans le cadre de la Nuit du Bien Commun, en mai\u00a02024 \u00e0 Canteleu.<\/p>\n<p>Votre r\u00e9gion, votre actu !<\/p>\n<p>Recevez chaque jour les infos qui comptent pour vous.<\/p>\n<p>\t<a href=\"https:\/\/actu.fr\/newsletter\" class=\"ac-btn ac-btn--corner ac-btn--medium ac-btn--blue800\" target=\"_blank\" rel=\"noopener\">S&rsquo;incrire<\/a><\/p>\n<p class=\" wall-content\">Durant cette soir\u00e9e, ce projet a trouv\u00e9 des <b>financements <\/b>aupr\u00e8s d\u2019entreprises et particuliers qui ont contribu\u00e9 \u00e0 hauteur de <b>7\u2009300\u00a0euros<\/b> pour la cr\u00e9ation de la salle Snoezelen.<\/p>\n<blockquote class=\"ac-article-quote wall-content\">\n<p>On a tout de suite trouv\u00e9 ces donateurs, on en est tr\u00e8s heureux et tr\u00e8s fiers.<\/p>\n<p>Laurence Campan, pr\u00e9sidente de l\u2019association Les P\u2019tits Doudous.<\/p><\/blockquote>\n<p class=\" wall-content\">Son association Les P\u2019tits Doudous a pour but am\u00e9liorer le <b>quotidien <\/b>des enfants du service p\u00e9diatrie, et m\u00eame plus globalement des patients du CHI, \u00ab\u2009dans une d\u00e9marche de bien-traitance et <b>d\u2019humanisation <\/b>des services\u2009\u00bb, comme elle le rappelle.<\/p>\n<p class=\" wall-content\">En attendant d\u2019autres initiatives qui ne sauraient tarder, Laurence Campan, au nom de tout le service, se dit \u00ab\u2009heureuse d\u2019offrir cette pi\u00e8ce \u00e0 tous les enfants de p\u00e9diatrie.\u2009\u00bb Nul doute qu\u2019ils seront tout aussi heureux d\u2019y passer du temps.<\/p>\n<p class=\" wall-content\">Personnalisez votre actualit\u00e9 en ajoutant vos villes et m\u00e9dias en favori avec <a href=\"https:\/\/moncompte.actu.fr\" title=\"D\u00e9couvez Mon Actu\" rel=\"nofollow noopener\" data-trk=\"{&quot;cta&quot;:{&quot;action&quot;:&quot;https:\\\/\\\/moncompte.actu.fr&quot;,&quot;category&quot;:&quot;mon compte&quot;,&quot;from&quot;:&quot;article footer&quot;,&quot;name&quot;:&quot;Mon actu&quot;,&quot;type&quot;:&quot;cta&quot;}}\" target=\"_blank\">Mon Actu<\/a>.<\/p>\n","protected":false},"excerpt":{"rendered":"Par Emilien Jacques Publi\u00e9 le 28 sept. 2025 \u00e0 21h15 Dans la salle Snoezelen, on ressent instantan\u00e9ment l\u2019ambiance&hellip;\n","protected":false},"author":2,"featured_media":424524,"comment_status":"","ping_status":"","sticky":false,"template":"","format":"standard","meta":{"footnotes":""},"categories":[9587],"tags":[1111,11,1719,1777,674,1011,27,12,5161,10585,25,9590,71,104],"class_list":{"0":"post-424523","1":"post","2":"type-post","3":"status-publish","4":"format-standard","5":"has-post-thumbnail","7":"category-rouen","8":"tag-actu","9":"tag-actualites","10":"tag-enfants","11":"tag-eu","12":"tag-europe","13":"tag-fr","14":"tag-france","15":"tag-news","16":"tag-normandie","17":"tag-petite-enfance","18":"tag-republique-francaise","19":"tag-rouen","20":"tag-sante","21":"tag-societe"},"share_on_mastodon":{"url":"https:\/\/pubeurope.com\/@fr\/115283818130434762","error":""},"_links":{"self":[{"href":"https:\/\/www.europesays.com\/fr\/wp-json\/wp\/v2\/posts\/424523","targetHints":{"allow":["GET"]}}],"collection":[{"href":"https:\/\/www.europesays.com\/fr\/wp-json\/wp\/v2\/posts"}],"about":[{"href":"https:\/\/www.europesays.com\/fr\/wp-json\/wp\/v2\/types\/post"}],"author":[{"embeddable":true,"href":"https:\/\/www.europesays.com\/fr\/wp-json\/wp\/v2\/users\/2"}],"replies":[{"embeddable":true,"href":"https:\/\/www.europesays.com\/fr\/wp-json\/wp\/v2\/comments?post=424523"}],"version-history":[{"count":0,"href":"https:\/\/www.europesays.com\/fr\/wp-json\/wp\/v2\/posts\/424523\/revisions"}],"wp:featuredmedia":[{"embeddable":true,"href":"https:\/\/www.europesays.com\/fr\/wp-json\/wp\/v2\/media\/424524"}],"wp:attachment":[{"href":"https:\/\/www.europesays.com\/fr\/wp-json\/wp\/v2\/media?parent=424523"}],"wp:term":[{"taxonomy":"category","embeddable":true,"href":"https:\/\/www.europesays.com\/fr\/wp-json\/wp\/v2\/categories?post=424523"},{"taxonomy":"post_tag","embeddable":true,"href":"https:\/\/www.europesays.com\/fr\/wp-json\/wp\/v2\/tags?post=424523"}],"curies":[{"name":"wp","href":"https:\/\/api.w.org\/{rel}","templated":true}]}}