{"id":424525,"date":"2025-09-28T20:33:00","date_gmt":"2025-09-28T20:33:00","guid":{"rendered":"https:\/\/www.europesays.com\/fr\/424525\/"},"modified":"2025-09-28T20:33:00","modified_gmt":"2025-09-28T20:33:00","slug":"pro-d2-on-ramene-un-point-mais-battu-de-peu-a-brive-le-fcg-pouvait-esperer-mieux-quun-bonus-defensif","status":"publish","type":"post","link":"https:\/\/www.europesays.com\/fr\/424525\/","title":{"rendered":"Pro D2. \u00ab\u00a0On ram\u00e8ne un point mais&#8230;\u00a0\u00bb\u00a0: battu de peu\u00a0\u00e0 Brive, le FCG pouvait esp\u00e9rer mieux qu\u2019un bonus d\u00e9fensif"},"content":{"rendered":"<p class=\"insetTitle\">R\u00e9actions<\/p>\n<p><strong>Patrick Pezery (Grenoble, co-entra\u00eeneur)<\/strong> : \u00ab\u00a0Les sentiments sont mitig\u00e9s apr\u00e8s ce match. On ram\u00e8ne un point mais on a le sentiment qu\u2019on pouvait avoir mieux. Apr\u00e8s, on sait que Brive a des moyens sup\u00e9rieurs aux n\u00f4tres. On s\u2019\u00e9tait fix\u00e9 des objectifs sur le comportement\u00a0et la d\u00e9termination. Et sur l\u2019envie que les joueurs ont montr\u00e9e, je pense qu\u2019on a eu des vraies r\u00e9ponses. Dans l\u2019ensemble, je pense que c\u2019est un match sur lesquelles on peut b\u00e2tir pas mal de choses. La semaine prochaine (contre Provence Rugby), il faudra mettre la m\u00eame chose, au minimum, car on conna\u00eet les qualit\u00e9s de cette \u00e9quipe, son effectif et ses moyens. Il faudra au moins cette d\u00e9termination, tout en gommant les d\u00e9tails qui n\u2019ont pas \u00e9t\u00e9 ce soir (lire vendredi). Et \u00eatre plus pr\u00e9cis sur beaucoup de choses.\u00a0\u00bb<\/p>\n<p><strong>Victor Guillaumond (Grenoble, 3e ligne) :<\/strong> \u00ab On \u00e9tait sorti extr\u00eamement frustr\u00e9s la semaine derni\u00e8re (Nevers, 20-17), \u00e0 juste raison. Ce soir (lire vendredi), on s\u2019\u00e9tait dit des choses, sur l\u2019envie, sur l\u2019engagement, il ne fallait pas se tromper. Et surtout, il fallait le faire pendant 80 minutes. Honn\u00eatement, sur mon ressenti \u00e0 chaud, c\u2019est chose faite. Apr\u00e8s, un match \u00e0 l\u2019ext\u00e9rieur, \u00e7a se joue sur quelques d\u00e9tails, on n\u2019a pu le voir en deuxi\u00e8me mi-temps. Jusqu\u2019\u00e0 l\u2019essai qu\u2019on prend, dans le bras de fer, on y est. Malgr\u00e9 \u00e7a, on reste dedans, on n\u2019est pas abattus. Direct, on a remis la marche avant. Et \u00e7a, c\u2019est l\u2019\u00e9tat d\u2019esprit \u00e0 conserver, m\u00eame si la victoire n\u2019est pas l\u00e0. Ce point, on est all\u00e9 se le chercher. Et je le redis, en termes d\u2019engagement, on n\u2019a pas \u00e0 rougir. \u00bb<\/p>\n<p><strong>Julien Tisseron (Brive, ailier) :<\/strong> \u00ab On ne s\u2019\u00e9tait pas imagin\u00e9 perdre ce match. Et si on l\u2019avait perdu \u00e0 la fin, \u00e7a nous aurait fait ch\u2026 Je trouve qu\u2019on a fait un match assez complet dans l\u2019ensemble. En premi\u00e8re mi-temps, on a su jouer chez eux, rester unis entre avants et trois-quarts ; ce qu\u2019on n\u2019avait pas fait \u00e0 Biarritz (d\u00e9faite 20-41). Le retour de deuxi\u00e8me mi-temps nous a mis un peu en difficult\u00e9. On n\u2019a pas eu trop le ballon, on a beaucoup subi face \u00e0 des Grenoblois qui d\u00e9pla\u00e7aient le ballon. Mais on a su faire front et on va retenir la victoire. L\u2019essai de Curwin (Bosch) nous fait du bien car on ne trouvait pas trop de solution. C\u2019est un bel exploit de sa part et il nous fait vraiment du bien. \u00bb<\/p>\n","protected":false},"excerpt":{"rendered":"R\u00e9actions Patrick Pezery (Grenoble, co-entra\u00eeneur) : \u00ab\u00a0Les sentiments sont mitig\u00e9s apr\u00e8s ce match. On ram\u00e8ne un point mais&hellip;\n","protected":false},"author":2,"featured_media":424526,"comment_status":"","ping_status":"","sticky":false,"template":"","format":"standard","meta":{"footnotes":""},"categories":[9566],"tags":[1111,11,2430,112,113,114,1777,674,2727,107,1701,1011,27,2731,2732,108,12,2308,25,479,517,1947],"class_list":{"0":"post-424525","1":"post","2":"type-post","3":"status-publish","4":"format-standard","5":"has-post-thumbnail","7":"category-grenoble","8":"tag-actu","9":"tag-actualites","10":"tag-auvergne-rhone-alpes","11":"tag-edition-grenoble-agglomeration","12":"tag-edition-gresivaudan-oisans","13":"tag-edition-voiron-saint-marcellin","14":"tag-eu","15":"tag-europe","16":"tag-fcg-fc-grenoble-rugby","17":"tag-fil-info","18":"tag-fil-info-sport","19":"tag-fr","20":"tag-france","21":"tag-grenoble","22":"tag-grenoble-bassin","23":"tag-isere","24":"tag-news","25":"tag-pro-d2","26":"tag-republique-francaise","27":"tag-rugby","28":"tag-sport","29":"tag-sport-national"},"share_on_mastodon":{"url":"https:\/\/pubeurope.com\/@fr\/115283833841291750","error":""},"_links":{"self":[{"href":"https:\/\/www.europesays.com\/fr\/wp-json\/wp\/v2\/posts\/424525","targetHints":{"allow":["GET"]}}],"collection":[{"href":"https:\/\/www.europesays.com\/fr\/wp-json\/wp\/v2\/posts"}],"about":[{"href":"https:\/\/www.europesays.com\/fr\/wp-json\/wp\/v2\/types\/post"}],"author":[{"embeddable":true,"href":"https:\/\/www.europesays.com\/fr\/wp-json\/wp\/v2\/users\/2"}],"replies":[{"embeddable":true,"href":"https:\/\/www.europesays.com\/fr\/wp-json\/wp\/v2\/comments?post=424525"}],"version-history":[{"count":0,"href":"https:\/\/www.europesays.com\/fr\/wp-json\/wp\/v2\/posts\/424525\/revisions"}],"wp:featuredmedia":[{"embeddable":true,"href":"https:\/\/www.europesays.com\/fr\/wp-json\/wp\/v2\/media\/424526"}],"wp:attachment":[{"href":"https:\/\/www.europesays.com\/fr\/wp-json\/wp\/v2\/media?parent=424525"}],"wp:term":[{"taxonomy":"category","embeddable":true,"href":"https:\/\/www.europesays.com\/fr\/wp-json\/wp\/v2\/categories?post=424525"},{"taxonomy":"post_tag","embeddable":true,"href":"https:\/\/www.europesays.com\/fr\/wp-json\/wp\/v2\/tags?post=424525"}],"curies":[{"name":"wp","href":"https:\/\/api.w.org\/{rel}","templated":true}]}}