{"id":424537,"date":"2025-09-28T20:42:29","date_gmt":"2025-09-28T20:42:29","guid":{"rendered":"https:\/\/www.europesays.com\/fr\/424537\/"},"modified":"2025-09-28T20:42:29","modified_gmt":"2025-09-28T20:42:29","slug":"une-femme-retrouvee-decedee-apres-un-choc-avec-une-voiture-la-nuit-derniere-au-sud-de-nantes","status":"publish","type":"post","link":"https:\/\/www.europesays.com\/fr\/424537\/","title":{"rendered":"Une femme retrouv\u00e9e d\u00e9c\u00e9d\u00e9e apr\u00e8s un choc avec une voiture la nuit derni\u00e8re au sud de Nantes"},"content":{"rendered":"<tr wp_automatic_readability=\"2.9333333333333\">\n<td valign=\"middle\" align=\"center\" class=\"col-logo\">\n    <img decoding=\"async\" src=\"https:\/\/www.europesays.com\/fr\/wp-content\/uploads\/2025\/04\/presse-ocean.gif\" alt=\"logo Presse-Oc\u00e9an\" height=\"66\"\/><\/p>\n<\/td>\n<td class=\"col-titre\">\n\t\t\tDimanche 28 septembre 2025 07:21<br \/>\n\t\t\t<a class=\"icon-bulle sizeL count\" href=\"#ancreAvis\"><br \/>\n\t&#8230;<br \/>\n<\/a><\/td>\n<\/tr>\n<p>\t\t<a class=\"mavillebox2 elmt-photo\" href=\"https:\/\/maville.com\/photosmvi\/2025\/09\/28\/P35490218D6996520G.jpg\" title=\" Les secours n\u2019ont pas sauver la victime.  \u00a9  Photo illustration Presse Oc\u00e9an  &lt;!--TAG-BLC credit--&gt;\" rel=\"galerie_actu noopener\" target=\"_blank\"><br \/>\n\t<img decoding=\"async\" src=\"https:\/\/www.europesays.com\/fr\/wp-content\/uploads\/2025\/09\/P35490218D6996520G_crop_640-330_.jpg\" alt=\"photo  les secours n\u2019ont pas sauver la victime.  \u00a9  photo illustration presse oc\u00e9an \"\/><br \/>\n\t1<br \/>\n<\/a><\/p>\n<p class=\"elmt-legende\"> Les secours n\u2019ont pas sauver la victime.  \u00a9  Photo illustration Presse Oc\u00e9an  <\/p>\n<p>\t\tVers 1\u00a0h, dans la nuit du samedi\u00a027 au dimanche 28\u00a0septembre 2025, un drame est survenu \u00e0 Machecoul-Saint-M\u00eame. Heurt\u00e9e par une voiture, une femme a \u00e9t\u00e9 retrouv\u00e9e d\u00e9c\u00e9d\u00e9e.<\/p>\n<p><b>Cet article est r\u00e9serv\u00e9 aux abonn\u00e9s<\/b><\/p>\n<p>Pour un acc\u00e8s imm\u00e9diat, abonnez-vous<\/p>\n<p><b>1\u00e8re semaine offerte<\/b><\/p>\n<p>\t\t Presse Oc\u00e9an \u00a0\u00a0<br \/>\n\t\tPresse-Oc\u00e9an<\/p>\n<p>Retrouvez d&rsquo;autres actus sur les communes de :<\/p>\n<p>\t\t&#13;<\/p>\n","protected":false},"excerpt":{"rendered":"Dimanche 28 septembre 2025 07:21 &#8230; 1 Les secours n\u2019ont pas sauver la victime. \u00a9 Photo illustration Presse&hellip;\n","protected":false},"author":2,"featured_media":424538,"comment_status":"","ping_status":"","sticky":false,"template":"","format":"standard","meta":{"footnotes":""},"categories":[2818],"tags":[1111,11,2918,38444,9424,1777,674,1294,1011,27,766,12,293,2636,25,14835,7053,4752],"class_list":{"0":"post-424537","1":"post","2":"type-post","3":"status-publish","4":"format-standard","5":"has-post-thumbnail","7":"category-nantes","8":"tag-actu","9":"tag-actualites","10":"tag-choc","11":"tag-decedee","12":"tag-derniere","13":"tag-eu","14":"tag-europe","15":"tag-femme","16":"tag-fr","17":"tag-france","18":"tag-nantes","19":"tag-news","20":"tag-nuit","21":"tag-pays-de-la-loire","22":"tag-republique-francaise","23":"tag-retrouvee","24":"tag-sud","25":"tag-voiture"},"share_on_mastodon":{"url":"https:\/\/pubeurope.com\/@fr\/115283869855142848","error":""},"_links":{"self":[{"href":"https:\/\/www.europesays.com\/fr\/wp-json\/wp\/v2\/posts\/424537","targetHints":{"allow":["GET"]}}],"collection":[{"href":"https:\/\/www.europesays.com\/fr\/wp-json\/wp\/v2\/posts"}],"about":[{"href":"https:\/\/www.europesays.com\/fr\/wp-json\/wp\/v2\/types\/post"}],"author":[{"embeddable":true,"href":"https:\/\/www.europesays.com\/fr\/wp-json\/wp\/v2\/users\/2"}],"replies":[{"embeddable":true,"href":"https:\/\/www.europesays.com\/fr\/wp-json\/wp\/v2\/comments?post=424537"}],"version-history":[{"count":0,"href":"https:\/\/www.europesays.com\/fr\/wp-json\/wp\/v2\/posts\/424537\/revisions"}],"wp:featuredmedia":[{"embeddable":true,"href":"https:\/\/www.europesays.com\/fr\/wp-json\/wp\/v2\/media\/424538"}],"wp:attachment":[{"href":"https:\/\/www.europesays.com\/fr\/wp-json\/wp\/v2\/media?parent=424537"}],"wp:term":[{"taxonomy":"category","embeddable":true,"href":"https:\/\/www.europesays.com\/fr\/wp-json\/wp\/v2\/categories?post=424537"},{"taxonomy":"post_tag","embeddable":true,"href":"https:\/\/www.europesays.com\/fr\/wp-json\/wp\/v2\/tags?post=424537"}],"curies":[{"name":"wp","href":"https:\/\/api.w.org\/{rel}","templated":true}]}}