{"id":424543,"date":"2025-09-28T20:45:13","date_gmt":"2025-09-28T20:45:13","guid":{"rendered":"https:\/\/www.europesays.com\/fr\/424543\/"},"modified":"2025-09-28T20:45:13","modified_gmt":"2025-09-28T20:45:13","slug":"a-bordeaux-une-centaine-de-personnes-ont-manifeste-pour-rappeler-les-inegalites-locales-qui-persistent-sur-livg","status":"publish","type":"post","link":"https:\/\/www.europesays.com\/fr\/424543\/","title":{"rendered":"A Bordeaux, une centaine de personnes ont manifest\u00e9 pour rappeler les in\u00e9galit\u00e9s locales qui persistent sur l&rsquo;IVG"},"content":{"rendered":"<p>Une centaine de personnes ont d\u00e9fil\u00e9 ce dimanche soir \u00e0 Bordeaux \u00e0 l&rsquo;appel du planning familial de la Gironde, pour la Journ\u00e9e mondiale du droit \u00e0 l&rsquo;avortement. L&rsquo;organisation rappelle que, malgr\u00e9 les avanc\u00e9es, certaines in\u00e9galit\u00e9s et complications d&rsquo;acc\u00e8s \u00e0 l&rsquo;IVG subsistent \u00e0 l&rsquo;\u00e9chelle locale.<\/p>\n<p>\u00ab\u00a0Mon corps, mon choix, mon droit\u00a0\u00bb, c&rsquo;est ce qu&rsquo;on peut lire ce dimanche en d\u00e9but de soir\u00e9e sur la banderole derri\u00e8re laquelle d\u00e9file le cort\u00e8ge entre la place des Quinconces et les quais bordelais, en r\u00e9ponse <strong>\u00e0 l&rsquo;appel du planning familial<\/strong>. Chaque 28 septembre, l&rsquo;organisation rappelle que, malgr\u00e9 des avanc\u00e9es historiques dont son entr\u00e9e dans la Constitution depuis mars 2024 en France, l&rsquo;IVG reste un droit fondamental fragile.<\/p>\n<p>Certaines in\u00e9galit\u00e9s et complications d&rsquo;acc\u00e8s \u00e0 l&rsquo;avortement <strong>subsistent encore \u00e0 l&rsquo;\u00e9chelle locale<\/strong>, \u00ab\u00a0y compris dans le plus grand d\u00e9partement de France qu&rsquo;est la Gironde\u00a0\u00bb, souligne Annie Carraretto, co-pr\u00e9sidente du planning familial, au m\u00e9gaphone. \u00ab\u00a0L&rsquo;offre n&rsquo;est pas la m\u00eame selon si on habite \u00e0 Bordeaux et sa m\u00e9tropole, ou au fin fond d&rsquo;une zone rurale. Notamment dans le M\u00e9doc, o\u00f9 il n&rsquo;y a pas de centre hospitalier public donc oui, on est r\u00e9guli\u00e8rement oblig\u00e9 d&rsquo;intervenir concernant des femmes en difficult\u00e9.\u00a0\u00bb<\/p>\n<p>\u00ab\u00a0On a d\u00e9j\u00e0 eu l&rsquo;occasion d&rsquo;accompagner des femmes en Espagne\u00a0\u00bb<\/p>\n<p>C&rsquo;est donc pour alerter sur ces in\u00e9galit\u00e9s d&rsquo;acc\u00e8s que les militants ont sorti les tambours, m\u00eame si \u00ab\u00a0on n&rsquo;est pas assez nombreux et nombreuses\u00a0\u00bb, se d\u00e9sole Nina, b\u00e9n\u00e9vole au planning familial, qui aurait voulu voir plus de monde rejoindre le cort\u00e8ge.<\/p>\n<p>Elle-m\u00eame accompagne r\u00e9guli\u00e8rement des femmes en difficult\u00e9 dans leur d\u00e9marche d&rsquo;IVG. \u00ab\u00a0Y en a beaucoup qui, compte tenu des <strong>difficult\u00e9s \u00e0 prendre des rendez-vous<\/strong> selon le territoire, s&rsquo;approchent dangereusement du d\u00e9lai ou le d\u00e9passent. On a d\u00e9j\u00e0 eu l&rsquo;occasion d&rsquo;accompagner des personnes en Espagne notamment, et \u00e7a reste fr\u00e9quent.\u00a0\u00bb<\/p>\n<p>\u00ab\u00a0Ce n&rsquo;est pas \u00e0 l&rsquo;\u00e9tranger qu&rsquo;il faut aller, c&rsquo;est ici\u00a0\u00bb<\/p>\n<p>Sakina, qui a eu recours \u00e0 l&rsquo;avortement il y a une trentaine d&rsquo;ann\u00e9es, a tenu elle-aussi a marcher pour continuer de sensibiliser. \u00ab\u00a0Ce n&rsquo;est pas \u00e0 l&rsquo;\u00e9tranger qu&rsquo;il faut aller, c&rsquo;est ici. C&rsquo;est bien parce que \u00e7a m&rsquo;est arriv\u00e9 qu&rsquo;aujourd&rsquo;hui, je n&rsquo;oublie pas que j&rsquo;ai pu avoir droit \u00e0 cette pratique parce que je n&rsquo;avais pas fait le choix, \u00e0 23 ans, d&rsquo;\u00eatre maman. Et \u00e7a, <strong>il faut absolument le pr\u00e9server<\/strong>.\u00a0\u00bb<\/p>\n<p>Le pr\u00e9server, voire \u00e9largir ses conditions demandent les manifestants. Compte tenu des in\u00e9galit\u00e9s qui subsistent, le planning familial appelle l&rsquo;Etat a <strong>permettre l\u2019avortement jusqu\u2019\u00e0 22 semaines<\/strong> de grossesse, contre 14 actuellement.<\/p>\n","protected":false},"excerpt":{"rendered":"Une centaine de personnes ont d\u00e9fil\u00e9 ce dimanche soir \u00e0 Bordeaux \u00e0 l&rsquo;appel du planning familial de la&hellip;\n","protected":false},"author":2,"featured_media":424544,"comment_status":"","ping_status":"","sticky":false,"template":"","format":"standard","meta":{"footnotes":""},"categories":[2817],"tags":[1111,11,1997,1777,674,1011,27,12,2219,25],"class_list":{"0":"post-424543","1":"post","2":"type-post","3":"status-publish","4":"format-standard","5":"has-post-thumbnail","7":"category-bordeaux","8":"tag-actu","9":"tag-actualites","10":"tag-bordeaux","11":"tag-eu","12":"tag-europe","13":"tag-fr","14":"tag-france","15":"tag-news","16":"tag-nouvelle-aquitaine","17":"tag-republique-francaise"},"share_on_mastodon":{"url":"https:\/\/pubeurope.com\/@fr\/115283881114253418","error":""},"_links":{"self":[{"href":"https:\/\/www.europesays.com\/fr\/wp-json\/wp\/v2\/posts\/424543","targetHints":{"allow":["GET"]}}],"collection":[{"href":"https:\/\/www.europesays.com\/fr\/wp-json\/wp\/v2\/posts"}],"about":[{"href":"https:\/\/www.europesays.com\/fr\/wp-json\/wp\/v2\/types\/post"}],"author":[{"embeddable":true,"href":"https:\/\/www.europesays.com\/fr\/wp-json\/wp\/v2\/users\/2"}],"replies":[{"embeddable":true,"href":"https:\/\/www.europesays.com\/fr\/wp-json\/wp\/v2\/comments?post=424543"}],"version-history":[{"count":0,"href":"https:\/\/www.europesays.com\/fr\/wp-json\/wp\/v2\/posts\/424543\/revisions"}],"wp:featuredmedia":[{"embeddable":true,"href":"https:\/\/www.europesays.com\/fr\/wp-json\/wp\/v2\/media\/424544"}],"wp:attachment":[{"href":"https:\/\/www.europesays.com\/fr\/wp-json\/wp\/v2\/media?parent=424543"}],"wp:term":[{"taxonomy":"category","embeddable":true,"href":"https:\/\/www.europesays.com\/fr\/wp-json\/wp\/v2\/categories?post=424543"},{"taxonomy":"post_tag","embeddable":true,"href":"https:\/\/www.europesays.com\/fr\/wp-json\/wp\/v2\/tags?post=424543"}],"curies":[{"name":"wp","href":"https:\/\/api.w.org\/{rel}","templated":true}]}}