{"id":424559,"date":"2025-09-28T20:57:13","date_gmt":"2025-09-28T20:57:13","guid":{"rendered":"https:\/\/www.europesays.com\/fr\/424559\/"},"modified":"2025-09-28T20:57:13","modified_gmt":"2025-09-28T20:57:13","slug":"france-elu-a-paris-michel-barnier-retrouve-lassemblee","status":"publish","type":"post","link":"https:\/\/www.europesays.com\/fr\/424559\/","title":{"rendered":"France: Elu \u00e0 Paris, Michel Barnier retrouve l&rsquo;Assembl\u00e9e"},"content":{"rendered":"<p class=\"a-paragraph a-paragraph--lead\" data-t-name=\"Paragraph\">Moins d&rsquo;un an apr\u00e8s y avoir \u00e9t\u00e9 renvers\u00e9, l&rsquo;ex-Premier ministre Michel Barnier (LR) va retrouver les bancs de l&rsquo;Assembl\u00e9e nationale gr\u00e2ce \u00e0 son \u00e9lection dimanche comme d\u00e9put\u00e9 lors de la l\u00e9gislative partielle dans la 2e circonscription de Paris.<\/p>\n<p>  <img decoding=\"async\" class=\"m-image-and-caption__image lazyload\" alt=\"Le Premier ministre \u00e0 ce jour le plus \u00e9ph\u00e9m\u00e8re de la Ve R\u00e9publique retrouve le Parlement, moins d'un an apr\u00e8s y avoir \u00e9t\u00e9 renvers\u00e9 sur les textes budg\u00e9taires (archives).\" src=\"https:\/\/www.europesays.com\/fr\/wp-content\/uploads\/2025\/09\/b28c7e4b-3633-4a3e-9778-fb6bdc3ef8de.jpeg\"  data-\/><\/p>\n<p>      Le Premier ministre \u00e0 ce jour le plus \u00e9ph\u00e9m\u00e8re de la Ve R\u00e9publique retrouve le Parlement, moins d&rsquo;un an apr\u00e8s y avoir \u00e9t\u00e9 renvers\u00e9 sur les textes budg\u00e9taires (archives).<\/p>\n<p>        KEYSTONE\n      <\/p>\n<p class=\"a-paragraph\" data-t-name=\"Paragraph\">Largement favori dans cette circonscription des beaux quartiers de la rive gauche r\u00e9put\u00e9e imperdable pour la droite, le Savoyard de 74 ans a annonc\u00e9 vers 21h45 sa victoire avec \u00abplus de 62% des suffrages exprim\u00e9s\u00bb face \u00e0 la socialiste Fr\u00e9d\u00e9rique Bredin.<\/p>\n<p class=\"a-paragraph\" data-t-name=\"Paragraph\">\u00ab\u00c0 la place o\u00f9 je me trouve d\u00e9sormais, loyal et libre dans ma famille politique, je resterai soucieux de renforcer le travail en commun avec toutes les formations politiques responsables. Le temps est compt\u00e9\u00bb, a solennellement d\u00e9clar\u00e9 le nouveau 50e d\u00e9put\u00e9 du groupe Droite r\u00e9publicaine, rassemblant les d\u00e9put\u00e9s LR et apparent\u00e9s. Aucun r\u00e9sultat officiel n&rsquo;avait \u00e9t\u00e9 communiqu\u00e9 dans l&rsquo;imm\u00e9diat par la pr\u00e9fecture de r\u00e9gion.<\/p>\n<p>Faible participation<\/p>\n<p class=\"a-paragraph\" data-t-name=\"Paragraph\">\u00abLa tr\u00e8s faible participation \u2013 moins d&rsquo;un quart des inscrits se sont d\u00e9plac\u00e9s \u2013 m&rsquo;attriste profond\u00e9ment. On assiste \u00e0 une vraie crise de la d\u00e9mocratie\u00bb, a r\u00e9agi son adversaire socialiste dans un communiqu\u00e9 \u00e0 l&rsquo;AFP.<\/p>\n<p class=\"a-paragraph\" data-t-name=\"Paragraph\">Sans surprise, le candidat des R\u00e9publicain \u00e9tait arriv\u00e9 en t\u00eate du premier tour avec 45% des voix face \u00e0 l&rsquo;ancienne ministre des Sports de Fran\u00e7ois Mitterrand, 68 ans, qui en avait recueilli 32%, sur fond de forte abstention.<\/p>\n<p class=\"a-paragraph\" data-t-name=\"Paragraph\">Pr\u00e8s de 74% des 75&rsquo;000 \u00e9lecteurs inscrits avaient boud\u00e9 au premier tour les bureaux de vote de cette circonscription qui longe la Seine, du Quartier latin \u00e0 la tour Eiffel, \u00e0 cheval sur les 5e, 6e et 7e arrondissements.<\/p>\n<p class=\"a-paragraph\" data-t-name=\"Paragraph\">Beaucoup n&rsquo;avaient m\u00eame pas re\u00e7u les professions de foi des 17 candidats en lice pour ce scrutin provoqu\u00e9 par l&rsquo;invalidation de l&rsquo;\u00e9lection du d\u00e9put\u00e9 macroniste Jean Laussucq pour irr\u00e9gularit\u00e9s dans ses comptes de campagne.<\/p>\n<p class=\"a-paragraph\" data-t-name=\"Paragraph\">Michel Barnier avait lu dans ce d\u00e9sint\u00e9r\u00eat l&rsquo;expression d'\u00a0\u00bbun m\u00e9contentement, une lassitude, \u00e0 l&rsquo;\u00e9gard de la situation politique nationale actuelle\u00bb, alors que le Premier ministre S\u00e9bastien Lecornu est toujours sans gouvernement.<\/p>\n<p class=\"a-paragraph\" data-t-name=\"Paragraph\">Celui qui avait fait de la Savoie son fief \u00e9lectoral pendant des ann\u00e9es \u2013 d\u00e9put\u00e9, s\u00e9nateur, pr\u00e9sident de l&rsquo;assembl\u00e9e d\u00e9partementale \u2013 a assur\u00e9 vivre depuis 12 ans \u00e0 Paris pour justifier sa candidature.<\/p>\n<p>Menaces de Dati<\/p>\n<p class=\"a-paragraph\" data-t-name=\"Paragraph\">Avec son \u00e9lection, l&rsquo;ex-n\u00e9gociateur du Brexit devient le seul d\u00e9put\u00e9 LR de la capitale, dont les 18 circonscriptions \u00e9taient partag\u00e9es depuis 2022 entre la gauche et les macronistes.<\/p>\n<p class=\"a-paragraph\" data-t-name=\"Paragraph\">Le Premier ministre \u00e0 ce jour le plus \u00e9ph\u00e9m\u00e8re de la Ve R\u00e9publique retrouve le Parlement, moins d&rsquo;un an apr\u00e8s y avoir \u00e9t\u00e9 renvers\u00e9 sur les textes budg\u00e9taires.<\/p>\n<p class=\"a-paragraph\" data-t-name=\"Paragraph\">\u00abMichel Barnier a \u00e9t\u00e9 d\u00e9barqu\u00e9 de Matignon et revient par le biais de cette \u00e9lection pour hanter les couloirs. On ne peut pas laisser faire\u00bb, avait expliqu\u00e9 Olivier Faure, le patron du PS, \u00e0 des habitants du 5e arrondissement lors d&rsquo;un tractage avec Fr\u00e9d\u00e9rique Bredin, qui elle aussi a connu le palais Bourbon quand elle \u00e9tait d\u00e9put\u00e9e de Seine-Maritime.<\/p>\n<p class=\"a-paragraph\" data-t-name=\"Paragraph\">Durant sa campagne, la candidate \u00e0 la d\u00e9putation avait re\u00e7u de nombreux soutiens dont ceux du d\u00e9put\u00e9 europ\u00e9en Rapha\u00ebl Glucksmann, de l&rsquo;ancien Premier ministre Lionel Jospin, de l&rsquo;\u00e9cologiste Yannick Jadot et de l&rsquo;ancien d\u00e9put\u00e9 macroniste de la circonscription entre 2017 et 2024, Gilles Le Gendre.<\/p>\n<p class=\"a-paragraph\" data-t-name=\"Paragraph\">La socialiste estime que son concurrent aurait d\u00fb gagner d\u00e8s le 1er tour dans cette circonscription ancr\u00e9e \u00e0 droite et \u00abtaill\u00e9e\u00bb selon elle pour Fran\u00e7ois Fillon aux l\u00e9gislatives de 2012. \u00abMais Michel Barnier symbolise l&rsquo;\u00e9chec gouvernemental et les gens en ont assez de cette crise politique permanente\u00bb, avait cingl\u00e9 la candidate. Arriv\u00e9e en t\u00eate dans le 5e dimanche dernier, Fr\u00e9d\u00e9rique Bredin a \u00e9t\u00e9 devanc\u00e9e au second tour dans cet arrondissement par son concurrent, selon ce dernier.<\/p>\n<p class=\"a-paragraph\" data-t-name=\"Paragraph\">En 2024, sa suppl\u00e9ante Marine Rosset avait cr\u00e9\u00e9 la surprise aux l\u00e9gislatives en arrivant en t\u00eate du premier tour sous la banni\u00e8re du Nouveau Front populaire.<\/p>\n<p class=\"a-paragraph\" data-t-name=\"Paragraph\">Michel Barnier pourrait avoir b\u00e9n\u00e9fici\u00e9 dimanche d&rsquo;un report partiel des voix obtenues par les candidats du RN Thierry Mariani, arriv\u00e9 en troisi\u00e8me position (7%), et Reconqu\u00eate Hilaire Bouy\u00e9 (6%) dimanche dernier.<\/p>\n<p class=\"a-paragraph\" data-t-name=\"Paragraph\">Au d\u00e9but de l&rsquo;\u00e9t\u00e9, le Savoyard avait d\u00fb affronter le courroux de la maire du 7e arrondissement Rachida Dati, qui avait menac\u00e9 de se pr\u00e9senter face \u00e0 Michel Barnier, le soup\u00e7onnant de nourrir des ambitions municipales, avant de jeter l&rsquo;\u00e9ponge in extremis, moyennant l&rsquo;investiture des LR pour l&rsquo;h\u00f4tel de ville.<\/p>\n","protected":false},"excerpt":{"rendered":"Moins d&rsquo;un an apr\u00e8s y avoir \u00e9t\u00e9 renvers\u00e9, l&rsquo;ex-Premier ministre Michel Barnier (LR) va retrouver les bancs de&hellip;\n","protected":false},"author":2,"featured_media":424560,"comment_status":"","ping_status":"","sticky":false,"template":"","format":"standard","meta":{"footnotes":""},"categories":[1888],"tags":[1111,1928,11,1927,1777,674,1011,27,12,1926,626,1925,25],"class_list":{"0":"post-424559","1":"post","2":"type-post","3":"status-publish","4":"format-standard","5":"has-post-thumbnail","7":"category-paris","8":"tag-actu","9":"tag-actu-paris","10":"tag-actualites","11":"tag-actualites-paris","12":"tag-eu","13":"tag-europe","14":"tag-fr","15":"tag-france","16":"tag-news","17":"tag-news-paris","18":"tag-paris","19":"tag-paris-news","20":"tag-republique-francaise"},"share_on_mastodon":{"url":"https:\/\/pubeurope.com\/@fr\/115283928906269689","error":""},"_links":{"self":[{"href":"https:\/\/www.europesays.com\/fr\/wp-json\/wp\/v2\/posts\/424559","targetHints":{"allow":["GET"]}}],"collection":[{"href":"https:\/\/www.europesays.com\/fr\/wp-json\/wp\/v2\/posts"}],"about":[{"href":"https:\/\/www.europesays.com\/fr\/wp-json\/wp\/v2\/types\/post"}],"author":[{"embeddable":true,"href":"https:\/\/www.europesays.com\/fr\/wp-json\/wp\/v2\/users\/2"}],"replies":[{"embeddable":true,"href":"https:\/\/www.europesays.com\/fr\/wp-json\/wp\/v2\/comments?post=424559"}],"version-history":[{"count":0,"href":"https:\/\/www.europesays.com\/fr\/wp-json\/wp\/v2\/posts\/424559\/revisions"}],"wp:featuredmedia":[{"embeddable":true,"href":"https:\/\/www.europesays.com\/fr\/wp-json\/wp\/v2\/media\/424560"}],"wp:attachment":[{"href":"https:\/\/www.europesays.com\/fr\/wp-json\/wp\/v2\/media?parent=424559"}],"wp:term":[{"taxonomy":"category","embeddable":true,"href":"https:\/\/www.europesays.com\/fr\/wp-json\/wp\/v2\/categories?post=424559"},{"taxonomy":"post_tag","embeddable":true,"href":"https:\/\/www.europesays.com\/fr\/wp-json\/wp\/v2\/tags?post=424559"}],"curies":[{"name":"wp","href":"https:\/\/api.w.org\/{rel}","templated":true}]}}